{"id":49556,"date":"2018-11-06T09:40:42","date_gmt":"2018-11-06T12:40:42","guid":{"rendered":"http:\/\/www.simepe.com.br\/novo\/?p=49556"},"modified":"2018-11-06T09:40:42","modified_gmt":"2018-11-06T12:40:42","slug":"medicos-investigam-se-doenca-misteriosa-tem-relacao-com-zika-ou-outra-virose","status":"publish","type":"post","link":"https:\/\/www.simepe.com.br\/novo\/medicos-investigam-se-doenca-misteriosa-tem-relacao-com-zika-ou-outra-virose\/","title":{"rendered":"M\u00e9dicos investigam se doen\u00e7a misteriosa tem rela\u00e7\u00e3o com zika ou outra virose"},"content":{"rendered":"<p style=\"text-align: justify;\">Entre os sintomas, est\u00e3o rash (manchas vermelhas na pele), pouca febre, coceira e mal-estar. Casos t\u00eam sido mais frequentes em crian\u00e7as<\/p>\n<p style=\"text-align: justify;\">No momento em que Pernambuco vivencia aumento dos registros de arboviroses, em compara\u00e7\u00e3o com o ano passado, surge uma nova preocupa\u00e7\u00e3o entre os m\u00e9dicos das emerg\u00eancias de hospitais p\u00fablicos e particulares: um rash (manchas vermelhas em um regi\u00e3o espec\u00edfica do corpo ou por toda a pele) que se manifesta em crian\u00e7as e ainda sem causa definida. \u201cH\u00e1 dezenas de relatos desse tipo no Recife. O rash vem associado a pouca febre, sem sintoma articular, como dor ou edema, desconforto e prurido (coceira). Os casos t\u00eam evolu\u00eddo bem e s\u00e3o autolimitados (melhoram espontaneamente ap\u00f3s alguns dias). Os sintomas s\u00e3o inespec\u00edficos e nos levam a pensar se os casos podem ser uma forma at\u00edpica de zika, o que pode ocorrer em um poss\u00edvel novo surto seguinte ao primeiro\u201d, diz o cl\u00ednico-geral Carlos Brito, integrante do Comit\u00ea T\u00e9cnico de Arboviroses do Minist\u00e9rio da Sa\u00fade.<\/p>\n<p style=\"text-align: justify;\">Para o m\u00e9dico, o fato desse tipo de rash ser evidente nas crian\u00e7as \u00e9 explicado, levando em considera\u00e7\u00e3o a hip\u00f3tese de ser um caso at\u00edpico de zika, por um fen\u00f4meno que ocorre no Brasil: as epidemias iniciais de arboviroses acometem mais os adultos do que a popula\u00e7\u00e3o infantil. Ou seja, num cen\u00e1rio de novo surto, as crian\u00e7as s\u00e3o as que est\u00e3o mais suscept\u00edveis porque n\u00e3o adoeceram anteriormente \u2013 ou seja, n\u00e3o t\u00eam imunidade. \u201cIsso aconteceu com dengue: primeiramente adoeceram com mais frequ\u00eancia os adultos e, em anos seguintes, o grupo pedi\u00e1trico, abaixo dos 12 anos. N\u00e3o tem uma explica\u00e7\u00e3o muito l\u00f3gica, mas \u00e9 o que tem ocorrido quando analisamos epidemiologicamente o hist\u00f3rico das epidemias de dengue\u201d, acrescenta Brito.<\/p>\n<p style=\"text-align: justify;\">A Secretaria Estadual de Sa\u00fade (SES) informou, pela assessoria de comunica\u00e7\u00e3o, que tem sido informada dos casos de rash nas crian\u00e7as atrav\u00e9s de relatos informais dos m\u00e9dicos. O \u00f3rg\u00e3o complementa que est\u00e1 previsto o agendamento de reuni\u00f5es com profissionais de sa\u00fade para uma melhor compreens\u00e3o do fen\u00f4meno e monitoramento dos casos.<\/p>\n<p style=\"text-align: justify;\">A infectopediatra Regina Coeli Ramos, do Hospital Universit\u00e1rio Oswaldo Cruz (Huoc), informa que tamb\u00e9m tem acompanhado pacientes. \u201cS\u00e3o situa\u00e7\u00f5es que se assemelham a um quadro viral inespec\u00edfico, pois aparecem com febr\u00edcula e mal-estar. Tudo leva a crer que se trata de uma doen\u00e7a benigna e que n\u00e3o deixa sequela. Estamos investigando, pois n\u00e3o temos ainda como dizer se \u00e9 uma nova explos\u00e3o de arboviroses ou outro algum outro caso\u201d, destaca Regina Coeli, que descarta a possibilidade de escarlatina, uma infec\u00e7\u00e3o bacteriana causada por estreptococos do grupo A e que afeta principalmente crian\u00e7as em idade escolar. \u201cO rash da escarlatina \u00e9 diferente, bem \u00e1spero.\u201d<\/p>\n<p style=\"text-align: justify;\"><strong>Investiga\u00e7\u00e3o<\/strong><br \/>\nO Centro de Informa\u00e7\u00f5es Estrat\u00e9gicas em Vigil\u00e2ncia em Sa\u00fade (Cievs) do Recife tem recebido relatos sobre a ocorr\u00eancia dos casos entre as crian\u00e7as, segundo o secret\u00e1rio municipal de Sa\u00fade, Jailson Correia. \u201cEstamos sendo informados (informalmente). Mas, por enquanto, n\u00e3o percebemos uma mudan\u00e7a real no perfil de notifica\u00e7\u00f5es.\u201d Na cidade, considerando o total de notifica\u00e7\u00f5es (2.617 casos) de arboviroses este ano, quatro das \u00faltimas oito semanas epidemiol\u00f3gicas encontram-se acima do limite m\u00e1ximo esperado de casos. \u201c\u00c9 cedo para afirmar o reaparecimento de novo surto, mas estamos atentos a esse aumento\u201d, frisa Jailson.<\/p>\n<p style=\"text-align: justify;\">Em Pernambuco, segundo boletim epidemiol\u00f3gico, a maior incid\u00eancia de dengue, chicungunha e zika encontra-se na faixa et\u00e1ria de 0 a 9 anos, em compara\u00e7\u00e3o com os grupos de adolescentes, adultos e idosos. \u201cS\u00e3o crian\u00e7as que nasceram ap\u00f3s as epidemias anteriores e, por isso, ainda n\u00e3o adoeceram e est\u00e3o suscept\u00edveis a arboviroses\u201d, salienta a gerente do Programa de Vigil\u00e2ncia das Arboviroses da SES, Claudenice Pontes.<\/p>\n<p style=\"text-align: justify;\">\n<p style=\"text-align: justify;\">Fonte: Jornal do Commercio<\/p>\n","protected":false},"excerpt":{"rendered":"<p>Entre os sintomas, est\u00e3o rash (manchas vermelhas na pele), pouca febre, coceira e mal-estar. Casos t\u00eam sido mais frequentes em crian\u00e7as No momento em que Pernambuco vivencia aumento dos registros de arboviroses, em compara\u00e7\u00e3o com o ano passado, surge uma nova preocupa\u00e7\u00e3o entre os m\u00e9dicos das emerg\u00eancias de hospitais p\u00fablicos e particulares: um rash (manchas [&hellip;]<\/p>\n","protected":false},"author":1,"featured_media":49557,"comment_status":"open","ping_status":"open","sticky":false,"template":"","format":"standard","meta":{"ocean_post_layout":"","ocean_both_sidebars_style":"","ocean_both_sidebars_content_width":0,"ocean_both_sidebars_sidebars_width":0,"ocean_sidebar":"","ocean_second_sidebar":"","ocean_disable_margins":"enable","ocean_add_body_class":"","ocean_shortcode_before_top_bar":"","ocean_shortcode_after_top_bar":"","ocean_shortcode_before_header":"","ocean_shortcode_after_header":"","ocean_has_shortcode":"","ocean_shortcode_after_title":"","ocean_shortcode_before_footer_widgets":"","ocean_shortcode_after_footer_widgets":"","ocean_shortcode_before_footer_bottom":"","ocean_shortcode_after_footer_bottom":"","ocean_display_top_bar":"default","ocean_display_header":"default","ocean_header_style":"","ocean_center_header_left_menu":"","ocean_custom_header_template":"","ocean_custom_logo":0,"ocean_custom_retina_logo":0,"ocean_custom_logo_max_width":0,"ocean_custom_logo_tablet_max_width":0,"ocean_custom_logo_mobile_max_width":0,"ocean_custom_logo_max_height":0,"ocean_custom_logo_tablet_max_height":0,"ocean_custom_logo_mobile_max_height":0,"ocean_header_custom_menu":"","ocean_menu_typo_font_family":"","ocean_menu_typo_font_subset":"","ocean_menu_typo_font_size":0,"ocean_menu_typo_font_size_tablet":0,"ocean_menu_typo_font_size_mobile":0,"ocean_menu_typo_font_size_unit":"px","ocean_menu_typo_font_weight":"","ocean_menu_typo_font_weight_tablet":"","ocean_menu_typo_font_weight_mobile":"","ocean_menu_typo_transform":"","ocean_menu_typo_transform_tablet":"","ocean_menu_typo_transform_mobile":"","ocean_menu_typo_line_height":0,"ocean_menu_typo_line_height_tablet":0,"ocean_menu_typo_line_height_mobile":0,"ocean_menu_typo_line_height_unit":"","ocean_menu_typo_spacing":0,"ocean_menu_typo_spacing_tablet":0,"ocean_menu_typo_spacing_mobile":0,"ocean_menu_typo_spacing_unit":"","ocean_menu_link_color":"","ocean_menu_link_color_hover":"","ocean_menu_link_color_active":"","ocean_menu_link_background":"","ocean_menu_link_hover_background":"","ocean_menu_link_active_background":"","ocean_menu_social_links_bg":"","ocean_menu_social_hover_links_bg":"","ocean_menu_social_links_color":"","ocean_menu_social_hover_links_color":"","ocean_disable_title":"default","ocean_disable_heading":"default","ocean_post_title":"","ocean_post_subheading":"","ocean_post_title_style":"","ocean_post_title_background_color":"","ocean_post_title_background":0,"ocean_post_title_bg_image_position":"","ocean_post_title_bg_image_attachment":"","ocean_post_title_bg_image_repeat":"","ocean_post_title_bg_image_size":"","ocean_post_title_height":0,"ocean_post_title_bg_overlay":0.5,"ocean_post_title_bg_overlay_color":"","ocean_disable_breadcrumbs":"default","ocean_breadcrumbs_color":"","ocean_breadcrumbs_separator_color":"","ocean_breadcrumbs_links_color":"","ocean_breadcrumbs_links_hover_color":"","ocean_display_footer_widgets":"default","ocean_display_footer_bottom":"default","ocean_custom_footer_template":"","ocean_post_oembed":"","ocean_post_self_hosted_media":"","ocean_post_video_embed":"","ocean_link_format":"","ocean_link_format_target":"self","ocean_quote_format":"","ocean_quote_format_link":"post","ocean_gallery_link_images":"on","ocean_gallery_id":[]},"categories":[1],"tags":[],"acf":[],"_links":{"self":[{"href":"https:\/\/www.simepe.com.br\/novo\/wp-json\/wp\/v2\/posts\/49556"}],"collection":[{"href":"https:\/\/www.simepe.com.br\/novo\/wp-json\/wp\/v2\/posts"}],"about":[{"href":"https:\/\/www.simepe.com.br\/novo\/wp-json\/wp\/v2\/types\/post"}],"author":[{"embeddable":true,"href":"https:\/\/www.simepe.com.br\/novo\/wp-json\/wp\/v2\/users\/1"}],"replies":[{"embeddable":true,"href":"https:\/\/www.simepe.com.br\/novo\/wp-json\/wp\/v2\/comments?post=49556"}],"version-history":[{"count":1,"href":"https:\/\/www.simepe.com.br\/novo\/wp-json\/wp\/v2\/posts\/49556\/revisions"}],"predecessor-version":[{"id":49558,"href":"https:\/\/www.simepe.com.br\/novo\/wp-json\/wp\/v2\/posts\/49556\/revisions\/49558"}],"wp:featuredmedia":[{"embeddable":true,"href":"https:\/\/www.simepe.com.br\/novo\/wp-json\/wp\/v2\/media\/49557"}],"wp:attachment":[{"href":"https:\/\/www.simepe.com.br\/novo\/wp-json\/wp\/v2\/media?parent=49556"}],"wp:term":[{"taxonomy":"category","embeddable":true,"href":"https:\/\/www.simepe.com.br\/novo\/wp-json\/wp\/v2\/categories?post=49556"},{"taxonomy":"post_tag","embeddable":true,"href":"https:\/\/www.simepe.com.br\/novo\/wp-json\/wp\/v2\/tags?post=49556"}],"curies":[{"name":"wp","href":"https:\/\/api.w.org\/{rel}","templated":true}]}}