{"id":49573,"date":"2018-11-07T13:56:34","date_gmt":"2018-11-07T16:56:34","guid":{"rendered":"http:\/\/www.simepe.com.br\/novo\/?p=49573"},"modified":"2018-11-21T22:01:40","modified_gmt":"2018-11-22T01:01:40","slug":"greve-dos-medicos-do-recife-segue-firme-na-luta-por-uma-saude-melhor","status":"publish","type":"post","link":"https:\/\/www.simepe.com.br\/novo\/greve-dos-medicos-do-recife-segue-firme-na-luta-por-uma-saude-melhor\/","title":{"rendered":"M\u00e9dicos do Recife seguem firmes na luta por uma sa\u00fade melhor"},"content":{"rendered":"<p style=\"text-align: justify;\">Em greve h\u00e1 mais de 40 dias, os M\u00e9dicos da Rede Municipal de Sa\u00fade do Recife, junto com representantes do Sindicato dos M\u00e9dicos de Pernambuco (Simepe), deliberaram pela continuidade da greve por tempo indeterminado. A Assembleia Geral Extraordin\u00e1ria (AGE) aconteceu na manh\u00e3 desta quarta-feira (07\/11), na Associa\u00e7\u00e3o M\u00e9dica de Pernambuco\u00a0 (AMPE).<\/p>\n<p style=\"text-align: justify;\"><a href=\"http:\/\/www.simepe.com.br\/novo\/wp-content\/uploads\/2018\/11\/45720680_351122858790962_6871232419811295232_n.jpg\" rel=\"attachment wp-att-49575\"><img fetchpriority=\"high\" class=\"aligncenter size-full wp-image-49575\" src=\"http:\/\/www.simepe.com.br\/novo\/wp-content\/uploads\/2018\/11\/45720680_351122858790962_6871232419811295232_n.jpg\" alt=\"45720680_351122858790962_6871232419811295232_n\" width=\"960\" height=\"720\" srcset=\"https:\/\/www.simepe.com.br\/novo\/wp-content\/uploads\/2018\/11\/45720680_351122858790962_6871232419811295232_n.jpg 960w, https:\/\/www.simepe.com.br\/novo\/wp-content\/uploads\/2018\/11\/45720680_351122858790962_6871232419811295232_n-300x225.jpg 300w, https:\/\/www.simepe.com.br\/novo\/wp-content\/uploads\/2018\/11\/45720680_351122858790962_6871232419811295232_n-768x576.jpg 768w\" sizes=\"(max-width: 960px) 100vw, 960px\" \/><\/a><\/p>\n<p style=\"text-align: justify;\">A AGE foi comandada pelo presidente do Simepe, Tadeu Calheiros; a vice-presidente, Claudia Beatriz; e as diretoras executivas Lissandra Moura e Malu David. Al\u00e9m dos M\u00e9dicos, v\u00e1rios pacientes do Sistema \u00danico de Sa\u00fade (SUS) que frequentam as unidades da PCR participaram e deram depoimentos sobre suas experi\u00eancias na sa\u00fade municipal.<\/p>\n<p style=\"text-align: justify;\">A categoria reivindica por melhorias na seguran\u00e7a das unidades de sa\u00fade; abastecimento de medicamentos e insumos; requalifica\u00e7\u00e3o das unidades; e reajuste salarial, com equipara\u00e7\u00e3o salarial com o Estado, e das escalas m\u00e9dicas. \u00c9 importante ressaltar que a Prefeitura descumpriu o Termo de Compromisso firmado em janeiro deste ano com o Simepe.<\/p>\n<p style=\"text-align: justify;\">Uma nova AGE ser\u00e1 realizada na pr\u00f3xima quarta-feira (14\/11), \u00e0s 9h, no audit\u00f3rio do Simepe.<\/p>\n<p style=\"text-align: justify;\">\n","protected":false},"excerpt":{"rendered":"<p>Em greve h\u00e1 mais de 40 dias, os M\u00e9dicos da Rede Municipal de Sa\u00fade do Recife, junto com representantes do Sindicato dos M\u00e9dicos de Pernambuco (Simepe), deliberaram pela continuidade da greve por tempo indeterminado. A Assembleia Geral Extraordin\u00e1ria (AGE) aconteceu na manh\u00e3 desta quarta-feira (07\/11), na Associa\u00e7\u00e3o M\u00e9dica de Pernambuco\u00a0 (AMPE). A AGE foi comandada [&hellip;]<\/p>\n","protected":false},"author":1,"featured_media":49574,"comment_status":"open","ping_status":"open","sticky":false,"template":"","format":"standard","meta":{"ocean_post_layout":"","ocean_both_sidebars_style":"","ocean_both_sidebars_content_width":0,"ocean_both_sidebars_sidebars_width":0,"ocean_sidebar":"","ocean_second_sidebar":"","ocean_disable_margins":"enable","ocean_add_body_class":"","ocean_shortcode_before_top_bar":"","ocean_shortcode_after_top_bar":"","ocean_shortcode_before_header":"","ocean_shortcode_after_header":"","ocean_has_shortcode":"","ocean_shortcode_after_title":"","ocean_shortcode_before_footer_widgets":"","ocean_shortcode_after_footer_widgets":"","ocean_shortcode_before_footer_bottom":"","ocean_shortcode_after_footer_bottom":"","ocean_display_top_bar":"default","ocean_display_header":"default","ocean_header_style":"","ocean_center_header_left_menu":"","ocean_custom_header_template":"","ocean_custom_logo":0,"ocean_custom_retina_logo":0,"ocean_custom_logo_max_width":0,"ocean_custom_logo_tablet_max_width":0,"ocean_custom_logo_mobile_max_width":0,"ocean_custom_logo_max_height":0,"ocean_custom_logo_tablet_max_height":0,"ocean_custom_logo_mobile_max_height":0,"ocean_header_custom_menu":"","ocean_menu_typo_font_family":"","ocean_menu_typo_font_subset":"","ocean_menu_typo_font_size":0,"ocean_menu_typo_font_size_tablet":0,"ocean_menu_typo_font_size_mobile":0,"ocean_menu_typo_font_size_unit":"px","ocean_menu_typo_font_weight":"","ocean_menu_typo_font_weight_tablet":"","ocean_menu_typo_font_weight_mobile":"","ocean_menu_typo_transform":"","ocean_menu_typo_transform_tablet":"","ocean_menu_typo_transform_mobile":"","ocean_menu_typo_line_height":0,"ocean_menu_typo_line_height_tablet":0,"ocean_menu_typo_line_height_mobile":0,"ocean_menu_typo_line_height_unit":"","ocean_menu_typo_spacing":0,"ocean_menu_typo_spacing_tablet":0,"ocean_menu_typo_spacing_mobile":0,"ocean_menu_typo_spacing_unit":"","ocean_menu_link_color":"","ocean_menu_link_color_hover":"","ocean_menu_link_color_active":"","ocean_menu_link_background":"","ocean_menu_link_hover_background":"","ocean_menu_link_active_background":"","ocean_menu_social_links_bg":"","ocean_menu_social_hover_links_bg":"","ocean_menu_social_links_color":"","ocean_menu_social_hover_links_color":"","ocean_disable_title":"default","ocean_disable_heading":"default","ocean_post_title":"","ocean_post_subheading":"","ocean_post_title_style":"","ocean_post_title_background_color":"","ocean_post_title_background":0,"ocean_post_title_bg_image_position":"","ocean_post_title_bg_image_attachment":"","ocean_post_title_bg_image_repeat":"","ocean_post_title_bg_image_size":"","ocean_post_title_height":0,"ocean_post_title_bg_overlay":0.5,"ocean_post_title_bg_overlay_color":"","ocean_disable_breadcrumbs":"default","ocean_breadcrumbs_color":"","ocean_breadcrumbs_separator_color":"","ocean_breadcrumbs_links_color":"","ocean_breadcrumbs_links_hover_color":"","ocean_display_footer_widgets":"default","ocean_display_footer_bottom":"default","ocean_custom_footer_template":"","ocean_post_oembed":"","ocean_post_self_hosted_media":"","ocean_post_video_embed":"","ocean_link_format":"","ocean_link_format_target":"self","ocean_quote_format":"","ocean_quote_format_link":"post","ocean_gallery_link_images":"on","ocean_gallery_id":[]},"categories":[1],"tags":[70,580,62,4],"acf":[],"_links":{"self":[{"href":"https:\/\/www.simepe.com.br\/novo\/wp-json\/wp\/v2\/posts\/49573"}],"collection":[{"href":"https:\/\/www.simepe.com.br\/novo\/wp-json\/wp\/v2\/posts"}],"about":[{"href":"https:\/\/www.simepe.com.br\/novo\/wp-json\/wp\/v2\/types\/post"}],"author":[{"embeddable":true,"href":"https:\/\/www.simepe.com.br\/novo\/wp-json\/wp\/v2\/users\/1"}],"replies":[{"embeddable":true,"href":"https:\/\/www.simepe.com.br\/novo\/wp-json\/wp\/v2\/comments?post=49573"}],"version-history":[{"count":3,"href":"https:\/\/www.simepe.com.br\/novo\/wp-json\/wp\/v2\/posts\/49573\/revisions"}],"predecessor-version":[{"id":49608,"href":"https:\/\/www.simepe.com.br\/novo\/wp-json\/wp\/v2\/posts\/49573\/revisions\/49608"}],"wp:featuredmedia":[{"embeddable":true,"href":"https:\/\/www.simepe.com.br\/novo\/wp-json\/wp\/v2\/media\/49574"}],"wp:attachment":[{"href":"https:\/\/www.simepe.com.br\/novo\/wp-json\/wp\/v2\/media?parent=49573"}],"wp:term":[{"taxonomy":"category","embeddable":true,"href":"https:\/\/www.simepe.com.br\/novo\/wp-json\/wp\/v2\/categories?post=49573"},{"taxonomy":"post_tag","embeddable":true,"href":"https:\/\/www.simepe.com.br\/novo\/wp-json\/wp\/v2\/tags?post=49573"}],"curies":[{"name":"wp","href":"https:\/\/api.w.org\/{rel}","templated":true}]}}