{"id":49579,"date":"2018-11-08T09:21:37","date_gmt":"2018-11-08T12:21:37","guid":{"rendered":"http:\/\/www.simepe.com.br\/novo\/?p=49579"},"modified":"2018-11-08T09:21:37","modified_gmt":"2018-11-08T12:21:37","slug":"recife-medicos-decidem-manter-greve-na-rede-municipal","status":"publish","type":"post","link":"https:\/\/www.simepe.com.br\/novo\/recife-medicos-decidem-manter-greve-na-rede-municipal\/","title":{"rendered":"Recife: M\u00e9dicos decidem manter greve na rede municipal"},"content":{"rendered":"<p style=\"text-align: justify;\">Em assembleia, a categoria decidiu tentar negocia\u00e7\u00e3o direta com o prefeito Geraldo Julio<\/p>\n<p style=\"text-align: justify;\">A greve dos m\u00e9dicos da rede municipal vai continuar por tempo indeterminado. Essa decis\u00e3o foi tomada ap\u00f3s uma assembleia da categoria. Os profissionais est\u00e3o h\u00e1 cerca de 50 dias parados e, por conta da greve, os atendimentos nos postos do programa Sa\u00fade da Fam\u00edlia, consultas eletivas e servi\u00e7os ambulatoriais est\u00e3o suspensos. S\u00f3 os atendimentos de urg\u00eancia e emerg\u00eancia seguem mantidos nas maternidades e policl\u00ednicas. A categoria vai requisitar uma reuni\u00e3o com o prefeito do Recife, Geraldo Julio, para discutir sua pauta de reivindica\u00e7\u00f5es na manh\u00e3 desta quinta-feira (8).<\/p>\n<p style=\"text-align: justify;\">De acordo com o presidente do Sindicato dos M\u00e9dicos de Pernambuco (Simepe), Tadeu Calheiros, os profissionais reivindicam melhorias na seguran\u00e7a das unidades de sa\u00fade e abastecimento de materiais necess\u00e1rios para o exerc\u00edcio da profiss\u00e3o. Investimentos na \u00e1rea de sa\u00fade mental, exames complementares, em equipamentos e medicamentos tamb\u00e9m s\u00e3o solicita\u00e7\u00f5es da categoria. Al\u00e9m disso, os profissionais tamb\u00e9m exigem reajuste salarial em cumprimento \u00e0 Lei de Incorpora\u00e7\u00e3o da Gratifica\u00e7\u00e3o de Plant\u00e3o e a equipara\u00e7\u00e3o salarial com o Estado.<\/p>\n<p style=\"text-align: justify;\">&#8220;Iremos requerer uma reuni\u00e3o com o prefeito do Recife, Geraldo Julio, para discutir as nossas reivindica\u00e7\u00f5es. Diversas unidades de sa\u00fade n\u00e3o t\u00eam condi\u00e7\u00f5es de receber a popula\u00e7\u00e3o e o n\u00famero de m\u00e9dicos da rede do Recife est\u00e1 muito defasado. Muitos equipamentos est\u00e3o quebrados ou faltando, como tamb\u00e9m os medicamentos&#8221;, afirmou o presidente.<\/p>\n<p style=\"text-align: justify;\">Por nota, a Prefeitura do Recife afirmou que se mant\u00e9m aberta ao di\u00e1logo com os m\u00e9dicos da rede municipal de sa\u00fade e disse que, neste ano, foram realizados oito encontros de trabalho com os representantes da categoria, al\u00e9m de um com os profissionais em greve. Em rela\u00e7\u00e3o \u00e0s den\u00fancias de inseguran\u00e7a e aumento do n\u00famero de assaltos \u00e0s unidades de sa\u00fade, a Prefeitura informou que vem implantando uma estrat\u00e9gia de melhorias da seguran\u00e7a nas unidades. Atualmente, a rede de sa\u00fade conta com 233 guardas municipais, vigilantes e c\u00e2meras de monitoramento, al\u00e9m da Ronda da Sa\u00fade, implantada recentemente, que conta com quatro viaturas e 36 guardas que se revezam no monitoramento 24 horas das unidades.<\/p>\n<p style=\"text-align: justify;\">\n<p style=\"text-align: justify;\">Fonte: Folha de Pernambuco<\/p>\n","protected":false},"excerpt":{"rendered":"<p>Em assembleia, a categoria decidiu tentar negocia\u00e7\u00e3o direta com o prefeito Geraldo Julio A greve dos m\u00e9dicos da rede municipal vai continuar por tempo indeterminado. Essa decis\u00e3o foi tomada ap\u00f3s uma assembleia da categoria. Os profissionais est\u00e3o h\u00e1 cerca de 50 dias parados e, por conta da greve, os atendimentos nos postos do programa Sa\u00fade [&hellip;]<\/p>\n","protected":false},"author":1,"featured_media":0,"comment_status":"open","ping_status":"open","sticky":false,"template":"","format":"standard","meta":{"ocean_post_layout":"","ocean_both_sidebars_style":"","ocean_both_sidebars_content_width":0,"ocean_both_sidebars_sidebars_width":0,"ocean_sidebar":"","ocean_second_sidebar":"","ocean_disable_margins":"enable","ocean_add_body_class":"","ocean_shortcode_before_top_bar":"","ocean_shortcode_after_top_bar":"","ocean_shortcode_before_header":"","ocean_shortcode_after_header":"","ocean_has_shortcode":"","ocean_shortcode_after_title":"","ocean_shortcode_before_footer_widgets":"","ocean_shortcode_after_footer_widgets":"","ocean_shortcode_before_footer_bottom":"","ocean_shortcode_after_footer_bottom":"","ocean_display_top_bar":"default","ocean_display_header":"default","ocean_header_style":"","ocean_center_header_left_menu":"","ocean_custom_header_template":"","ocean_custom_logo":0,"ocean_custom_retina_logo":0,"ocean_custom_logo_max_width":0,"ocean_custom_logo_tablet_max_width":0,"ocean_custom_logo_mobile_max_width":0,"ocean_custom_logo_max_height":0,"ocean_custom_logo_tablet_max_height":0,"ocean_custom_logo_mobile_max_height":0,"ocean_header_custom_menu":"","ocean_menu_typo_font_family":"","ocean_menu_typo_font_subset":"","ocean_menu_typo_font_size":0,"ocean_menu_typo_font_size_tablet":0,"ocean_menu_typo_font_size_mobile":0,"ocean_menu_typo_font_size_unit":"px","ocean_menu_typo_font_weight":"","ocean_menu_typo_font_weight_tablet":"","ocean_menu_typo_font_weight_mobile":"","ocean_menu_typo_transform":"","ocean_menu_typo_transform_tablet":"","ocean_menu_typo_transform_mobile":"","ocean_menu_typo_line_height":0,"ocean_menu_typo_line_height_tablet":0,"ocean_menu_typo_line_height_mobile":0,"ocean_menu_typo_line_height_unit":"","ocean_menu_typo_spacing":0,"ocean_menu_typo_spacing_tablet":0,"ocean_menu_typo_spacing_mobile":0,"ocean_menu_typo_spacing_unit":"","ocean_menu_link_color":"","ocean_menu_link_color_hover":"","ocean_menu_link_color_active":"","ocean_menu_link_background":"","ocean_menu_link_hover_background":"","ocean_menu_link_active_background":"","ocean_menu_social_links_bg":"","ocean_menu_social_hover_links_bg":"","ocean_menu_social_links_color":"","ocean_menu_social_hover_links_color":"","ocean_disable_title":"default","ocean_disable_heading":"default","ocean_post_title":"","ocean_post_subheading":"","ocean_post_title_style":"","ocean_post_title_background_color":"","ocean_post_title_background":0,"ocean_post_title_bg_image_position":"","ocean_post_title_bg_image_attachment":"","ocean_post_title_bg_image_repeat":"","ocean_post_title_bg_image_size":"","ocean_post_title_height":0,"ocean_post_title_bg_overlay":0.5,"ocean_post_title_bg_overlay_color":"","ocean_disable_breadcrumbs":"default","ocean_breadcrumbs_color":"","ocean_breadcrumbs_separator_color":"","ocean_breadcrumbs_links_color":"","ocean_breadcrumbs_links_hover_color":"","ocean_display_footer_widgets":"default","ocean_display_footer_bottom":"default","ocean_custom_footer_template":"","ocean_post_oembed":"","ocean_post_self_hosted_media":"","ocean_post_video_embed":"","ocean_link_format":"","ocean_link_format_target":"self","ocean_quote_format":"","ocean_quote_format_link":"post","ocean_gallery_link_images":"on","ocean_gallery_id":[]},"categories":[9],"tags":[580,75,748,62,82,4],"acf":[],"_links":{"self":[{"href":"https:\/\/www.simepe.com.br\/novo\/wp-json\/wp\/v2\/posts\/49579"}],"collection":[{"href":"https:\/\/www.simepe.com.br\/novo\/wp-json\/wp\/v2\/posts"}],"about":[{"href":"https:\/\/www.simepe.com.br\/novo\/wp-json\/wp\/v2\/types\/post"}],"author":[{"embeddable":true,"href":"https:\/\/www.simepe.com.br\/novo\/wp-json\/wp\/v2\/users\/1"}],"replies":[{"embeddable":true,"href":"https:\/\/www.simepe.com.br\/novo\/wp-json\/wp\/v2\/comments?post=49579"}],"version-history":[{"count":1,"href":"https:\/\/www.simepe.com.br\/novo\/wp-json\/wp\/v2\/posts\/49579\/revisions"}],"predecessor-version":[{"id":49580,"href":"https:\/\/www.simepe.com.br\/novo\/wp-json\/wp\/v2\/posts\/49579\/revisions\/49580"}],"wp:attachment":[{"href":"https:\/\/www.simepe.com.br\/novo\/wp-json\/wp\/v2\/media?parent=49579"}],"wp:term":[{"taxonomy":"category","embeddable":true,"href":"https:\/\/www.simepe.com.br\/novo\/wp-json\/wp\/v2\/categories?post=49579"},{"taxonomy":"post_tag","embeddable":true,"href":"https:\/\/www.simepe.com.br\/novo\/wp-json\/wp\/v2\/tags?post=49579"}],"curies":[{"name":"wp","href":"https:\/\/api.w.org\/{rel}","templated":true}]}}