{"id":49583,"date":"2018-11-08T09:33:14","date_gmt":"2018-11-08T12:33:14","guid":{"rendered":"http:\/\/www.simepe.com.br\/novo\/?p=49583"},"modified":"2018-11-08T09:33:14","modified_gmt":"2018-11-08T12:33:14","slug":"ha-47-dias-em-greve-medicos-do-recife-realizam-assembleia","status":"publish","type":"post","link":"https:\/\/www.simepe.com.br\/novo\/ha-47-dias-em-greve-medicos-do-recife-realizam-assembleia\/","title":{"rendered":"H\u00e1 47 dias em greve, m\u00e9dicos do Recife realizam assembleia"},"content":{"rendered":"<p style=\"text-align: justify;\">Por conta da greve, atendimentos nos postos do programa Estrat\u00e9gia Sa\u00fade da Fam\u00edlia, consultas eletivas e servi\u00e7os ambulat\u00f3rios est\u00e3o suspensos<\/p>\n<p style=\"text-align: justify;\">Em greve h\u00e1 47 dias, os m\u00e9dicos do Recife realizam na manh\u00e3 desta quarta-feira (7) mais uma Assembleia Geral Extraordin\u00e1ria, no audit\u00f3rio da Associa\u00e7\u00e3o M\u00e9dica de Pernambuco (AMPE). Por conta desse movimento grevista, atendimentos nos postos do programa Estrat\u00e9gia Sa\u00fade da Fam\u00edlia, consultas eletivas e servi\u00e7os ambulat\u00f3rios est\u00e3o suspensos; s\u00f3 os atendimentos de urg\u00eancia e emerg\u00eancia seguem mantidos nas maternidades e policl\u00ednicas.<\/p>\n<p style=\"text-align: justify;\">Segundo afirmado pelo Sindicato dos M\u00e9dicos de Pernambuco (Simepe), os profissionais reivindicam melhorias na seguran\u00e7a das unidades de sa\u00fade e abastecimento de materiais necess\u00e1rios para o exerc\u00edcio da profiss\u00e3o.<\/p>\n<p style=\"text-align: justify;\">Investimentos na \u00e1rea de sa\u00fade mental, exames complementares, em equipamentos e medicamentos tamb\u00e9m s\u00e3o solicita\u00e7\u00f5es da categoria. Al\u00e9m disso, os profissionais tamb\u00e9m exigem reajuste salarial em cumprimento da Lei de Incorpora\u00e7\u00e3o da Gratifica\u00e7\u00e3o de Plant\u00e3o e a equipara\u00e7\u00e3o salarial com o Estado.<\/p>\n<p style=\"text-align: justify;\">Ainda conforme informado pelo Simepe, as negocia\u00e7\u00f5es com a Prefeitura do Recife, atrav\u00e9s da Secretaria de Sa\u00fade, prosseguem, mas sem avan\u00e7os. Nesta \u00faltima segunda-feira (5), representantes do sindicato e grupo de m\u00e9dicos da PCR realizaram ato solid\u00e1rio na Policl\u00ednica Amaury Coutinho, no bairro da Campina do Barreto, Zona Norte da Capital Pernambucana.<\/p>\n<p style=\"text-align: justify;\">\n<p style=\"text-align: justify;\">Fonte: Leia J\u00e1<\/p>\n","protected":false},"excerpt":{"rendered":"<p>Por conta da greve, atendimentos nos postos do programa Estrat\u00e9gia Sa\u00fade da Fam\u00edlia, consultas eletivas e servi\u00e7os ambulat\u00f3rios est\u00e3o suspensos Em greve h\u00e1 47 dias, os m\u00e9dicos do Recife realizam na manh\u00e3 desta quarta-feira (7) mais uma Assembleia Geral Extraordin\u00e1ria, no audit\u00f3rio da Associa\u00e7\u00e3o M\u00e9dica de Pernambuco (AMPE). Por conta desse movimento grevista, atendimentos nos [&hellip;]<\/p>\n","protected":false},"author":1,"featured_media":0,"comment_status":"open","ping_status":"open","sticky":false,"template":"","format":"standard","meta":{"ocean_post_layout":"","ocean_both_sidebars_style":"","ocean_both_sidebars_content_width":0,"ocean_both_sidebars_sidebars_width":0,"ocean_sidebar":"","ocean_second_sidebar":"","ocean_disable_margins":"enable","ocean_add_body_class":"","ocean_shortcode_before_top_bar":"","ocean_shortcode_after_top_bar":"","ocean_shortcode_before_header":"","ocean_shortcode_after_header":"","ocean_has_shortcode":"","ocean_shortcode_after_title":"","ocean_shortcode_before_footer_widgets":"","ocean_shortcode_after_footer_widgets":"","ocean_shortcode_before_footer_bottom":"","ocean_shortcode_after_footer_bottom":"","ocean_display_top_bar":"default","ocean_display_header":"default","ocean_header_style":"","ocean_center_header_left_menu":"","ocean_custom_header_template":"","ocean_custom_logo":0,"ocean_custom_retina_logo":0,"ocean_custom_logo_max_width":0,"ocean_custom_logo_tablet_max_width":0,"ocean_custom_logo_mobile_max_width":0,"ocean_custom_logo_max_height":0,"ocean_custom_logo_tablet_max_height":0,"ocean_custom_logo_mobile_max_height":0,"ocean_header_custom_menu":"","ocean_menu_typo_font_family":"","ocean_menu_typo_font_subset":"","ocean_menu_typo_font_size":0,"ocean_menu_typo_font_size_tablet":0,"ocean_menu_typo_font_size_mobile":0,"ocean_menu_typo_font_size_unit":"px","ocean_menu_typo_font_weight":"","ocean_menu_typo_font_weight_tablet":"","ocean_menu_typo_font_weight_mobile":"","ocean_menu_typo_transform":"","ocean_menu_typo_transform_tablet":"","ocean_menu_typo_transform_mobile":"","ocean_menu_typo_line_height":0,"ocean_menu_typo_line_height_tablet":0,"ocean_menu_typo_line_height_mobile":0,"ocean_menu_typo_line_height_unit":"","ocean_menu_typo_spacing":0,"ocean_menu_typo_spacing_tablet":0,"ocean_menu_typo_spacing_mobile":0,"ocean_menu_typo_spacing_unit":"","ocean_menu_link_color":"","ocean_menu_link_color_hover":"","ocean_menu_link_color_active":"","ocean_menu_link_background":"","ocean_menu_link_hover_background":"","ocean_menu_link_active_background":"","ocean_menu_social_links_bg":"","ocean_menu_social_hover_links_bg":"","ocean_menu_social_links_color":"","ocean_menu_social_hover_links_color":"","ocean_disable_title":"default","ocean_disable_heading":"default","ocean_post_title":"","ocean_post_subheading":"","ocean_post_title_style":"","ocean_post_title_background_color":"","ocean_post_title_background":0,"ocean_post_title_bg_image_position":"","ocean_post_title_bg_image_attachment":"","ocean_post_title_bg_image_repeat":"","ocean_post_title_bg_image_size":"","ocean_post_title_height":0,"ocean_post_title_bg_overlay":0.5,"ocean_post_title_bg_overlay_color":"","ocean_disable_breadcrumbs":"default","ocean_breadcrumbs_color":"","ocean_breadcrumbs_separator_color":"","ocean_breadcrumbs_links_color":"","ocean_breadcrumbs_links_hover_color":"","ocean_display_footer_widgets":"default","ocean_display_footer_bottom":"default","ocean_custom_footer_template":"","ocean_post_oembed":"","ocean_post_self_hosted_media":"","ocean_post_video_embed":"","ocean_link_format":"","ocean_link_format_target":"self","ocean_quote_format":"","ocean_quote_format_link":"post","ocean_gallery_link_images":"on","ocean_gallery_id":[]},"categories":[9],"tags":[580,75,748,62,82,4],"acf":[],"_links":{"self":[{"href":"https:\/\/www.simepe.com.br\/novo\/wp-json\/wp\/v2\/posts\/49583"}],"collection":[{"href":"https:\/\/www.simepe.com.br\/novo\/wp-json\/wp\/v2\/posts"}],"about":[{"href":"https:\/\/www.simepe.com.br\/novo\/wp-json\/wp\/v2\/types\/post"}],"author":[{"embeddable":true,"href":"https:\/\/www.simepe.com.br\/novo\/wp-json\/wp\/v2\/users\/1"}],"replies":[{"embeddable":true,"href":"https:\/\/www.simepe.com.br\/novo\/wp-json\/wp\/v2\/comments?post=49583"}],"version-history":[{"count":1,"href":"https:\/\/www.simepe.com.br\/novo\/wp-json\/wp\/v2\/posts\/49583\/revisions"}],"predecessor-version":[{"id":49584,"href":"https:\/\/www.simepe.com.br\/novo\/wp-json\/wp\/v2\/posts\/49583\/revisions\/49584"}],"wp:attachment":[{"href":"https:\/\/www.simepe.com.br\/novo\/wp-json\/wp\/v2\/media?parent=49583"}],"wp:term":[{"taxonomy":"category","embeddable":true,"href":"https:\/\/www.simepe.com.br\/novo\/wp-json\/wp\/v2\/categories?post=49583"},{"taxonomy":"post_tag","embeddable":true,"href":"https:\/\/www.simepe.com.br\/novo\/wp-json\/wp\/v2\/tags?post=49583"}],"curies":[{"name":"wp","href":"https:\/\/api.w.org\/{rel}","templated":true}]}}