{"id":49585,"date":"2018-11-08T09:37:57","date_gmt":"2018-11-08T12:37:57","guid":{"rendered":"http:\/\/www.simepe.com.br\/novo\/?p=49585"},"modified":"2018-11-08T09:37:57","modified_gmt":"2018-11-08T12:37:57","slug":"altino-ventura-faz-primeiras-cirurgias-de-correcao-de-estrabismo-em-criancas-com-zika","status":"publish","type":"post","link":"https:\/\/www.simepe.com.br\/novo\/altino-ventura-faz-primeiras-cirurgias-de-correcao-de-estrabismo-em-criancas-com-zika\/","title":{"rendered":"Altino Ventura faz primeiras cirurgias de corre\u00e7\u00e3o de estrabismo em crian\u00e7as com zika"},"content":{"rendered":"<p style=\"text-align: justify;\">Pacientes que nasceram com a s\u00edndrome cong\u00eanita do v\u00edrus receberam as primeiras cirurgias do mundo para melhorar a fun\u00e7\u00e3o visual<\/p>\n<p style=\"text-align: justify;\">Ap\u00f3s comprovarem que a infec\u00e7\u00e3o pelo zika na gesta\u00e7\u00e3o causa les\u00f5es oculares graves nas crian\u00e7as, oftalmologistas da Funda\u00e7\u00e3o Altino Ventura (FAV) realizaram as tr\u00eas primeiras cirurgias, no mundo, de corre\u00e7\u00e3o de estrabismo (doen\u00e7a em que os olhos perdem o alinhamento correto) em pacientes que nasceram com a s\u00edndrome cong\u00eanita do v\u00edrus, cuja manifesta\u00e7\u00e3o mais expressiva \u00e9 a microcefalia. A opera\u00e7\u00e3o foi realizada h\u00e1 menos de um m\u00eas, e o resultado surpreende os m\u00e9dicos. \u201cObservamos uma resposta imediata: mais de 80% apresentaram melhora na fun\u00e7\u00e3o visual, na mobilidade dos olhos e na aten\u00e7\u00e3o visual. Isso \u00e9 extraordin\u00e1rio. Desde 1985, fa\u00e7o oftalmopediatria e j\u00e1 operei in\u00fameros pacientes com estrabismo. Mas ningu\u00e9m (antes da nossa equipe), no mundo, tinha operado crian\u00e7as com a s\u00edndrome cong\u00eanita do zika. N\u00e3o saber\u00edamos como seria a resposta \u00e0 cirurgia. Agora, percebemos que essa interven\u00e7\u00e3o vale a pena\u201d, frisa a oftalmopediatra Liana Ventura, presidente da FAV.<\/p>\n<p style=\"text-align: justify;\">Na ter\u00e7a-feira, em entrevista ao programa Casa Saud\u00e1vel, da TV JC, ela explicou a import\u00e2ncia do procedimento. \u201cO resultado n\u00e3o \u00e9 s\u00f3 est\u00e9tico. A consequ\u00eancia \u00e9 a melhora principalmente da fun\u00e7\u00e3o visual: ap\u00f3s a cirurgia, a crian\u00e7a passa a ser mais participativa nas terapias de reabilita\u00e7\u00e3o e, por isso, atinge melhor desenvolvimento global. \u00c9 por isso que digo o quanto \u00e9 importante investir nesses pacientes.\u201d<\/p>\n<p style=\"text-align: justify;\">A m\u00e9dica acrescenta que, para o fim deste m\u00eas e o in\u00edcio de 2019, est\u00e3o agendadas outras cirurgias de corre\u00e7\u00e3o de estrabismo em crian\u00e7as que nasceram com a s\u00edndrome cong\u00eanita do zika. \u201cEntre as pesquisas que realizamos, uma detectou que 87% dos casos afetados pelo v\u00edrus t\u00eam estrabismo. Outro grupo tem tamb\u00e9m altera\u00e7\u00e3o de campo visual, de fun\u00e7\u00e3o e defici\u00eancia visual e at\u00e9 nistagmo, um movimento dos olhos porque a vis\u00e3o n\u00e3o \u00e9 boa. Avaliamos, ent\u00e3o, de que maneira poder\u00edamos melhorar esse quadro e decidimos iniciar a cirurgia de estrabismo.\u201d<\/p>\n<p style=\"text-align: justify;\">A oftalmologista frisa que, al\u00e9m do resultado preliminar, no p\u00f3s-operat\u00f3rio imediato, as crian\u00e7as que passam pela interven\u00e7\u00e3o cir\u00fargica geralmente apresentam benef\u00edcios visuais passados os seis primeiros meses do procedimento. \u201cQuando a vis\u00e3o desses pacientes evolui, percebemos que h\u00e1 uma melhora de aproximadamente 200% nas terapias (reabilita\u00e7\u00e3o visual, auditiva, motora e intelectual). Isso \u00e9 comprovado cientificamente\u201d, frisa Liana.<\/p>\n<p style=\"text-align: justify;\">A pequena Graziella Vit\u00f3ria, que completa 3 anos dia 25, \u00e9 uma das tr\u00eas crian\u00e7as que passaram pela cirurgia para corre\u00e7\u00e3o do estrabismo. A m\u00e3e, a dona de casa Inabela Tavares, 33, manifesta gratid\u00e3o pela oportunidade que a filha teve para ser submetida ao procedimento. \u201cO caso dela era bem grave. Quando nasceu, foi praticamente diagnosticada sem vis\u00e3o. Ela n\u00e3o se interessava pelas coisas ao redor, manifestava pouca intera\u00e7\u00e3o social, n\u00e3o fixava o olhar nem conseguia levantar a cabe\u00e7a. Usou seis tipos de \u00f3culos, mas n\u00e3o melhorava. Hoje, ap\u00f3s a cirurgia, ela interage melhor, rir e acompanha os brinquedos com os olhos\u201d, relata Inabela, alegre com os ganhos da menina.<\/p>\n<p style=\"text-align: justify;\">Moradora do Alto Jos\u00e9 Bonif\u00e1cio, Zona Norte do Recife, Inabela tem se dedicado aos cuidados com Graziella Vit\u00f3ria de forma integral. \u201cEla faz as atividades de reabilita\u00e7\u00e3o na Funda\u00e7\u00e3o Altino Ventura e no Cervac (Centro de Reabilita\u00e7\u00e3o e Valoriza\u00e7\u00e3o da Crian\u00e7a), al\u00e9m de hidroterapia com um grupo de dez crian\u00e7as que t\u00eam microcefalia. J\u00e1 fez duas opera\u00e7\u00f5es no quadril, duas nos olhos, duas no nariz e uma na cabe\u00e7a. O tamp\u00e3o que usa nos olhos ficar\u00e1 at\u00e9 completar um m\u00eas da cirurgia de estrabismo. Agrade\u00e7o \u00e0 equipe da Funda\u00e7\u00e3o Altino Ventura, que nunca desistiu dos nossos filhos\u201d, diz Inabela, emocionada. Pela FAV, j\u00e1 foram atendidas 285 crian\u00e7as com a s\u00edndrome cong\u00eanita do zika. Desse universo, cerca de 60% permanecem em acompanhamento pelo Centro Especializado em Reabilita\u00e7\u00e3o da institui\u00e7\u00e3o, no bairro da Iputinga, Zona Oeste do Recife.<\/p>\n<p style=\"text-align: justify;\">\n<p style=\"text-align: justify;\">Fonte: Jornal do Commercio<\/p>\n","protected":false},"excerpt":{"rendered":"<p>Pacientes que nasceram com a s\u00edndrome cong\u00eanita do v\u00edrus receberam as primeiras cirurgias do mundo para melhorar a fun\u00e7\u00e3o visual Ap\u00f3s comprovarem que a infec\u00e7\u00e3o pelo zika na gesta\u00e7\u00e3o causa les\u00f5es oculares graves nas crian\u00e7as, oftalmologistas da Funda\u00e7\u00e3o Altino Ventura (FAV) realizaram as tr\u00eas primeiras cirurgias, no mundo, de corre\u00e7\u00e3o de estrabismo (doen\u00e7a em que [&hellip;]<\/p>\n","protected":false},"author":1,"featured_media":49586,"comment_status":"open","ping_status":"open","sticky":false,"template":"","format":"standard","meta":{"ocean_post_layout":"","ocean_both_sidebars_style":"","ocean_both_sidebars_content_width":0,"ocean_both_sidebars_sidebars_width":0,"ocean_sidebar":"","ocean_second_sidebar":"","ocean_disable_margins":"enable","ocean_add_body_class":"","ocean_shortcode_before_top_bar":"","ocean_shortcode_after_top_bar":"","ocean_shortcode_before_header":"","ocean_shortcode_after_header":"","ocean_has_shortcode":"","ocean_shortcode_after_title":"","ocean_shortcode_before_footer_widgets":"","ocean_shortcode_after_footer_widgets":"","ocean_shortcode_before_footer_bottom":"","ocean_shortcode_after_footer_bottom":"","ocean_display_top_bar":"default","ocean_display_header":"default","ocean_header_style":"","ocean_center_header_left_menu":"","ocean_custom_header_template":"","ocean_custom_logo":0,"ocean_custom_retina_logo":0,"ocean_custom_logo_max_width":0,"ocean_custom_logo_tablet_max_width":0,"ocean_custom_logo_mobile_max_width":0,"ocean_custom_logo_max_height":0,"ocean_custom_logo_tablet_max_height":0,"ocean_custom_logo_mobile_max_height":0,"ocean_header_custom_menu":"","ocean_menu_typo_font_family":"","ocean_menu_typo_font_subset":"","ocean_menu_typo_font_size":0,"ocean_menu_typo_font_size_tablet":0,"ocean_menu_typo_font_size_mobile":0,"ocean_menu_typo_font_size_unit":"px","ocean_menu_typo_font_weight":"","ocean_menu_typo_font_weight_tablet":"","ocean_menu_typo_font_weight_mobile":"","ocean_menu_typo_transform":"","ocean_menu_typo_transform_tablet":"","ocean_menu_typo_transform_mobile":"","ocean_menu_typo_line_height":0,"ocean_menu_typo_line_height_tablet":0,"ocean_menu_typo_line_height_mobile":0,"ocean_menu_typo_line_height_unit":"","ocean_menu_typo_spacing":0,"ocean_menu_typo_spacing_tablet":0,"ocean_menu_typo_spacing_mobile":0,"ocean_menu_typo_spacing_unit":"","ocean_menu_link_color":"","ocean_menu_link_color_hover":"","ocean_menu_link_color_active":"","ocean_menu_link_background":"","ocean_menu_link_hover_background":"","ocean_menu_link_active_background":"","ocean_menu_social_links_bg":"","ocean_menu_social_hover_links_bg":"","ocean_menu_social_links_color":"","ocean_menu_social_hover_links_color":"","ocean_disable_title":"default","ocean_disable_heading":"default","ocean_post_title":"","ocean_post_subheading":"","ocean_post_title_style":"","ocean_post_title_background_color":"","ocean_post_title_background":0,"ocean_post_title_bg_image_position":"","ocean_post_title_bg_image_attachment":"","ocean_post_title_bg_image_repeat":"","ocean_post_title_bg_image_size":"","ocean_post_title_height":0,"ocean_post_title_bg_overlay":0.5,"ocean_post_title_bg_overlay_color":"","ocean_disable_breadcrumbs":"default","ocean_breadcrumbs_color":"","ocean_breadcrumbs_separator_color":"","ocean_breadcrumbs_links_color":"","ocean_breadcrumbs_links_hover_color":"","ocean_display_footer_widgets":"default","ocean_display_footer_bottom":"default","ocean_custom_footer_template":"","ocean_post_oembed":"","ocean_post_self_hosted_media":"","ocean_post_video_embed":"","ocean_link_format":"","ocean_link_format_target":"self","ocean_quote_format":"","ocean_quote_format_link":"post","ocean_gallery_link_images":"on","ocean_gallery_id":[]},"categories":[1],"tags":[932,525,275,1989],"acf":[],"_links":{"self":[{"href":"https:\/\/www.simepe.com.br\/novo\/wp-json\/wp\/v2\/posts\/49585"}],"collection":[{"href":"https:\/\/www.simepe.com.br\/novo\/wp-json\/wp\/v2\/posts"}],"about":[{"href":"https:\/\/www.simepe.com.br\/novo\/wp-json\/wp\/v2\/types\/post"}],"author":[{"embeddable":true,"href":"https:\/\/www.simepe.com.br\/novo\/wp-json\/wp\/v2\/users\/1"}],"replies":[{"embeddable":true,"href":"https:\/\/www.simepe.com.br\/novo\/wp-json\/wp\/v2\/comments?post=49585"}],"version-history":[{"count":1,"href":"https:\/\/www.simepe.com.br\/novo\/wp-json\/wp\/v2\/posts\/49585\/revisions"}],"predecessor-version":[{"id":49587,"href":"https:\/\/www.simepe.com.br\/novo\/wp-json\/wp\/v2\/posts\/49585\/revisions\/49587"}],"wp:featuredmedia":[{"embeddable":true,"href":"https:\/\/www.simepe.com.br\/novo\/wp-json\/wp\/v2\/media\/49586"}],"wp:attachment":[{"href":"https:\/\/www.simepe.com.br\/novo\/wp-json\/wp\/v2\/media?parent=49585"}],"wp:term":[{"taxonomy":"category","embeddable":true,"href":"https:\/\/www.simepe.com.br\/novo\/wp-json\/wp\/v2\/categories?post=49585"},{"taxonomy":"post_tag","embeddable":true,"href":"https:\/\/www.simepe.com.br\/novo\/wp-json\/wp\/v2\/tags?post=49585"}],"curies":[{"name":"wp","href":"https:\/\/api.w.org\/{rel}","templated":true}]}}