{"id":49594,"date":"2018-11-08T10:01:41","date_gmt":"2018-11-08T13:01:41","guid":{"rendered":"http:\/\/www.simepe.com.br\/novo\/?p=49594"},"modified":"2018-11-08T10:01:41","modified_gmt":"2018-11-08T13:01:41","slug":"rato-aparece-no-refeitorio-do-hospital-da-restauracao-no-recife","status":"publish","type":"post","link":"https:\/\/www.simepe.com.br\/novo\/rato-aparece-no-refeitorio-do-hospital-da-restauracao-no-recife\/","title":{"rendered":"Rato aparece no refeit\u00f3rio do Hospital da Restaura\u00e7\u00e3o, no Recife"},"content":{"rendered":"<p style=\"text-align: justify;\">O Por Dentro com Cardinot desta ter\u00e7a-feira (6) mostrou imagens de um rato que foi visto no refeit\u00f3rio do Hospital da Restaura\u00e7\u00e3o, no centro Recife. O v\u00eddeo foi enviado \u00e0 produ\u00e7\u00e3o do programa atrav\u00e9s do WhatsApp por um telespectador da TV Jornal. Segundo ele, quem estava no refeit\u00f3rio na hora em que o animal apareceu ficou assustado e subiu nas cadeiras.<\/p>\n<p style=\"text-align: justify;\"><img src=\"https:\/\/img2.ne10.uol.com.br\/tvjornal\/imagem\/noticia\/normal\/2018\/11\/06\/5ade7789276852105abb7e494d0d5e7f.jpg\" alt=\"\" \/><\/p>\n<p style=\"text-align: justify;\"><a href=\"https:\/\/tvjornal.ne10.uol.com.br\/noticia\/ultimas\/2018\/11\/06\/rato-aparece-no-refeitorio-do-hospital-da-restauracao-no-recife-50280.php\">Assista ao v\u00eddeo.<\/a><\/p>\n<p style=\"text-align: justify;\">\n<strong>Outro caso<\/strong><br \/>\nEm agosto deste ano, um epis\u00f3dio semelhante j\u00e1 havia sido presenciado na cozinha do Hospital da Restaura\u00e7\u00e3o. Na ocasi\u00e3o, o rato foi capturado e morto por um funcion\u00e1rio da unidade de sa\u00fade.<\/p>\n<p style=\"text-align: justify;\">Em nota, o HR disse que o local \u00e9 dedetizado todas semana, mas o entorno do hospital possui v\u00e1rias galerias subterr\u00e2neas e um canal com ac\u00famulo de lixo, o que ajuda na prolifera\u00e7\u00e3o de algumas pragas.<\/p>\n<p style=\"text-align: justify;\">\n<p style=\"text-align: justify;\">Fonte: TV Jornal<\/p>\n","protected":false},"excerpt":{"rendered":"<p>O Por Dentro com Cardinot desta ter\u00e7a-feira (6) mostrou imagens de um rato que foi visto no refeit\u00f3rio do Hospital da Restaura\u00e7\u00e3o, no centro Recife. O v\u00eddeo foi enviado \u00e0 produ\u00e7\u00e3o do programa atrav\u00e9s do WhatsApp por um telespectador da TV Jornal. Segundo ele, quem estava no refeit\u00f3rio na hora em que o animal apareceu [&hellip;]<\/p>\n","protected":false},"author":1,"featured_media":0,"comment_status":"open","ping_status":"open","sticky":false,"template":"","format":"standard","meta":{"ocean_post_layout":"","ocean_both_sidebars_style":"","ocean_both_sidebars_content_width":0,"ocean_both_sidebars_sidebars_width":0,"ocean_sidebar":"","ocean_second_sidebar":"","ocean_disable_margins":"enable","ocean_add_body_class":"","ocean_shortcode_before_top_bar":"","ocean_shortcode_after_top_bar":"","ocean_shortcode_before_header":"","ocean_shortcode_after_header":"","ocean_has_shortcode":"","ocean_shortcode_after_title":"","ocean_shortcode_before_footer_widgets":"","ocean_shortcode_after_footer_widgets":"","ocean_shortcode_before_footer_bottom":"","ocean_shortcode_after_footer_bottom":"","ocean_display_top_bar":"default","ocean_display_header":"default","ocean_header_style":"","ocean_center_header_left_menu":"","ocean_custom_header_template":"","ocean_custom_logo":0,"ocean_custom_retina_logo":0,"ocean_custom_logo_max_width":0,"ocean_custom_logo_tablet_max_width":0,"ocean_custom_logo_mobile_max_width":0,"ocean_custom_logo_max_height":0,"ocean_custom_logo_tablet_max_height":0,"ocean_custom_logo_mobile_max_height":0,"ocean_header_custom_menu":"","ocean_menu_typo_font_family":"","ocean_menu_typo_font_subset":"","ocean_menu_typo_font_size":0,"ocean_menu_typo_font_size_tablet":0,"ocean_menu_typo_font_size_mobile":0,"ocean_menu_typo_font_size_unit":"px","ocean_menu_typo_font_weight":"","ocean_menu_typo_font_weight_tablet":"","ocean_menu_typo_font_weight_mobile":"","ocean_menu_typo_transform":"","ocean_menu_typo_transform_tablet":"","ocean_menu_typo_transform_mobile":"","ocean_menu_typo_line_height":0,"ocean_menu_typo_line_height_tablet":0,"ocean_menu_typo_line_height_mobile":0,"ocean_menu_typo_line_height_unit":"","ocean_menu_typo_spacing":0,"ocean_menu_typo_spacing_tablet":0,"ocean_menu_typo_spacing_mobile":0,"ocean_menu_typo_spacing_unit":"","ocean_menu_link_color":"","ocean_menu_link_color_hover":"","ocean_menu_link_color_active":"","ocean_menu_link_background":"","ocean_menu_link_hover_background":"","ocean_menu_link_active_background":"","ocean_menu_social_links_bg":"","ocean_menu_social_hover_links_bg":"","ocean_menu_social_links_color":"","ocean_menu_social_hover_links_color":"","ocean_disable_title":"default","ocean_disable_heading":"default","ocean_post_title":"","ocean_post_subheading":"","ocean_post_title_style":"","ocean_post_title_background_color":"","ocean_post_title_background":0,"ocean_post_title_bg_image_position":"","ocean_post_title_bg_image_attachment":"","ocean_post_title_bg_image_repeat":"","ocean_post_title_bg_image_size":"","ocean_post_title_height":0,"ocean_post_title_bg_overlay":0.5,"ocean_post_title_bg_overlay_color":"","ocean_disable_breadcrumbs":"default","ocean_breadcrumbs_color":"","ocean_breadcrumbs_separator_color":"","ocean_breadcrumbs_links_color":"","ocean_breadcrumbs_links_hover_color":"","ocean_display_footer_widgets":"default","ocean_display_footer_bottom":"default","ocean_custom_footer_template":"","ocean_post_oembed":"","ocean_post_self_hosted_media":"","ocean_post_video_embed":"","ocean_link_format":"","ocean_link_format_target":"self","ocean_quote_format":"","ocean_quote_format_link":"post","ocean_gallery_link_images":"on","ocean_gallery_id":[]},"categories":[9],"tags":[1341,61,82],"acf":[],"_links":{"self":[{"href":"https:\/\/www.simepe.com.br\/novo\/wp-json\/wp\/v2\/posts\/49594"}],"collection":[{"href":"https:\/\/www.simepe.com.br\/novo\/wp-json\/wp\/v2\/posts"}],"about":[{"href":"https:\/\/www.simepe.com.br\/novo\/wp-json\/wp\/v2\/types\/post"}],"author":[{"embeddable":true,"href":"https:\/\/www.simepe.com.br\/novo\/wp-json\/wp\/v2\/users\/1"}],"replies":[{"embeddable":true,"href":"https:\/\/www.simepe.com.br\/novo\/wp-json\/wp\/v2\/comments?post=49594"}],"version-history":[{"count":1,"href":"https:\/\/www.simepe.com.br\/novo\/wp-json\/wp\/v2\/posts\/49594\/revisions"}],"predecessor-version":[{"id":49595,"href":"https:\/\/www.simepe.com.br\/novo\/wp-json\/wp\/v2\/posts\/49594\/revisions\/49595"}],"wp:attachment":[{"href":"https:\/\/www.simepe.com.br\/novo\/wp-json\/wp\/v2\/media?parent=49594"}],"wp:term":[{"taxonomy":"category","embeddable":true,"href":"https:\/\/www.simepe.com.br\/novo\/wp-json\/wp\/v2\/categories?post=49594"},{"taxonomy":"post_tag","embeddable":true,"href":"https:\/\/www.simepe.com.br\/novo\/wp-json\/wp\/v2\/tags?post=49594"}],"curies":[{"name":"wp","href":"https:\/\/api.w.org\/{rel}","templated":true}]}}