{"id":49604,"date":"2018-11-08T10:13:33","date_gmt":"2018-11-08T13:13:33","guid":{"rendered":"http:\/\/www.simepe.com.br\/novo\/?p=49604"},"modified":"2018-11-08T10:13:33","modified_gmt":"2018-11-08T13:13:33","slug":"ha-40-dias-em-greve-medicos-do-recife-decidem-manter-paralisacao","status":"publish","type":"post","link":"https:\/\/www.simepe.com.br\/novo\/ha-40-dias-em-greve-medicos-do-recife-decidem-manter-paralisacao\/","title":{"rendered":"H\u00e1 40 dias em greve, m\u00e9dicos do Recife decidem manter paralisa\u00e7\u00e3o"},"content":{"rendered":"<p style=\"text-align: justify;\">Eles querem melhorias na seguran\u00e7a das unidades de sa\u00fade, abastecimento de medicamentos e insumos, requalifica\u00e7\u00e3o das unidades, ajustes nas escalas e reajuste salarial com equipara\u00e7\u00e3o com os servidores estaduais<\/p>\n<p style=\"text-align: justify;\">Paralisados h\u00e1 mais de 40 dias, os m\u00e9dicos da rede municipal de sa\u00fade do Recife decidiram manter a greve da categoria por tempo indeterminado. Em assembleia geral extraordin\u00e1ria realizada nesta quarta-feira (7), na Associa\u00e7\u00e3o M\u00e9dica de Pernambuco, os profissionais adiantaram que n\u00e3o v\u00e3o abrir m\u00e3o da pauta de reivindica\u00e7\u00e3o. Eles querem melhorias na seguran\u00e7a das unidades de sa\u00fade, abastecimento de medicamentos e insumos, requalifica\u00e7\u00e3o das unidades, ajustes nas escalas e reajuste salarial com equipara\u00e7\u00e3o com os servidores estaduais.<\/p>\n<p style=\"text-align: justify;\">Os m\u00e9dicos ainda ressaltaram que a Prefeitura do Recife descumpriu o Termo de Compromisso firmado em janeiro deste ano com o Simepe. A assembleia foi comandada pelo presidente do Simepe, Tadeu Calheiros, e teve a participa\u00e7\u00e3o da vice-presidente, Claudia Beatriz, e das diretoras executivas Lissandra Moura e Malu David.<\/p>\n<p style=\"text-align: justify;\">No in\u00edcio da semana, a categoria elaborou uma carta aberta destinada ao prefeito do Recife, Geraldo Julio.<\/p>\n<p style=\"text-align: justify;\"><strong>Confira o documento na \u00edntegra<\/strong><br \/>\n<em>Os m\u00e9dicos do Recife vivem um pesadelo di\u00e1rio nas unidades de sa\u00fade da cidade. As estruturas s\u00e3o prec\u00e1rias; faltam medicamentos; a inseguran\u00e7a \u00e9 generalizada, amedrontando profissionais e pacientes. Como se n\u00e3o bastasse isso, um grave d\u00e9ficit \u00e9 registrado nas escalas m\u00e9dicas de toda a rede, ou seja, a demanda \u00e9 muito maior do que o n\u00famero de servidores. Al\u00e9m disso, \u00e9 preciso valoriza\u00e7\u00e3o da categoria.<\/em><\/p>\n<p style=\"text-align: justify;\"><em>Por esses problemas, que se somaram \u00e0 falta de medidas concretas por parte da Secretaria Municipal de Sa\u00fade, os M\u00e9dicos do Recife est\u00e3o em greve h\u00e1 mais de 40 dias. Para uma categoria que sempre trabalha lado a lado com o povo, esse tempo trata-se de uma eternidade. N\u00e3o existem condi\u00e7\u00f5es de retorno aos postos de trabalho, pois a grande parte deles est\u00e1 do mesmo jeito. Foram diversas tentativas de negocia\u00e7\u00e3o com a secretaria municipal com um \u00fanico objetivo: o cumprimento do Termo de Compromisso proposto e firmado pela pr\u00f3pria PCR, em janeiro deste ano. Nada feito! Nem se honrou o acordo prometido e pior: portas fechadas para o di\u00e1logo franco, com proposta efetiva e vi\u00e1vel para solu\u00e7\u00e3o do caos da rede.<\/em><\/p>\n<p style=\"text-align: justify;\"><em>Com isso, infelizmente, os profissionais m\u00e9dicos seguem unidos, fortes, com o apoio da popula\u00e7\u00e3o, firmes na luta. A categoria entende que a falta de di\u00e1logo nos impele a seguir adiante com o movimento grevista e solicitar, nesta carta aberta, uma audi\u00eancia com o Prefeito da Cidade do Recife, pelo povo. N\u00e3o podemos mais esperar.<\/em><\/p>\n<p style=\"text-align: justify;\"><em>A popula\u00e7\u00e3o est\u00e1 sofrendo.<\/em><\/p>\n<p style=\"text-align: justify;\">\n<p style=\"text-align: justify;\">Fonte: OP9 &#8211; Sistema Opini\u00e3o de Comunica\u00e7\u00e3o<\/p>\n","protected":false},"excerpt":{"rendered":"<p>Eles querem melhorias na seguran\u00e7a das unidades de sa\u00fade, abastecimento de medicamentos e insumos, requalifica\u00e7\u00e3o das unidades, ajustes nas escalas e reajuste salarial com equipara\u00e7\u00e3o com os servidores estaduais Paralisados h\u00e1 mais de 40 dias, os m\u00e9dicos da rede municipal de sa\u00fade do Recife decidiram manter a greve da categoria por tempo indeterminado. Em assembleia [&hellip;]<\/p>\n","protected":false},"author":1,"featured_media":0,"comment_status":"open","ping_status":"open","sticky":false,"template":"","format":"standard","meta":{"ocean_post_layout":"","ocean_both_sidebars_style":"","ocean_both_sidebars_content_width":0,"ocean_both_sidebars_sidebars_width":0,"ocean_sidebar":"","ocean_second_sidebar":"","ocean_disable_margins":"enable","ocean_add_body_class":"","ocean_shortcode_before_top_bar":"","ocean_shortcode_after_top_bar":"","ocean_shortcode_before_header":"","ocean_shortcode_after_header":"","ocean_has_shortcode":"","ocean_shortcode_after_title":"","ocean_shortcode_before_footer_widgets":"","ocean_shortcode_after_footer_widgets":"","ocean_shortcode_before_footer_bottom":"","ocean_shortcode_after_footer_bottom":"","ocean_display_top_bar":"default","ocean_display_header":"default","ocean_header_style":"","ocean_center_header_left_menu":"","ocean_custom_header_template":"","ocean_custom_logo":0,"ocean_custom_retina_logo":0,"ocean_custom_logo_max_width":0,"ocean_custom_logo_tablet_max_width":0,"ocean_custom_logo_mobile_max_width":0,"ocean_custom_logo_max_height":0,"ocean_custom_logo_tablet_max_height":0,"ocean_custom_logo_mobile_max_height":0,"ocean_header_custom_menu":"","ocean_menu_typo_font_family":"","ocean_menu_typo_font_subset":"","ocean_menu_typo_font_size":0,"ocean_menu_typo_font_size_tablet":0,"ocean_menu_typo_font_size_mobile":0,"ocean_menu_typo_font_size_unit":"px","ocean_menu_typo_font_weight":"","ocean_menu_typo_font_weight_tablet":"","ocean_menu_typo_font_weight_mobile":"","ocean_menu_typo_transform":"","ocean_menu_typo_transform_tablet":"","ocean_menu_typo_transform_mobile":"","ocean_menu_typo_line_height":0,"ocean_menu_typo_line_height_tablet":0,"ocean_menu_typo_line_height_mobile":0,"ocean_menu_typo_line_height_unit":"","ocean_menu_typo_spacing":0,"ocean_menu_typo_spacing_tablet":0,"ocean_menu_typo_spacing_mobile":0,"ocean_menu_typo_spacing_unit":"","ocean_menu_link_color":"","ocean_menu_link_color_hover":"","ocean_menu_link_color_active":"","ocean_menu_link_background":"","ocean_menu_link_hover_background":"","ocean_menu_link_active_background":"","ocean_menu_social_links_bg":"","ocean_menu_social_hover_links_bg":"","ocean_menu_social_links_color":"","ocean_menu_social_hover_links_color":"","ocean_disable_title":"default","ocean_disable_heading":"default","ocean_post_title":"","ocean_post_subheading":"","ocean_post_title_style":"","ocean_post_title_background_color":"","ocean_post_title_background":0,"ocean_post_title_bg_image_position":"","ocean_post_title_bg_image_attachment":"","ocean_post_title_bg_image_repeat":"","ocean_post_title_bg_image_size":"","ocean_post_title_height":0,"ocean_post_title_bg_overlay":0.5,"ocean_post_title_bg_overlay_color":"","ocean_disable_breadcrumbs":"default","ocean_breadcrumbs_color":"","ocean_breadcrumbs_separator_color":"","ocean_breadcrumbs_links_color":"","ocean_breadcrumbs_links_hover_color":"","ocean_display_footer_widgets":"default","ocean_display_footer_bottom":"default","ocean_custom_footer_template":"","ocean_post_oembed":"","ocean_post_self_hosted_media":"","ocean_post_video_embed":"","ocean_link_format":"","ocean_link_format_target":"self","ocean_quote_format":"","ocean_quote_format_link":"post","ocean_gallery_link_images":"on","ocean_gallery_id":[]},"categories":[9],"tags":[580,75,748,62,82,4],"acf":[],"_links":{"self":[{"href":"https:\/\/www.simepe.com.br\/novo\/wp-json\/wp\/v2\/posts\/49604"}],"collection":[{"href":"https:\/\/www.simepe.com.br\/novo\/wp-json\/wp\/v2\/posts"}],"about":[{"href":"https:\/\/www.simepe.com.br\/novo\/wp-json\/wp\/v2\/types\/post"}],"author":[{"embeddable":true,"href":"https:\/\/www.simepe.com.br\/novo\/wp-json\/wp\/v2\/users\/1"}],"replies":[{"embeddable":true,"href":"https:\/\/www.simepe.com.br\/novo\/wp-json\/wp\/v2\/comments?post=49604"}],"version-history":[{"count":1,"href":"https:\/\/www.simepe.com.br\/novo\/wp-json\/wp\/v2\/posts\/49604\/revisions"}],"predecessor-version":[{"id":49605,"href":"https:\/\/www.simepe.com.br\/novo\/wp-json\/wp\/v2\/posts\/49604\/revisions\/49605"}],"wp:attachment":[{"href":"https:\/\/www.simepe.com.br\/novo\/wp-json\/wp\/v2\/media?parent=49604"}],"wp:term":[{"taxonomy":"category","embeddable":true,"href":"https:\/\/www.simepe.com.br\/novo\/wp-json\/wp\/v2\/categories?post=49604"},{"taxonomy":"post_tag","embeddable":true,"href":"https:\/\/www.simepe.com.br\/novo\/wp-json\/wp\/v2\/tags?post=49604"}],"curies":[{"name":"wp","href":"https:\/\/api.w.org\/{rel}","templated":true}]}}