{"id":49606,"date":"2018-11-08T10:15:19","date_gmt":"2018-11-08T13:15:19","guid":{"rendered":"http:\/\/www.simepe.com.br\/novo\/?p=49606"},"modified":"2018-11-08T10:15:19","modified_gmt":"2018-11-08T13:15:19","slug":"medicos-da-prefeitura-do-recife-completam-48-dias-com-os-bracos-cruzados","status":"publish","type":"post","link":"https:\/\/www.simepe.com.br\/novo\/medicos-da-prefeitura-do-recife-completam-48-dias-com-os-bracos-cruzados\/","title":{"rendered":"M\u00e9dicos da Prefeitura do Recife completam 48 dias com os bra\u00e7os cruzados"},"content":{"rendered":"<p style=\"text-align: justify;\">M\u00e9dicos da prefeitura do Recife, em greve h\u00e1 48 dias, far\u00e3o nesta quarta-feira (7), \u00e0s 9h, uma assembleia geral extraordin\u00e1ria, no audit\u00f3rio da Associa\u00e7\u00e3o M\u00e9dica de Pernambuco, para decidir os rumos do movimento.<\/p>\n<p style=\"text-align: justify;\">Por conta do movimento grevista, os atendimentos nos postos do programa Estrat\u00e9gia Sa\u00fade da Fam\u00edlia, consultas eletivas e servi\u00e7os ambulatoriais est\u00e3o suspensos. S\u00f3 os atendimentos de urg\u00eancia e emerg\u00eancia seguem mantidos nas maternidades e policl\u00ednicas.<\/p>\n<p style=\"text-align: justify;\">As negocia\u00e7\u00f5es com o prefeito Geraldo J\u00falio (PSB) prosseguem, por\u00e9m sem avan\u00e7os. Na tarde da segunda-feira (5), representantes do Simepe e grupo de m\u00e9dicos da PCR realizaram ato solid\u00e1rio na Policl\u00ednica Amaury Coutinho, no bairro da Campina do Barreto, Zona Norte no Recife.<\/p>\n<p style=\"text-align: justify;\">Os profissionais conversaram com os colegas plantonistas da emerg\u00eancia e conheceram \u201cin loco\u201d as necessidades e dificuldades enfrentadas pelos profissionais no trabalho de atendimento e assist\u00eancia aos pacientes.<\/p>\n<p style=\"text-align: justify;\">Segundo representantes do Sindicato dos M\u00e9dicos, os profissionais reivindicam melhorias na seguran\u00e7a das unidades de sa\u00fade e abastecimento de material necess\u00e1rio ao exerc\u00edcio da profiss\u00e3o. Investimentos na \u00e1rea de sa\u00fade mental, exames complementares, em equipamentos e medicamentos tamb\u00e9m s\u00e3o solicita\u00e7\u00f5es da categoria.<\/p>\n<p style=\"text-align: justify;\">Al\u00e9m disso, os profissionais cobram tamb\u00e9m reajuste salarial em cumprimento da Lei de Incorpora\u00e7\u00e3o da Gratifica\u00e7\u00e3o de Plant\u00e3o e a equipara\u00e7\u00e3o salarial com os m\u00e9dicos do Governo do Estado.<\/p>\n<p style=\"text-align: justify;\">\n<p style=\"text-align: justify;\">Fonte: Blog Inaldo Sampaio<\/p>\n","protected":false},"excerpt":{"rendered":"<p>M\u00e9dicos da prefeitura do Recife, em greve h\u00e1 48 dias, far\u00e3o nesta quarta-feira (7), \u00e0s 9h, uma assembleia geral extraordin\u00e1ria, no audit\u00f3rio da Associa\u00e7\u00e3o M\u00e9dica de Pernambuco, para decidir os rumos do movimento. Por conta do movimento grevista, os atendimentos nos postos do programa Estrat\u00e9gia Sa\u00fade da Fam\u00edlia, consultas eletivas e servi\u00e7os ambulatoriais est\u00e3o suspensos. [&hellip;]<\/p>\n","protected":false},"author":1,"featured_media":0,"comment_status":"open","ping_status":"open","sticky":false,"template":"","format":"standard","meta":{"ocean_post_layout":"","ocean_both_sidebars_style":"","ocean_both_sidebars_content_width":0,"ocean_both_sidebars_sidebars_width":0,"ocean_sidebar":"","ocean_second_sidebar":"","ocean_disable_margins":"enable","ocean_add_body_class":"","ocean_shortcode_before_top_bar":"","ocean_shortcode_after_top_bar":"","ocean_shortcode_before_header":"","ocean_shortcode_after_header":"","ocean_has_shortcode":"","ocean_shortcode_after_title":"","ocean_shortcode_before_footer_widgets":"","ocean_shortcode_after_footer_widgets":"","ocean_shortcode_before_footer_bottom":"","ocean_shortcode_after_footer_bottom":"","ocean_display_top_bar":"default","ocean_display_header":"default","ocean_header_style":"","ocean_center_header_left_menu":"","ocean_custom_header_template":"","ocean_custom_logo":0,"ocean_custom_retina_logo":0,"ocean_custom_logo_max_width":0,"ocean_custom_logo_tablet_max_width":0,"ocean_custom_logo_mobile_max_width":0,"ocean_custom_logo_max_height":0,"ocean_custom_logo_tablet_max_height":0,"ocean_custom_logo_mobile_max_height":0,"ocean_header_custom_menu":"","ocean_menu_typo_font_family":"","ocean_menu_typo_font_subset":"","ocean_menu_typo_font_size":0,"ocean_menu_typo_font_size_tablet":0,"ocean_menu_typo_font_size_mobile":0,"ocean_menu_typo_font_size_unit":"px","ocean_menu_typo_font_weight":"","ocean_menu_typo_font_weight_tablet":"","ocean_menu_typo_font_weight_mobile":"","ocean_menu_typo_transform":"","ocean_menu_typo_transform_tablet":"","ocean_menu_typo_transform_mobile":"","ocean_menu_typo_line_height":0,"ocean_menu_typo_line_height_tablet":0,"ocean_menu_typo_line_height_mobile":0,"ocean_menu_typo_line_height_unit":"","ocean_menu_typo_spacing":0,"ocean_menu_typo_spacing_tablet":0,"ocean_menu_typo_spacing_mobile":0,"ocean_menu_typo_spacing_unit":"","ocean_menu_link_color":"","ocean_menu_link_color_hover":"","ocean_menu_link_color_active":"","ocean_menu_link_background":"","ocean_menu_link_hover_background":"","ocean_menu_link_active_background":"","ocean_menu_social_links_bg":"","ocean_menu_social_hover_links_bg":"","ocean_menu_social_links_color":"","ocean_menu_social_hover_links_color":"","ocean_disable_title":"default","ocean_disable_heading":"default","ocean_post_title":"","ocean_post_subheading":"","ocean_post_title_style":"","ocean_post_title_background_color":"","ocean_post_title_background":0,"ocean_post_title_bg_image_position":"","ocean_post_title_bg_image_attachment":"","ocean_post_title_bg_image_repeat":"","ocean_post_title_bg_image_size":"","ocean_post_title_height":0,"ocean_post_title_bg_overlay":0.5,"ocean_post_title_bg_overlay_color":"","ocean_disable_breadcrumbs":"default","ocean_breadcrumbs_color":"","ocean_breadcrumbs_separator_color":"","ocean_breadcrumbs_links_color":"","ocean_breadcrumbs_links_hover_color":"","ocean_display_footer_widgets":"default","ocean_display_footer_bottom":"default","ocean_custom_footer_template":"","ocean_post_oembed":"","ocean_post_self_hosted_media":"","ocean_post_video_embed":"","ocean_link_format":"","ocean_link_format_target":"self","ocean_quote_format":"","ocean_quote_format_link":"post","ocean_gallery_link_images":"on","ocean_gallery_id":[]},"categories":[9],"tags":[580,75,748,62,82,4],"acf":[],"_links":{"self":[{"href":"https:\/\/www.simepe.com.br\/novo\/wp-json\/wp\/v2\/posts\/49606"}],"collection":[{"href":"https:\/\/www.simepe.com.br\/novo\/wp-json\/wp\/v2\/posts"}],"about":[{"href":"https:\/\/www.simepe.com.br\/novo\/wp-json\/wp\/v2\/types\/post"}],"author":[{"embeddable":true,"href":"https:\/\/www.simepe.com.br\/novo\/wp-json\/wp\/v2\/users\/1"}],"replies":[{"embeddable":true,"href":"https:\/\/www.simepe.com.br\/novo\/wp-json\/wp\/v2\/comments?post=49606"}],"version-history":[{"count":1,"href":"https:\/\/www.simepe.com.br\/novo\/wp-json\/wp\/v2\/posts\/49606\/revisions"}],"predecessor-version":[{"id":49607,"href":"https:\/\/www.simepe.com.br\/novo\/wp-json\/wp\/v2\/posts\/49606\/revisions\/49607"}],"wp:attachment":[{"href":"https:\/\/www.simepe.com.br\/novo\/wp-json\/wp\/v2\/media?parent=49606"}],"wp:term":[{"taxonomy":"category","embeddable":true,"href":"https:\/\/www.simepe.com.br\/novo\/wp-json\/wp\/v2\/categories?post=49606"},{"taxonomy":"post_tag","embeddable":true,"href":"https:\/\/www.simepe.com.br\/novo\/wp-json\/wp\/v2\/tags?post=49606"}],"curies":[{"name":"wp","href":"https:\/\/api.w.org\/{rel}","templated":true}]}}