{"id":49622,"date":"2018-11-09T08:56:26","date_gmt":"2018-11-09T11:56:26","guid":{"rendered":"http:\/\/www.simepe.com.br\/novo\/?p=49622"},"modified":"2018-11-09T08:56:26","modified_gmt":"2018-11-09T11:56:26","slug":"recifenses-continuarao-sem-atendimento-basico-de-saude","status":"publish","type":"post","link":"https:\/\/www.simepe.com.br\/novo\/recifenses-continuarao-sem-atendimento-basico-de-saude\/","title":{"rendered":"Recifenses continuar\u00e3o sem atendimento b\u00e1sico de sa\u00fade"},"content":{"rendered":"<p style=\"text-align: justify;\">O presidente do sindicato dos m\u00e9dicos de Pernambuco diz que a prefeitura n\u00e3o est\u00e1 querendo resolver o problema da sa\u00fade p\u00fablica do munic\u00edpio<\/p>\n<p style=\"text-align: justify;\">Nesta quinta-feira (8), alguns m\u00e9dicos se reuniram, juntamente com o seu sindicato, na Prefeitura da Cidade do Recife para protocolar um pedido de reuni\u00e3o direta com o prefeito da cidade, Geraldo J\u00falio. Segundo o presidente do Sindicato dos M\u00e9dicos de Pernambuco (Simepe), Tadeu Calheiros, a prefeitura n\u00e3o est\u00e1 querendo resolver o problema da sa\u00fade p\u00fablica do munic\u00edpio.<\/p>\n<p style=\"text-align: justify;\">Calheiros confirma que conversou com o secret\u00e1rio de sa\u00fade do Recife Jailson Correia e que na ocasi\u00e3o o \u00f3rg\u00e3o havia assumido por escrito v\u00e1rios compromissos para com a categoria e com a sociedade, mas nada foi cumprido. Por conta das dificuldades enfrentadas pelos m\u00e9dicos e a situa\u00e7\u00e3o de abandono dos pontos municipais p\u00fablicos de sa\u00fade, a categoria decidiu deflagrar greve e assim est\u00e1 desde o dia 21 de setembro.<\/p>\n<p style=\"text-align: justify;\">\u201cN\u00f3s estamos aqui hoje, protocolando um novo of\u00edcio pedindo audi\u00eancia com o prefeito, que \u00e9 o chefe m\u00e1ximo do munic\u00edpio e respons\u00e1vel pela sa\u00fade dos seus mun\u00edcipes\u201d, pontua Tadeu.<\/p>\n<p style=\"text-align: justify;\">Estrutura f\u00edsica prec\u00e1ria e inadequadas, falta de medicamentos, demora para marca\u00e7\u00e3o de consultas e o quadro de profissionais defasado s\u00e3o os males que, segundo Tadeu Calheiros, se encontra o Recife. \u201cPostos de Sa\u00fade da Fam\u00edlia n\u00e3o t\u00eam uma sala para curativo; po\u00e7as de esgoto nos locais de sa\u00fade que tem at\u00e9 peixes. Falta ambul\u00e2ncia e at\u00e9 macas (para o socorro)\u201d, lamenta o presidente do Simepe.<\/p>\n<p style=\"text-align: justify;\">A categoria se re\u00fane a procura de respostas para todas essas dificuldades. At\u00e9 tudo ser solucionado, a popula\u00e7\u00e3o sofre sem atendimentos b\u00e1sicos necess\u00e1rios.<\/p>\n<p style=\"text-align: justify;\">Com a continua\u00e7\u00e3o da greve, atendimentos nos postos do programa Estrat\u00e9gia Sa\u00fade da Fam\u00edlia, consultas eletivas e servi\u00e7os ambulat\u00f3rios est\u00e3o suspensos; s\u00f3 os atendimentos de urg\u00eancia e emerg\u00eancia seguem mantidos nas maternidades e policl\u00ednicas da cidade.<\/p>\n<p style=\"text-align: justify;\">\n<p style=\"text-align: justify;\">Fonte: Leia J\u00e1<\/p>\n","protected":false},"excerpt":{"rendered":"<p>O presidente do sindicato dos m\u00e9dicos de Pernambuco diz que a prefeitura n\u00e3o est\u00e1 querendo resolver o problema da sa\u00fade p\u00fablica do munic\u00edpio Nesta quinta-feira (8), alguns m\u00e9dicos se reuniram, juntamente com o seu sindicato, na Prefeitura da Cidade do Recife para protocolar um pedido de reuni\u00e3o direta com o prefeito da cidade, Geraldo J\u00falio. [&hellip;]<\/p>\n","protected":false},"author":1,"featured_media":0,"comment_status":"open","ping_status":"open","sticky":false,"template":"","format":"standard","meta":{"ocean_post_layout":"","ocean_both_sidebars_style":"","ocean_both_sidebars_content_width":0,"ocean_both_sidebars_sidebars_width":0,"ocean_sidebar":"","ocean_second_sidebar":"","ocean_disable_margins":"enable","ocean_add_body_class":"","ocean_shortcode_before_top_bar":"","ocean_shortcode_after_top_bar":"","ocean_shortcode_before_header":"","ocean_shortcode_after_header":"","ocean_has_shortcode":"","ocean_shortcode_after_title":"","ocean_shortcode_before_footer_widgets":"","ocean_shortcode_after_footer_widgets":"","ocean_shortcode_before_footer_bottom":"","ocean_shortcode_after_footer_bottom":"","ocean_display_top_bar":"default","ocean_display_header":"default","ocean_header_style":"","ocean_center_header_left_menu":"","ocean_custom_header_template":"","ocean_custom_logo":0,"ocean_custom_retina_logo":0,"ocean_custom_logo_max_width":0,"ocean_custom_logo_tablet_max_width":0,"ocean_custom_logo_mobile_max_width":0,"ocean_custom_logo_max_height":0,"ocean_custom_logo_tablet_max_height":0,"ocean_custom_logo_mobile_max_height":0,"ocean_header_custom_menu":"","ocean_menu_typo_font_family":"","ocean_menu_typo_font_subset":"","ocean_menu_typo_font_size":0,"ocean_menu_typo_font_size_tablet":0,"ocean_menu_typo_font_size_mobile":0,"ocean_menu_typo_font_size_unit":"px","ocean_menu_typo_font_weight":"","ocean_menu_typo_font_weight_tablet":"","ocean_menu_typo_font_weight_mobile":"","ocean_menu_typo_transform":"","ocean_menu_typo_transform_tablet":"","ocean_menu_typo_transform_mobile":"","ocean_menu_typo_line_height":0,"ocean_menu_typo_line_height_tablet":0,"ocean_menu_typo_line_height_mobile":0,"ocean_menu_typo_line_height_unit":"","ocean_menu_typo_spacing":0,"ocean_menu_typo_spacing_tablet":0,"ocean_menu_typo_spacing_mobile":0,"ocean_menu_typo_spacing_unit":"","ocean_menu_link_color":"","ocean_menu_link_color_hover":"","ocean_menu_link_color_active":"","ocean_menu_link_background":"","ocean_menu_link_hover_background":"","ocean_menu_link_active_background":"","ocean_menu_social_links_bg":"","ocean_menu_social_hover_links_bg":"","ocean_menu_social_links_color":"","ocean_menu_social_hover_links_color":"","ocean_disable_title":"default","ocean_disable_heading":"default","ocean_post_title":"","ocean_post_subheading":"","ocean_post_title_style":"","ocean_post_title_background_color":"","ocean_post_title_background":0,"ocean_post_title_bg_image_position":"","ocean_post_title_bg_image_attachment":"","ocean_post_title_bg_image_repeat":"","ocean_post_title_bg_image_size":"","ocean_post_title_height":0,"ocean_post_title_bg_overlay":0.5,"ocean_post_title_bg_overlay_color":"","ocean_disable_breadcrumbs":"default","ocean_breadcrumbs_color":"","ocean_breadcrumbs_separator_color":"","ocean_breadcrumbs_links_color":"","ocean_breadcrumbs_links_hover_color":"","ocean_display_footer_widgets":"default","ocean_display_footer_bottom":"default","ocean_custom_footer_template":"","ocean_post_oembed":"","ocean_post_self_hosted_media":"","ocean_post_video_embed":"","ocean_link_format":"","ocean_link_format_target":"self","ocean_quote_format":"","ocean_quote_format_link":"post","ocean_gallery_link_images":"on","ocean_gallery_id":[]},"categories":[9],"tags":[580,75,62,82,4],"acf":[],"_links":{"self":[{"href":"https:\/\/www.simepe.com.br\/novo\/wp-json\/wp\/v2\/posts\/49622"}],"collection":[{"href":"https:\/\/www.simepe.com.br\/novo\/wp-json\/wp\/v2\/posts"}],"about":[{"href":"https:\/\/www.simepe.com.br\/novo\/wp-json\/wp\/v2\/types\/post"}],"author":[{"embeddable":true,"href":"https:\/\/www.simepe.com.br\/novo\/wp-json\/wp\/v2\/users\/1"}],"replies":[{"embeddable":true,"href":"https:\/\/www.simepe.com.br\/novo\/wp-json\/wp\/v2\/comments?post=49622"}],"version-history":[{"count":1,"href":"https:\/\/www.simepe.com.br\/novo\/wp-json\/wp\/v2\/posts\/49622\/revisions"}],"predecessor-version":[{"id":49623,"href":"https:\/\/www.simepe.com.br\/novo\/wp-json\/wp\/v2\/posts\/49622\/revisions\/49623"}],"wp:attachment":[{"href":"https:\/\/www.simepe.com.br\/novo\/wp-json\/wp\/v2\/media?parent=49622"}],"wp:term":[{"taxonomy":"category","embeddable":true,"href":"https:\/\/www.simepe.com.br\/novo\/wp-json\/wp\/v2\/categories?post=49622"},{"taxonomy":"post_tag","embeddable":true,"href":"https:\/\/www.simepe.com.br\/novo\/wp-json\/wp\/v2\/tags?post=49622"}],"curies":[{"name":"wp","href":"https:\/\/api.w.org\/{rel}","templated":true}]}}