{"id":49638,"date":"2018-11-09T09:31:50","date_gmt":"2018-11-09T12:31:50","guid":{"rendered":"http:\/\/www.simepe.com.br\/novo\/?p=49638"},"modified":"2018-12-05T10:49:59","modified_gmt":"2018-12-05T13:49:59","slug":"medicos-do-recife-realizam-acao-na-pcr","status":"publish","type":"post","link":"https:\/\/www.simepe.com.br\/novo\/medicos-do-recife-realizam-acao-na-pcr\/","title":{"rendered":"M\u00e9dicos do Recife realizaram ato na PCR"},"content":{"rendered":"<p style=\"text-align: justify;\">Os m\u00e9dicos da Rede Municipal de Sa\u00fade do Recife e o presidente do Sindicato dos M\u00e9dicos de Pernambuco (Simepe), Tadeu Calheiros, realizaram uma a\u00e7\u00e3o na manh\u00e3 desta quinta-feira (08\/11), na Prefeitura da Cidade do Recife (PCR). A inten\u00e7\u00e3o da mobiliza\u00e7\u00e3o foi a entrega de um of\u00edcio no Protocolo do Gabinete do Prefeito, solicitando uma audi\u00eancia com o gestor. Al\u00e9m disso, tamb\u00e9m foi\u00a0entregue um documento internacional,\u00a0elaborado pela Confedera\u00e7\u00e3o M\u00e9dica Latino-Ibero-Americana e del Caribe (Confemel), que se solidarizou com a greve dos m\u00e9dicos e pede para que o prefeito colabore e atenda \u00e0s reivindica\u00e7\u00f5es da categoria.<\/p>\n<p style=\"text-align: justify;\">Essa a\u00e7\u00e3o foi mais uma investida do Sindicato e dos m\u00e9dicos do Recife que buscam por melhorias na sa\u00fade municipal. A categoria luta pela requalifica\u00e7\u00e3o das unidades; abastecimento de medicamentos e insumos; recomposi\u00e7\u00e3o das escalas m\u00e9dicas; seguran\u00e7a; e cumprimento do Termo de Compromisso firmado com a PCR em janeiro deste ano.<\/p>\n<p style=\"text-align: justify;\">Uma nova Assembleia Geral Extraordin\u00e1ria (AGE) ser\u00e1 realizada na pr\u00f3xima quarta-feira (14\/11), \u00e0s 9h, na Associa\u00e7\u00e3o M\u00e9dica de Pernambuco (AMPE).<\/p>\n<p style=\"text-align: justify;\"><a href=\"http:\/\/www.simepe.com.br\/novo\/wp-content\/uploads\/2018\/11\/3C42D5FA-6BB6-42B4-BD83-5F59230C3590.jpeg\" rel=\"attachment wp-att-49611\"><img fetchpriority=\"high\" class=\"aligncenter size-full wp-image-49611\" src=\"http:\/\/www.simepe.com.br\/novo\/wp-content\/uploads\/2018\/11\/3C42D5FA-6BB6-42B4-BD83-5F59230C3590.jpeg\" alt=\"3C42D5FA-6BB6-42B4-BD83-5F59230C3590\" width=\"4032\" height=\"3024\" srcset=\"https:\/\/www.simepe.com.br\/novo\/wp-content\/uploads\/2018\/11\/3C42D5FA-6BB6-42B4-BD83-5F59230C3590.jpeg 4032w, https:\/\/www.simepe.com.br\/novo\/wp-content\/uploads\/2018\/11\/3C42D5FA-6BB6-42B4-BD83-5F59230C3590-300x225.jpeg 300w, https:\/\/www.simepe.com.br\/novo\/wp-content\/uploads\/2018\/11\/3C42D5FA-6BB6-42B4-BD83-5F59230C3590-768x576.jpeg 768w, https:\/\/www.simepe.com.br\/novo\/wp-content\/uploads\/2018\/11\/3C42D5FA-6BB6-42B4-BD83-5F59230C3590-1024x768.jpeg 1024w\" sizes=\"(max-width: 4032px) 100vw, 4032px\" \/><\/a><a href=\"http:\/\/www.simepe.com.br\/novo\/wp-content\/uploads\/2018\/11\/D42E8A9D-4687-4AD7-85A0-10797F3997B1.jpeg\" rel=\"attachment wp-att-49610\"><img class=\"aligncenter size-full wp-image-49610\" src=\"http:\/\/www.simepe.com.br\/novo\/wp-content\/uploads\/2018\/11\/D42E8A9D-4687-4AD7-85A0-10797F3997B1.jpeg\" alt=\"D42E8A9D-4687-4AD7-85A0-10797F3997B1\" width=\"4032\" height=\"3024\" srcset=\"https:\/\/www.simepe.com.br\/novo\/wp-content\/uploads\/2018\/11\/D42E8A9D-4687-4AD7-85A0-10797F3997B1.jpeg 4032w, https:\/\/www.simepe.com.br\/novo\/wp-content\/uploads\/2018\/11\/D42E8A9D-4687-4AD7-85A0-10797F3997B1-300x225.jpeg 300w, https:\/\/www.simepe.com.br\/novo\/wp-content\/uploads\/2018\/11\/D42E8A9D-4687-4AD7-85A0-10797F3997B1-768x576.jpeg 768w, https:\/\/www.simepe.com.br\/novo\/wp-content\/uploads\/2018\/11\/D42E8A9D-4687-4AD7-85A0-10797F3997B1-1024x768.jpeg 1024w\" sizes=\"(max-width: 4032px) 100vw, 4032px\" \/><\/a><a href=\"http:\/\/www.simepe.com.br\/novo\/wp-content\/uploads\/2018\/11\/45637712_2169581733316071_9187376366918565888_n.jpg\" rel=\"attachment wp-att-49641\"><br \/>\n<\/a><\/p>\n","protected":false},"excerpt":{"rendered":"<p>Os m\u00e9dicos da Rede Municipal de Sa\u00fade do Recife e o presidente do Sindicato dos M\u00e9dicos de Pernambuco (Simepe), Tadeu Calheiros, realizaram uma a\u00e7\u00e3o na manh\u00e3 desta quinta-feira (08\/11), na Prefeitura da Cidade do Recife (PCR). A inten\u00e7\u00e3o da mobiliza\u00e7\u00e3o foi a entrega de um of\u00edcio no Protocolo do Gabinete do Prefeito, solicitando uma audi\u00eancia [&hellip;]<\/p>\n","protected":false},"author":1,"featured_media":49648,"comment_status":"open","ping_status":"open","sticky":false,"template":"","format":"standard","meta":{"ocean_post_layout":"","ocean_both_sidebars_style":"","ocean_both_sidebars_content_width":0,"ocean_both_sidebars_sidebars_width":0,"ocean_sidebar":"","ocean_second_sidebar":"","ocean_disable_margins":"enable","ocean_add_body_class":"","ocean_shortcode_before_top_bar":"","ocean_shortcode_after_top_bar":"","ocean_shortcode_before_header":"","ocean_shortcode_after_header":"","ocean_has_shortcode":"","ocean_shortcode_after_title":"","ocean_shortcode_before_footer_widgets":"","ocean_shortcode_after_footer_widgets":"","ocean_shortcode_before_footer_bottom":"","ocean_shortcode_after_footer_bottom":"","ocean_display_top_bar":"default","ocean_display_header":"default","ocean_header_style":"","ocean_center_header_left_menu":"","ocean_custom_header_template":"","ocean_custom_logo":0,"ocean_custom_retina_logo":0,"ocean_custom_logo_max_width":0,"ocean_custom_logo_tablet_max_width":0,"ocean_custom_logo_mobile_max_width":0,"ocean_custom_logo_max_height":0,"ocean_custom_logo_tablet_max_height":0,"ocean_custom_logo_mobile_max_height":0,"ocean_header_custom_menu":"","ocean_menu_typo_font_family":"","ocean_menu_typo_font_subset":"","ocean_menu_typo_font_size":0,"ocean_menu_typo_font_size_tablet":0,"ocean_menu_typo_font_size_mobile":0,"ocean_menu_typo_font_size_unit":"px","ocean_menu_typo_font_weight":"","ocean_menu_typo_font_weight_tablet":"","ocean_menu_typo_font_weight_mobile":"","ocean_menu_typo_transform":"","ocean_menu_typo_transform_tablet":"","ocean_menu_typo_transform_mobile":"","ocean_menu_typo_line_height":0,"ocean_menu_typo_line_height_tablet":0,"ocean_menu_typo_line_height_mobile":0,"ocean_menu_typo_line_height_unit":"","ocean_menu_typo_spacing":0,"ocean_menu_typo_spacing_tablet":0,"ocean_menu_typo_spacing_mobile":0,"ocean_menu_typo_spacing_unit":"","ocean_menu_link_color":"","ocean_menu_link_color_hover":"","ocean_menu_link_color_active":"","ocean_menu_link_background":"","ocean_menu_link_hover_background":"","ocean_menu_link_active_background":"","ocean_menu_social_links_bg":"","ocean_menu_social_hover_links_bg":"","ocean_menu_social_links_color":"","ocean_menu_social_hover_links_color":"","ocean_disable_title":"default","ocean_disable_heading":"default","ocean_post_title":"","ocean_post_subheading":"","ocean_post_title_style":"","ocean_post_title_background_color":"","ocean_post_title_background":0,"ocean_post_title_bg_image_position":"","ocean_post_title_bg_image_attachment":"","ocean_post_title_bg_image_repeat":"","ocean_post_title_bg_image_size":"","ocean_post_title_height":0,"ocean_post_title_bg_overlay":0.5,"ocean_post_title_bg_overlay_color":"","ocean_disable_breadcrumbs":"default","ocean_breadcrumbs_color":"","ocean_breadcrumbs_separator_color":"","ocean_breadcrumbs_links_color":"","ocean_breadcrumbs_links_hover_color":"","ocean_display_footer_widgets":"default","ocean_display_footer_bottom":"default","ocean_custom_footer_template":"","ocean_post_oembed":"","ocean_post_self_hosted_media":"","ocean_post_video_embed":"","ocean_link_format":"","ocean_link_format_target":"self","ocean_quote_format":"","ocean_quote_format_link":"post","ocean_gallery_link_images":"on","ocean_gallery_id":[]},"categories":[1],"tags":[580,75,748,62,82,4],"acf":[],"_links":{"self":[{"href":"https:\/\/www.simepe.com.br\/novo\/wp-json\/wp\/v2\/posts\/49638"}],"collection":[{"href":"https:\/\/www.simepe.com.br\/novo\/wp-json\/wp\/v2\/posts"}],"about":[{"href":"https:\/\/www.simepe.com.br\/novo\/wp-json\/wp\/v2\/types\/post"}],"author":[{"embeddable":true,"href":"https:\/\/www.simepe.com.br\/novo\/wp-json\/wp\/v2\/users\/1"}],"replies":[{"embeddable":true,"href":"https:\/\/www.simepe.com.br\/novo\/wp-json\/wp\/v2\/comments?post=49638"}],"version-history":[{"count":4,"href":"https:\/\/www.simepe.com.br\/novo\/wp-json\/wp\/v2\/posts\/49638\/revisions"}],"predecessor-version":[{"id":49647,"href":"https:\/\/www.simepe.com.br\/novo\/wp-json\/wp\/v2\/posts\/49638\/revisions\/49647"}],"wp:featuredmedia":[{"embeddable":true,"href":"https:\/\/www.simepe.com.br\/novo\/wp-json\/wp\/v2\/media\/49648"}],"wp:attachment":[{"href":"https:\/\/www.simepe.com.br\/novo\/wp-json\/wp\/v2\/media?parent=49638"}],"wp:term":[{"taxonomy":"category","embeddable":true,"href":"https:\/\/www.simepe.com.br\/novo\/wp-json\/wp\/v2\/categories?post=49638"},{"taxonomy":"post_tag","embeddable":true,"href":"https:\/\/www.simepe.com.br\/novo\/wp-json\/wp\/v2\/tags?post=49638"}],"curies":[{"name":"wp","href":"https:\/\/api.w.org\/{rel}","templated":true}]}}