{"id":49649,"date":"2018-11-09T09:43:14","date_gmt":"2018-11-09T12:43:14","guid":{"rendered":"http:\/\/www.simepe.com.br\/novo\/?p=49649"},"modified":"2018-11-09T09:43:14","modified_gmt":"2018-11-09T12:43:14","slug":"confemel-elege-paraense-para-presidir-conselho-fiscal","status":"publish","type":"post","link":"https:\/\/www.simepe.com.br\/novo\/confemel-elege-paraense-para-presidir-conselho-fiscal\/","title":{"rendered":"Confemel elege paraense para presidir Conselho Fiscal"},"content":{"rendered":"<p style=\"text-align: justify;\">O paraense Waldir Cardoso, m\u00e9dico cardiologista, diretor do Sindicato dos M\u00e9dicos do Par\u00e1 e presidente da Federa\u00e7\u00e3o M\u00e9dica Brasileira (FMB), foi eleito na semana passada presidente do Conselho Fiscal da Confedera\u00e7\u00e3o M\u00e9dica Latino-Iberoamericana e do Caribe (Confemel). Com sede no Uruguai e representando 18 pa\u00edses latino americanos, al\u00e9m de Espanha e Portugal, a Confemel \u00e9 a maior organiza\u00e7\u00e3o de m\u00e9dicos do continente, defendendo o ponto de vista dos m\u00e9dicos dessas regi\u00f5es a respeito dos grandes problemas m\u00e9dico-sociais que afetam a medicina em suas v\u00e1rias \u00e1reas.<\/p>\n<p style=\"text-align: justify;\">Na \u00faltima reuni\u00e3o da organiza\u00e7\u00e3o, realizada em Santa Cruz de La Sierra, em 1\u00ba de novembro, foi eleita a nova diretoria da entidade para um per\u00edodo de dois anos. An\u00edbal Cruz Senzano, da Bol\u00edvia, foi eleito presidente da entidade. Waldir Cardoso, foi eleito para a presid\u00eancia do Conselho Fiscal e Karin Rojas, foi eleito vice-presidente.<\/p>\n<p style=\"text-align: justify;\">Pertencer ao corpo diretor da Confemel \u00e9 de extrema import\u00e2ncia para m\u00e9dicos brasileiros e um feito \u00fanico para um m\u00e9dico paraense. \u00c9 da Confemel que partem decis\u00f5es importantes que v\u00e3o nortear o comportamento de 25% dos m\u00e9dicos do planeta e, consequentemente, influir na sa\u00fade de milh\u00f5es de pessoas. Entidade com m\u00faltiplos pontos de vista, a Confemel trava debates sobre temas candentes e nem sempre chega a um consenso. Assuntos como aborto, eutan\u00e1sia, distan\u00e1sia, entre outros, passam pelas assembleias da Confemel.<\/p>\n<p style=\"text-align: justify;\">S\u00f3 se emite um posicionamento quando a quest\u00e3o \u00e9 un\u00e2nime, o que nem sempre acontece, explica Waldir Cardoso. Entre as unanimidades, est\u00e3o a defesa intransigente de sistemas universais de sa\u00fade de qualidade; a quebra de patentes, para reduzir pre\u00e7os e se contrapor ao cartel internacional dos medicamentos; e as migra\u00e7\u00f5es de m\u00e9dicos, que prejudicam fortemente pa\u00edses que investem na forma\u00e7\u00e3o e acabam perdendo com a \u201cfuga de c\u00e9rebros\u201d para pa\u00edses mais desenvolvidos. \u201c\u00c9 preciso se estabelecer estrat\u00e9gias para manter no pa\u00eds estudantes formados com recursos p\u00fablicos. Quanto a Venezuela j\u00e1 perdeu de profissionais? Questiona. \u201cH\u00e1 uma discuss\u00e3o sobre como fixar esses m\u00e9dicos para n\u00e3o haver preju\u00edzos \u00e0s popula\u00e7\u00f5es que, em \u00faltima an\u00e1lise, investem nesses profissionais\u201d, defende.<\/p>\n<p style=\"text-align: justify;\">Mas apesar de toda a representatividade na Am\u00e9rica Latina, Caribe e pa\u00edses ib\u00e9ricos, a Confedera\u00e7\u00e3o ainda se ressente da pouca participa\u00e7\u00e3o nos debates promovidos pela Associa\u00e7\u00e3o M\u00e9dica Mundial (WMA). \u201cSomos um n\u00famero consider\u00e1vel dos m\u00e9dicos do mundo, mas ainda n\u00e3o temos a devida influ\u00eancia nos debates da WMA\u201d, aponta Waldir. Para contribuir com a maior participa\u00e7\u00e3o da Confemel nos debates, Cardoso defende uma organiza\u00e7\u00e3o maior nas agendas e mais austeridade nas finan\u00e7as. \u00c9 preciso melhorar os sistemas de presta\u00e7\u00e3o de contas, com demonstrativos de receita e despesa, o que resulta em mais transpar\u00eancia em nossa entidade\u201d, afirma.<\/p>\n<p style=\"text-align: justify;\">\u201cEm resumo: nosso objetivo \u00e9 trabalhar pelo fortalecimento da Confemel com representa\u00e7\u00e3o pol\u00edtica de m\u00e9dicos desse continente e mais a ibero-am\u00e9rica nas entidades de representa\u00e7\u00e3o mundial. Isso nos torna mais fortes e se reflete em sa\u00fade de qualidade ao cidad\u00e3o\u201d, conclui.<\/p>\n<p style=\"text-align: justify;\">\n<p style=\"text-align: justify;\">Fonte: Assessoria de Comunica\u00e7\u00e3o do Sindicato dos M\u00e9dicos do Par\u00e1 (Sindmepa)<\/p>\n","protected":false},"excerpt":{"rendered":"<p>O paraense Waldir Cardoso, m\u00e9dico cardiologista, diretor do Sindicato dos M\u00e9dicos do Par\u00e1 e presidente da Federa\u00e7\u00e3o M\u00e9dica Brasileira (FMB), foi eleito na semana passada presidente do Conselho Fiscal da Confedera\u00e7\u00e3o M\u00e9dica Latino-Iberoamericana e do Caribe (Confemel). Com sede no Uruguai e representando 18 pa\u00edses latino americanos, al\u00e9m de Espanha e Portugal, a Confemel \u00e9 [&hellip;]<\/p>\n","protected":false},"author":1,"featured_media":49650,"comment_status":"open","ping_status":"open","sticky":false,"template":"","format":"standard","meta":{"ocean_post_layout":"","ocean_both_sidebars_style":"","ocean_both_sidebars_content_width":0,"ocean_both_sidebars_sidebars_width":0,"ocean_sidebar":"","ocean_second_sidebar":"","ocean_disable_margins":"enable","ocean_add_body_class":"","ocean_shortcode_before_top_bar":"","ocean_shortcode_after_top_bar":"","ocean_shortcode_before_header":"","ocean_shortcode_after_header":"","ocean_has_shortcode":"","ocean_shortcode_after_title":"","ocean_shortcode_before_footer_widgets":"","ocean_shortcode_after_footer_widgets":"","ocean_shortcode_before_footer_bottom":"","ocean_shortcode_after_footer_bottom":"","ocean_display_top_bar":"default","ocean_display_header":"default","ocean_header_style":"","ocean_center_header_left_menu":"","ocean_custom_header_template":"","ocean_custom_logo":0,"ocean_custom_retina_logo":0,"ocean_custom_logo_max_width":0,"ocean_custom_logo_tablet_max_width":0,"ocean_custom_logo_mobile_max_width":0,"ocean_custom_logo_max_height":0,"ocean_custom_logo_tablet_max_height":0,"ocean_custom_logo_mobile_max_height":0,"ocean_header_custom_menu":"","ocean_menu_typo_font_family":"","ocean_menu_typo_font_subset":"","ocean_menu_typo_font_size":0,"ocean_menu_typo_font_size_tablet":0,"ocean_menu_typo_font_size_mobile":0,"ocean_menu_typo_font_size_unit":"px","ocean_menu_typo_font_weight":"","ocean_menu_typo_font_weight_tablet":"","ocean_menu_typo_font_weight_mobile":"","ocean_menu_typo_transform":"","ocean_menu_typo_transform_tablet":"","ocean_menu_typo_transform_mobile":"","ocean_menu_typo_line_height":0,"ocean_menu_typo_line_height_tablet":0,"ocean_menu_typo_line_height_mobile":0,"ocean_menu_typo_line_height_unit":"","ocean_menu_typo_spacing":0,"ocean_menu_typo_spacing_tablet":0,"ocean_menu_typo_spacing_mobile":0,"ocean_menu_typo_spacing_unit":"","ocean_menu_link_color":"","ocean_menu_link_color_hover":"","ocean_menu_link_color_active":"","ocean_menu_link_background":"","ocean_menu_link_hover_background":"","ocean_menu_link_active_background":"","ocean_menu_social_links_bg":"","ocean_menu_social_hover_links_bg":"","ocean_menu_social_links_color":"","ocean_menu_social_hover_links_color":"","ocean_disable_title":"default","ocean_disable_heading":"default","ocean_post_title":"","ocean_post_subheading":"","ocean_post_title_style":"","ocean_post_title_background_color":"","ocean_post_title_background":0,"ocean_post_title_bg_image_position":"","ocean_post_title_bg_image_attachment":"","ocean_post_title_bg_image_repeat":"","ocean_post_title_bg_image_size":"","ocean_post_title_height":0,"ocean_post_title_bg_overlay":0.5,"ocean_post_title_bg_overlay_color":"","ocean_disable_breadcrumbs":"default","ocean_breadcrumbs_color":"","ocean_breadcrumbs_separator_color":"","ocean_breadcrumbs_links_color":"","ocean_breadcrumbs_links_hover_color":"","ocean_display_footer_widgets":"default","ocean_display_footer_bottom":"default","ocean_custom_footer_template":"","ocean_post_oembed":"","ocean_post_self_hosted_media":"","ocean_post_video_embed":"","ocean_link_format":"","ocean_link_format_target":"self","ocean_quote_format":"","ocean_quote_format_link":"post","ocean_gallery_link_images":"on","ocean_gallery_id":[]},"categories":[1],"tags":[],"acf":[],"_links":{"self":[{"href":"https:\/\/www.simepe.com.br\/novo\/wp-json\/wp\/v2\/posts\/49649"}],"collection":[{"href":"https:\/\/www.simepe.com.br\/novo\/wp-json\/wp\/v2\/posts"}],"about":[{"href":"https:\/\/www.simepe.com.br\/novo\/wp-json\/wp\/v2\/types\/post"}],"author":[{"embeddable":true,"href":"https:\/\/www.simepe.com.br\/novo\/wp-json\/wp\/v2\/users\/1"}],"replies":[{"embeddable":true,"href":"https:\/\/www.simepe.com.br\/novo\/wp-json\/wp\/v2\/comments?post=49649"}],"version-history":[{"count":1,"href":"https:\/\/www.simepe.com.br\/novo\/wp-json\/wp\/v2\/posts\/49649\/revisions"}],"predecessor-version":[{"id":49651,"href":"https:\/\/www.simepe.com.br\/novo\/wp-json\/wp\/v2\/posts\/49649\/revisions\/49651"}],"wp:featuredmedia":[{"embeddable":true,"href":"https:\/\/www.simepe.com.br\/novo\/wp-json\/wp\/v2\/media\/49650"}],"wp:attachment":[{"href":"https:\/\/www.simepe.com.br\/novo\/wp-json\/wp\/v2\/media?parent=49649"}],"wp:term":[{"taxonomy":"category","embeddable":true,"href":"https:\/\/www.simepe.com.br\/novo\/wp-json\/wp\/v2\/categories?post=49649"},{"taxonomy":"post_tag","embeddable":true,"href":"https:\/\/www.simepe.com.br\/novo\/wp-json\/wp\/v2\/tags?post=49649"}],"curies":[{"name":"wp","href":"https:\/\/api.w.org\/{rel}","templated":true}]}}