{"id":49652,"date":"2018-11-09T09:44:57","date_gmt":"2018-11-09T12:44:57","guid":{"rendered":"http:\/\/www.simepe.com.br\/novo\/?p=49652"},"modified":"2018-11-09T09:44:57","modified_gmt":"2018-11-09T12:44:57","slug":"sindicato-em-acao-pccs-da-categoria-medica-de-maracanau-e-implantado","status":"publish","type":"post","link":"https:\/\/www.simepe.com.br\/novo\/sindicato-em-acao-pccs-da-categoria-medica-de-maracanau-e-implantado\/","title":{"rendered":"Sindicato em a\u00e7\u00e3o: PCCS da categoria m\u00e9dica de Maracana\u00fa \u00e9 implantado"},"content":{"rendered":"<p style=\"text-align: justify;\">O Sindicato dos M\u00e9dicos do Cear\u00e1 comemora mais uma conquista em prol da categoria m\u00e9dica, a implanta\u00e7\u00e3o do Plano de Cargos, Carreiras e Sal\u00e1rios (PCCS) dos m\u00e9dicos do munic\u00edpio de Maracana\u00fa. A vit\u00f3ria veio ap\u00f3s anos de um intenso trabalho, com a\u00e7\u00f5es promovidas pelos profissionais e pela entidade no sentido de instituir um plano que atendesse as reais necessidades da categoria. O Sindicato continuar\u00e1 acompanhando a quest\u00e3o para que todos os benef\u00edcios sejam garantidos.<\/p>\n<p style=\"text-align: justify;\">Em continuidade \u00e0s iniciativas que visam o aprimoramento do Plano, nessa ter\u00e7a-feira (6), a Assessoria Jur\u00eddica do Sindicato esteve reunida com representantes da Prefeitura de Marcana\u00fa a fim de acompanhar todo o processo e as novas delibera\u00e7\u00f5es acerca do pr\u00f3ximo passo: a elabora\u00e7\u00e3o do decreto que regulamenta os termos do PCCS.<\/p>\n<p style=\"text-align: justify;\">Segundo o presidente do Sindicato, Dr. Edmar Fernandes, a entidade sempre defender\u00e1 que os diretos dos m\u00e9dicos sejam garantidos, assim como n\u00e3o medir\u00e1 esfor\u00e7os em conquistar melhorias para a classe. \u201cAp\u00f3s anos de tentativas em busca de garantir um PCCS que chegasse o mais pr\u00f3ximo dos anseios da categoria, eis que agora podemos comemorar esta vit\u00f3ria. Agora vamos companhar a execu\u00e7\u00e3o do Plano e bucar aprimor\u00e1-lo, participando de todas as discurs\u00f5es, por meio de uma comiss\u00e3o de trabalho\u201d, destaca.<\/p>\n<p style=\"text-align: justify;\">\n<p style=\"text-align: justify;\">Fonte: Assessoria de Comunica\u00e7\u00e3o do Sindicato dos M\u00e9dicos do Cear\u00e1 (Simec)<\/p>\n","protected":false},"excerpt":{"rendered":"<p>O Sindicato dos M\u00e9dicos do Cear\u00e1 comemora mais uma conquista em prol da categoria m\u00e9dica, a implanta\u00e7\u00e3o do Plano de Cargos, Carreiras e Sal\u00e1rios (PCCS) dos m\u00e9dicos do munic\u00edpio de Maracana\u00fa. A vit\u00f3ria veio ap\u00f3s anos de um intenso trabalho, com a\u00e7\u00f5es promovidas pelos profissionais e pela entidade no sentido de instituir um plano que [&hellip;]<\/p>\n","protected":false},"author":1,"featured_media":49653,"comment_status":"open","ping_status":"open","sticky":false,"template":"","format":"standard","meta":{"ocean_post_layout":"","ocean_both_sidebars_style":"","ocean_both_sidebars_content_width":0,"ocean_both_sidebars_sidebars_width":0,"ocean_sidebar":"","ocean_second_sidebar":"","ocean_disable_margins":"enable","ocean_add_body_class":"","ocean_shortcode_before_top_bar":"","ocean_shortcode_after_top_bar":"","ocean_shortcode_before_header":"","ocean_shortcode_after_header":"","ocean_has_shortcode":"","ocean_shortcode_after_title":"","ocean_shortcode_before_footer_widgets":"","ocean_shortcode_after_footer_widgets":"","ocean_shortcode_before_footer_bottom":"","ocean_shortcode_after_footer_bottom":"","ocean_display_top_bar":"default","ocean_display_header":"default","ocean_header_style":"","ocean_center_header_left_menu":"","ocean_custom_header_template":"","ocean_custom_logo":0,"ocean_custom_retina_logo":0,"ocean_custom_logo_max_width":0,"ocean_custom_logo_tablet_max_width":0,"ocean_custom_logo_mobile_max_width":0,"ocean_custom_logo_max_height":0,"ocean_custom_logo_tablet_max_height":0,"ocean_custom_logo_mobile_max_height":0,"ocean_header_custom_menu":"","ocean_menu_typo_font_family":"","ocean_menu_typo_font_subset":"","ocean_menu_typo_font_size":0,"ocean_menu_typo_font_size_tablet":0,"ocean_menu_typo_font_size_mobile":0,"ocean_menu_typo_font_size_unit":"px","ocean_menu_typo_font_weight":"","ocean_menu_typo_font_weight_tablet":"","ocean_menu_typo_font_weight_mobile":"","ocean_menu_typo_transform":"","ocean_menu_typo_transform_tablet":"","ocean_menu_typo_transform_mobile":"","ocean_menu_typo_line_height":0,"ocean_menu_typo_line_height_tablet":0,"ocean_menu_typo_line_height_mobile":0,"ocean_menu_typo_line_height_unit":"","ocean_menu_typo_spacing":0,"ocean_menu_typo_spacing_tablet":0,"ocean_menu_typo_spacing_mobile":0,"ocean_menu_typo_spacing_unit":"","ocean_menu_link_color":"","ocean_menu_link_color_hover":"","ocean_menu_link_color_active":"","ocean_menu_link_background":"","ocean_menu_link_hover_background":"","ocean_menu_link_active_background":"","ocean_menu_social_links_bg":"","ocean_menu_social_hover_links_bg":"","ocean_menu_social_links_color":"","ocean_menu_social_hover_links_color":"","ocean_disable_title":"default","ocean_disable_heading":"default","ocean_post_title":"","ocean_post_subheading":"","ocean_post_title_style":"","ocean_post_title_background_color":"","ocean_post_title_background":0,"ocean_post_title_bg_image_position":"","ocean_post_title_bg_image_attachment":"","ocean_post_title_bg_image_repeat":"","ocean_post_title_bg_image_size":"","ocean_post_title_height":0,"ocean_post_title_bg_overlay":0.5,"ocean_post_title_bg_overlay_color":"","ocean_disable_breadcrumbs":"default","ocean_breadcrumbs_color":"","ocean_breadcrumbs_separator_color":"","ocean_breadcrumbs_links_color":"","ocean_breadcrumbs_links_hover_color":"","ocean_display_footer_widgets":"default","ocean_display_footer_bottom":"default","ocean_custom_footer_template":"","ocean_post_oembed":"","ocean_post_self_hosted_media":"","ocean_post_video_embed":"","ocean_link_format":"","ocean_link_format_target":"self","ocean_quote_format":"","ocean_quote_format_link":"post","ocean_gallery_link_images":"on","ocean_gallery_id":[]},"categories":[1],"tags":[],"acf":[],"_links":{"self":[{"href":"https:\/\/www.simepe.com.br\/novo\/wp-json\/wp\/v2\/posts\/49652"}],"collection":[{"href":"https:\/\/www.simepe.com.br\/novo\/wp-json\/wp\/v2\/posts"}],"about":[{"href":"https:\/\/www.simepe.com.br\/novo\/wp-json\/wp\/v2\/types\/post"}],"author":[{"embeddable":true,"href":"https:\/\/www.simepe.com.br\/novo\/wp-json\/wp\/v2\/users\/1"}],"replies":[{"embeddable":true,"href":"https:\/\/www.simepe.com.br\/novo\/wp-json\/wp\/v2\/comments?post=49652"}],"version-history":[{"count":1,"href":"https:\/\/www.simepe.com.br\/novo\/wp-json\/wp\/v2\/posts\/49652\/revisions"}],"predecessor-version":[{"id":49654,"href":"https:\/\/www.simepe.com.br\/novo\/wp-json\/wp\/v2\/posts\/49652\/revisions\/49654"}],"wp:featuredmedia":[{"embeddable":true,"href":"https:\/\/www.simepe.com.br\/novo\/wp-json\/wp\/v2\/media\/49653"}],"wp:attachment":[{"href":"https:\/\/www.simepe.com.br\/novo\/wp-json\/wp\/v2\/media?parent=49652"}],"wp:term":[{"taxonomy":"category","embeddable":true,"href":"https:\/\/www.simepe.com.br\/novo\/wp-json\/wp\/v2\/categories?post=49652"},{"taxonomy":"post_tag","embeddable":true,"href":"https:\/\/www.simepe.com.br\/novo\/wp-json\/wp\/v2\/tags?post=49652"}],"curies":[{"name":"wp","href":"https:\/\/api.w.org\/{rel}","templated":true}]}}