{"id":49663,"date":"2018-11-04T10:17:50","date_gmt":"2018-11-04T13:17:50","guid":{"rendered":"http:\/\/www.simepe.com.br\/novo\/?p=49663"},"modified":"2018-11-09T10:20:47","modified_gmt":"2018-11-09T13:20:47","slug":"atencao-medicos-88","status":"publish","type":"post","link":"https:\/\/www.simepe.com.br\/novo\/atencao-medicos-88\/","title":{"rendered":"Aten\u00e7\u00e3o M\u00e9dicos 04.11.2018"},"content":{"rendered":"<p style=\"text-align: center;\"><strong>M\u00e9dicos do Recife decidem pela manuten\u00e7\u00e3o da greve<\/strong><\/p>\n<p style=\"text-align: justify;\">M\u00e9dicos vinculados \u00e0 Prefeitura do Recife seguem firmes no movimento por melhorias na sa\u00fade da capital pernambucana. Na quarta-feira passada (31\/10), os profissionais estiveram reunidos em Assembleia Geral Extraordin\u00e1ria (AGE), no audit\u00f3rio da Associa\u00e7\u00e3o M\u00e9dica de Pernambuco (AMPE). Depois de avalia\u00e7\u00e3o e discuss\u00e3o, os profissionais aprovaram a proposta pela manuten\u00e7\u00e3o da greve por unanimidade. A categoria reclama da falta de medidas e di\u00e1logo efetivo por parte da gest\u00e3o municipal do Recife. Al\u00e9m da manuten\u00e7\u00e3o da greve,\u00a0ficou acertada ainda a elabora\u00e7\u00e3o de documento\/den\u00fancia com relat\u00f3rio de todas as visitas nas unidades para o MPPE, com c\u00f3pia para a C\u00e2mara Municipal do Recife e o Conselho Municipal de Sa\u00fade.<\/p>\n<p style=\"text-align: justify;\"><em>*Uma nova AGE foi marcada para quarta-feira (07\/11), \u00e0s 09h, na sede da AMPE\/Boa Vista.<\/em><\/p>\n<p style=\"text-align: center;\"><strong>Precariedade toma conta de unidade de sa\u00fade do Recife<\/strong><\/p>\n<p style=\"text-align: justify;\">O Centro de Sa\u00fade Professor Monteiro de Morais em Beberibe, foi a unidade de sa\u00fade da Prefeitura da Cidade do Recife (PCR) escolhida pelo Simepe e os M\u00e9dicos da Rede Municipal de Sa\u00fade do Recife para fiscalizar na ter\u00e7a-feira (30\/10). A a\u00e7\u00e3o fez parte das mobiliza\u00e7\u00f5es realizadas pela categoria, que est\u00e1 em greve por tempo indeterminado, como uma forma de mostrar as precariedades da sa\u00fade municipal. Os m\u00e9dicos encontraram uma s\u00e9rie de irregularidades, como na maioria das outras unidades de sa\u00fade do Recife. \u201cComo vamos falar de promo\u00e7\u00e3o e preven\u00e7\u00e3o \u00e0 sa\u00fade para um paciente que frequenta esse tipo de unidade de sa\u00fade? O que vemos \u00e9 o abandono da Prefeitura, que fecha os olhos para a sa\u00fade municipal. N\u00f3s, m\u00e9dicos, estamos lutando por condi\u00e7\u00f5es de trabalho para a categoria, como tamb\u00e9m de atendimento, para que o paciente possa ser bem assistido pela equipe de sa\u00fade\u201d, destacou a vice- presidente do Simepe, Claudia Beatriz.<\/p>\n<p style=\"text-align: center;\"><strong>Protesto e indigna\u00e7\u00e3o<\/strong><\/p>\n<p style=\"text-align: justify;\">O Simepe vem a p\u00fablico expressar sua indigna\u00e7\u00e3o e seu protesto contra o fechamento, por parte do Governo Estadual e da Assembleia Legislativa de Pernambuco (Alepe), das Delegacias de Pol\u00edcia de Crimes contra a Administra\u00e7\u00e3o e Servi\u00e7os P\u00fablicos (Decasp) e de Crimes contra a Propriedade Imaterial (Deprim).Quando o pa\u00eds inteiro clama por transpar\u00eancia e pelo fim da corrup\u00e7\u00e3o, estranha-se a atitude do Governo, que \u2013 justamente \u2013 deveria zelar e lutar por valores como justi\u00e7a, respeito e \u00e9tica.<\/p>\n<p style=\"text-align: center;\"><strong>Aten\u00e7\u00e3o Servidores da Sa\u00fade da PCR<\/strong><\/p>\n<p style=\"text-align: justify;\">J\u00e1 est\u00e1 dispon\u00edvel o resultado final PCDDV\/2018. O per\u00edodo para requerimento da Progress\u00e3o por M\u00e9rito e da Progress\u00e3o por Qualifica\u00e7\u00e3o \u00e9 at\u00e9 o dia 26\/12\/2018. N\u00e3o deixe para \u00faltima hora. A mudan\u00e7a salarial s\u00f3 acontece ap\u00f3s a Realiza\u00e7\u00e3o do Requerimento. Acesse o resultado e o requerimento pelo link: pccdvsaude.recife.pe.gov.br. D\u00favidas: fone 3355. 7314 ou pelo e- mail: pccdvsaude@recife.pe.gov.br.<\/p>\n<p style=\"text-align: center;\"><strong>M\u00e9dico, o Sindicato \u00e9 voc\u00ea! N\u00e3o h\u00e1 sindicato sem luta. N\u00e3o h\u00e1 luta sem sindicato!<\/strong><\/p>\n","protected":false},"excerpt":{"rendered":"<p>M\u00e9dicos do Recife decidem pela manuten\u00e7\u00e3o da greve M\u00e9dicos vinculados \u00e0 Prefeitura do Recife seguem firmes no movimento por melhorias na sa\u00fade da capital pernambucana. Na quarta-feira passada (31\/10), os profissionais estiveram reunidos em Assembleia Geral Extraordin\u00e1ria (AGE), no audit\u00f3rio da Associa\u00e7\u00e3o M\u00e9dica de Pernambuco (AMPE). Depois de avalia\u00e7\u00e3o e discuss\u00e3o, os profissionais aprovaram a [&hellip;]<\/p>\n","protected":false},"author":1,"featured_media":0,"comment_status":"open","ping_status":"open","sticky":false,"template":"","format":"standard","meta":{"ocean_post_layout":"","ocean_both_sidebars_style":"","ocean_both_sidebars_content_width":0,"ocean_both_sidebars_sidebars_width":0,"ocean_sidebar":"","ocean_second_sidebar":"","ocean_disable_margins":"enable","ocean_add_body_class":"","ocean_shortcode_before_top_bar":"","ocean_shortcode_after_top_bar":"","ocean_shortcode_before_header":"","ocean_shortcode_after_header":"","ocean_has_shortcode":"","ocean_shortcode_after_title":"","ocean_shortcode_before_footer_widgets":"","ocean_shortcode_after_footer_widgets":"","ocean_shortcode_before_footer_bottom":"","ocean_shortcode_after_footer_bottom":"","ocean_display_top_bar":"default","ocean_display_header":"default","ocean_header_style":"","ocean_center_header_left_menu":"","ocean_custom_header_template":"","ocean_custom_logo":0,"ocean_custom_retina_logo":0,"ocean_custom_logo_max_width":0,"ocean_custom_logo_tablet_max_width":0,"ocean_custom_logo_mobile_max_width":0,"ocean_custom_logo_max_height":0,"ocean_custom_logo_tablet_max_height":0,"ocean_custom_logo_mobile_max_height":0,"ocean_header_custom_menu":"","ocean_menu_typo_font_family":"","ocean_menu_typo_font_subset":"","ocean_menu_typo_font_size":0,"ocean_menu_typo_font_size_tablet":0,"ocean_menu_typo_font_size_mobile":0,"ocean_menu_typo_font_size_unit":"px","ocean_menu_typo_font_weight":"","ocean_menu_typo_font_weight_tablet":"","ocean_menu_typo_font_weight_mobile":"","ocean_menu_typo_transform":"","ocean_menu_typo_transform_tablet":"","ocean_menu_typo_transform_mobile":"","ocean_menu_typo_line_height":0,"ocean_menu_typo_line_height_tablet":0,"ocean_menu_typo_line_height_mobile":0,"ocean_menu_typo_line_height_unit":"","ocean_menu_typo_spacing":0,"ocean_menu_typo_spacing_tablet":0,"ocean_menu_typo_spacing_mobile":0,"ocean_menu_typo_spacing_unit":"","ocean_menu_link_color":"","ocean_menu_link_color_hover":"","ocean_menu_link_color_active":"","ocean_menu_link_background":"","ocean_menu_link_hover_background":"","ocean_menu_link_active_background":"","ocean_menu_social_links_bg":"","ocean_menu_social_hover_links_bg":"","ocean_menu_social_links_color":"","ocean_menu_social_hover_links_color":"","ocean_disable_title":"default","ocean_disable_heading":"default","ocean_post_title":"","ocean_post_subheading":"","ocean_post_title_style":"","ocean_post_title_background_color":"","ocean_post_title_background":0,"ocean_post_title_bg_image_position":"","ocean_post_title_bg_image_attachment":"","ocean_post_title_bg_image_repeat":"","ocean_post_title_bg_image_size":"","ocean_post_title_height":0,"ocean_post_title_bg_overlay":0.5,"ocean_post_title_bg_overlay_color":"","ocean_disable_breadcrumbs":"default","ocean_breadcrumbs_color":"","ocean_breadcrumbs_separator_color":"","ocean_breadcrumbs_links_color":"","ocean_breadcrumbs_links_hover_color":"","ocean_display_footer_widgets":"default","ocean_display_footer_bottom":"default","ocean_custom_footer_template":"","ocean_post_oembed":"","ocean_post_self_hosted_media":"","ocean_post_video_embed":"","ocean_link_format":"","ocean_link_format_target":"self","ocean_quote_format":"","ocean_quote_format_link":"post","ocean_gallery_link_images":"on","ocean_gallery_id":[]},"categories":[1],"tags":[],"acf":[],"_links":{"self":[{"href":"https:\/\/www.simepe.com.br\/novo\/wp-json\/wp\/v2\/posts\/49663"}],"collection":[{"href":"https:\/\/www.simepe.com.br\/novo\/wp-json\/wp\/v2\/posts"}],"about":[{"href":"https:\/\/www.simepe.com.br\/novo\/wp-json\/wp\/v2\/types\/post"}],"author":[{"embeddable":true,"href":"https:\/\/www.simepe.com.br\/novo\/wp-json\/wp\/v2\/users\/1"}],"replies":[{"embeddable":true,"href":"https:\/\/www.simepe.com.br\/novo\/wp-json\/wp\/v2\/comments?post=49663"}],"version-history":[{"count":2,"href":"https:\/\/www.simepe.com.br\/novo\/wp-json\/wp\/v2\/posts\/49663\/revisions"}],"predecessor-version":[{"id":49665,"href":"https:\/\/www.simepe.com.br\/novo\/wp-json\/wp\/v2\/posts\/49663\/revisions\/49665"}],"wp:attachment":[{"href":"https:\/\/www.simepe.com.br\/novo\/wp-json\/wp\/v2\/media?parent=49663"}],"wp:term":[{"taxonomy":"category","embeddable":true,"href":"https:\/\/www.simepe.com.br\/novo\/wp-json\/wp\/v2\/categories?post=49663"},{"taxonomy":"post_tag","embeddable":true,"href":"https:\/\/www.simepe.com.br\/novo\/wp-json\/wp\/v2\/tags?post=49663"}],"curies":[{"name":"wp","href":"https:\/\/api.w.org\/{rel}","templated":true}]}}