{"id":49682,"date":"2018-11-12T08:24:12","date_gmt":"2018-11-12T11:24:12","guid":{"rendered":"http:\/\/www.simepe.com.br\/novo\/?p=49682"},"modified":"2018-11-12T08:24:12","modified_gmt":"2018-11-12T11:24:12","slug":"justica-regulamenta-reajuste-a-plano-de-saude-para-quem-faz-59","status":"publish","type":"post","link":"https:\/\/www.simepe.com.br\/novo\/justica-regulamenta-reajuste-a-plano-de-saude-para-quem-faz-59\/","title":{"rendered":"Justi\u00e7a regulamenta reajuste a plano de sa\u00fade para quem faz 59"},"content":{"rendered":"<p style=\"text-align: justify;\">O despacho, desta quinta-feira (8), deve ser seguido pelos tribunais do Brasil<\/p>\n<p style=\"text-align: justify;\">Uma decis\u00e3o un\u00e2nime de 20 desembargadores do Tribunal de Justi\u00e7a de S\u00e3o Paulo autorizou e regulamentou o reajuste dos planos de sa\u00fade a pacientes com 59 anos de idade. O despacho desta quinta-feira (8), que deve ser seguido pelos tribunais do Brasil, pretende p\u00f4r fim ao grande n\u00famero de a\u00e7\u00f5es judiciais de clientes que consideram abusivo o aumento aplicado para essa faixa de idade.<\/p>\n<p style=\"text-align: justify;\">A informa\u00e7\u00e3o foi publicada pelo portal UOL.<\/p>\n<p style=\"text-align: justify;\">&#8220;\u00c9 v\u00e1lido, em tese, o reajuste por mudan\u00e7a de faixa et\u00e1ria aos 59 anos de idade, nos contratos coletivos de planos de sa\u00fade (empresarial ou por ades\u00e3o), celebrados a partir de 1\/1\/04 ou adaptados \u00e0 Resolu\u00e7\u00e3o n\u00ba 63\/03, da ANS [Ag\u00eancia Nacional de Sa\u00fade], desde que previsto em cl\u00e1usula contratual clara, contento as faixas et\u00e1rias e os percentuais aplic\u00e1veis a cada uma delas&#8221;, diz a decis\u00e3o, que ainda precisa ser publicada em Ac\u00f3rd\u00e3o.<\/p>\n<p style=\"text-align: justify;\">De acordo com a lei, o plano m\u00e9dico pode aumentar a mensalidade em duas ocasi\u00f5es: uma vez ao ano ele rep\u00f5e os valores da infla\u00e7\u00e3o do per\u00edodo; a cada cinco anos, o reajuste \u00e9 por faixa de idade -aos 19, 24, 29, 34, 38, 44, 49, 54, 58 e, por fim, j\u00e1 no ano seguinte, aos 59 anos. O reajuste desta \u00faltima faixa de idade \u00e9 muito contestado na Justi\u00e7a em raz\u00e3o dos altos percentuais aplicados e da proximidade com o aumento do ano anterior.<\/p>\n<p style=\"text-align: justify;\">\n<p style=\"text-align: justify;\">Fonte: Folha de Pernambuco<\/p>\n","protected":false},"excerpt":{"rendered":"<p>O despacho, desta quinta-feira (8), deve ser seguido pelos tribunais do Brasil Uma decis\u00e3o un\u00e2nime de 20 desembargadores do Tribunal de Justi\u00e7a de S\u00e3o Paulo autorizou e regulamentou o reajuste dos planos de sa\u00fade a pacientes com 59 anos de idade. O despacho desta quinta-feira (8), que deve ser seguido pelos tribunais do Brasil, pretende [&hellip;]<\/p>\n","protected":false},"author":1,"featured_media":0,"comment_status":"open","ping_status":"open","sticky":false,"template":"","format":"standard","meta":{"ocean_post_layout":"","ocean_both_sidebars_style":"","ocean_both_sidebars_content_width":0,"ocean_both_sidebars_sidebars_width":0,"ocean_sidebar":"","ocean_second_sidebar":"","ocean_disable_margins":"enable","ocean_add_body_class":"","ocean_shortcode_before_top_bar":"","ocean_shortcode_after_top_bar":"","ocean_shortcode_before_header":"","ocean_shortcode_after_header":"","ocean_has_shortcode":"","ocean_shortcode_after_title":"","ocean_shortcode_before_footer_widgets":"","ocean_shortcode_after_footer_widgets":"","ocean_shortcode_before_footer_bottom":"","ocean_shortcode_after_footer_bottom":"","ocean_display_top_bar":"default","ocean_display_header":"default","ocean_header_style":"","ocean_center_header_left_menu":"","ocean_custom_header_template":"","ocean_custom_logo":0,"ocean_custom_retina_logo":0,"ocean_custom_logo_max_width":0,"ocean_custom_logo_tablet_max_width":0,"ocean_custom_logo_mobile_max_width":0,"ocean_custom_logo_max_height":0,"ocean_custom_logo_tablet_max_height":0,"ocean_custom_logo_mobile_max_height":0,"ocean_header_custom_menu":"","ocean_menu_typo_font_family":"","ocean_menu_typo_font_subset":"","ocean_menu_typo_font_size":0,"ocean_menu_typo_font_size_tablet":0,"ocean_menu_typo_font_size_mobile":0,"ocean_menu_typo_font_size_unit":"px","ocean_menu_typo_font_weight":"","ocean_menu_typo_font_weight_tablet":"","ocean_menu_typo_font_weight_mobile":"","ocean_menu_typo_transform":"","ocean_menu_typo_transform_tablet":"","ocean_menu_typo_transform_mobile":"","ocean_menu_typo_line_height":0,"ocean_menu_typo_line_height_tablet":0,"ocean_menu_typo_line_height_mobile":0,"ocean_menu_typo_line_height_unit":"","ocean_menu_typo_spacing":0,"ocean_menu_typo_spacing_tablet":0,"ocean_menu_typo_spacing_mobile":0,"ocean_menu_typo_spacing_unit":"","ocean_menu_link_color":"","ocean_menu_link_color_hover":"","ocean_menu_link_color_active":"","ocean_menu_link_background":"","ocean_menu_link_hover_background":"","ocean_menu_link_active_background":"","ocean_menu_social_links_bg":"","ocean_menu_social_hover_links_bg":"","ocean_menu_social_links_color":"","ocean_menu_social_hover_links_color":"","ocean_disable_title":"default","ocean_disable_heading":"default","ocean_post_title":"","ocean_post_subheading":"","ocean_post_title_style":"","ocean_post_title_background_color":"","ocean_post_title_background":0,"ocean_post_title_bg_image_position":"","ocean_post_title_bg_image_attachment":"","ocean_post_title_bg_image_repeat":"","ocean_post_title_bg_image_size":"","ocean_post_title_height":0,"ocean_post_title_bg_overlay":0.5,"ocean_post_title_bg_overlay_color":"","ocean_disable_breadcrumbs":"default","ocean_breadcrumbs_color":"","ocean_breadcrumbs_separator_color":"","ocean_breadcrumbs_links_color":"","ocean_breadcrumbs_links_hover_color":"","ocean_display_footer_widgets":"default","ocean_display_footer_bottom":"default","ocean_custom_footer_template":"","ocean_post_oembed":"","ocean_post_self_hosted_media":"","ocean_post_video_embed":"","ocean_link_format":"","ocean_link_format_target":"self","ocean_quote_format":"","ocean_quote_format_link":"post","ocean_gallery_link_images":"on","ocean_gallery_id":[]},"categories":[9],"tags":[175,510,82],"acf":[],"_links":{"self":[{"href":"https:\/\/www.simepe.com.br\/novo\/wp-json\/wp\/v2\/posts\/49682"}],"collection":[{"href":"https:\/\/www.simepe.com.br\/novo\/wp-json\/wp\/v2\/posts"}],"about":[{"href":"https:\/\/www.simepe.com.br\/novo\/wp-json\/wp\/v2\/types\/post"}],"author":[{"embeddable":true,"href":"https:\/\/www.simepe.com.br\/novo\/wp-json\/wp\/v2\/users\/1"}],"replies":[{"embeddable":true,"href":"https:\/\/www.simepe.com.br\/novo\/wp-json\/wp\/v2\/comments?post=49682"}],"version-history":[{"count":1,"href":"https:\/\/www.simepe.com.br\/novo\/wp-json\/wp\/v2\/posts\/49682\/revisions"}],"predecessor-version":[{"id":49683,"href":"https:\/\/www.simepe.com.br\/novo\/wp-json\/wp\/v2\/posts\/49682\/revisions\/49683"}],"wp:attachment":[{"href":"https:\/\/www.simepe.com.br\/novo\/wp-json\/wp\/v2\/media?parent=49682"}],"wp:term":[{"taxonomy":"category","embeddable":true,"href":"https:\/\/www.simepe.com.br\/novo\/wp-json\/wp\/v2\/categories?post=49682"},{"taxonomy":"post_tag","embeddable":true,"href":"https:\/\/www.simepe.com.br\/novo\/wp-json\/wp\/v2\/tags?post=49682"}],"curies":[{"name":"wp","href":"https:\/\/api.w.org\/{rel}","templated":true}]}}