{"id":49692,"date":"2018-11-12T08:41:11","date_gmt":"2018-11-12T11:41:11","guid":{"rendered":"http:\/\/www.simepe.com.br\/novo\/?p=49692"},"modified":"2018-11-12T08:41:11","modified_gmt":"2018-11-12T11:41:11","slug":"pe-secretaria-de-saude-investiga-doenca-que-pode-ser-forma-atipica-de-zika","status":"publish","type":"post","link":"https:\/\/www.simepe.com.br\/novo\/pe-secretaria-de-saude-investiga-doenca-que-pode-ser-forma-atipica-de-zika\/","title":{"rendered":"PE: Secretaria de Sa\u00fade investiga doen\u00e7a que pode ser forma at\u00edpica de zika"},"content":{"rendered":"<p style=\"text-align: justify;\">Secretaria Estadual de Sa\u00fade realizou reuni\u00e3o com um grupo de profissionais para iniciar a investiga\u00e7\u00e3o de doen\u00e7a exantem\u00e1tica (manchas vermelhas na pele), que n\u00e3o apresenta causa definida e tem acometido as crian\u00e7as com maior frequ\u00eancia.<\/p>\n<p style=\"text-align: justify;\">Ap\u00f3s dezenas de relatos de m\u00e9dicos das emerg\u00eancias de hospitais p\u00fablicos e particulares de Pernambuco, especialmente do Recife, sobre casos de pacientes com doen\u00e7a exantem\u00e1tica ou rash (manchas vermelhas em uma regi\u00e3o espec\u00edfica do corpo ou por toda a pele), a Secretaria Estadual de Sa\u00fade (SES) realizou reuni\u00e3o com um grupo de profissionais para iniciar a investiga\u00e7\u00e3o do quadro, que n\u00e3o apresenta causa definida e tem acometido as crian\u00e7as com maior frequ\u00eancia. O plano de a\u00e7\u00e3o inclui o monitoramento dos registros desses casos de rash, que pode ter rela\u00e7\u00e3o com diversos agentes. \u201cEntre as hip\u00f3teses, h\u00e1 aquelas que mais prevalecem e outras nem tanto. As suspeitas que predominam s\u00e3o o zika, os parvov\u00edrus e os enterov\u00edrus, mas outras possibilidades de diagn\u00f3stico tamb\u00e9m s\u00e3o consideradas, em mesma intensidade, na investiga\u00e7\u00e3o\u201d, avisa o diretor-geral de Controle de Doen\u00e7as Transmiss\u00edveis da SES, George Dimech.<\/p>\n<p style=\"text-align: justify;\">A discuss\u00e3o entre os especialistas organizada pela secretaria ocorreu na quarta-feira (7). Ontem foi divulgada, pela SES, uma nota t\u00e9cnica (documento que estabelece diretrizes, alerta e orienta os servi\u00e7os assistenciais de sa\u00fade sobre ocorr\u00eancia de eventos espec\u00edficos) que prop\u00f5e a realiza\u00e7\u00e3o de uma investiga\u00e7\u00e3o epidemiol\u00f3gica padronizada. \u201cA nota \u00e9 importante porque nortear\u00e1 o que \u00e9 poss\u00edvel ser feito para investigar os casos e esclarecer\u00e1 sobre a realiza\u00e7\u00e3o de exames que dar\u00e3o o diagn\u00f3stico. Tudo indica que \u00e9 um quadro viral, mas ainda \u00e9 inespec\u00edfico\u201d, frisa a infectopediatra Regina Coeli Ramos, do Hospital Universit\u00e1rio Oswaldo Cruz (Huoc), que tem acompanhado pacientes.<\/p>\n<p style=\"text-align: justify;\"><strong>Doen\u00e7a autolimitada<\/strong><br \/>\nOs casos, segundo os m\u00e9dicos, s\u00e3o autolimitados (melhoram espontaneamente ap\u00f3s alguns dias). \u201cOs sintomas nos levam a pensar se pode ser considerada uma forma at\u00edpica de zika, o que pode ocorrer em um poss\u00edvel novo surto seguinte ao primeiro (de 2015)\u201d, diz o cl\u00ednico-geral Carlos Brito, integrante do Comit\u00ea T\u00e9cnico de Arboviroses do Minist\u00e9rio da Sa\u00fade. Para o m\u00e9dico, o fato desse tipo de rash ser mais evidente nas crian\u00e7as \u00e9 explicado (levando em considera\u00e7\u00e3o a hip\u00f3tese de ser um caso at\u00edpico de zika) por um fen\u00f4meno que ocorre no Brasil: as epidemias iniciais de arboviroses acometem mais os adultos do que a popula\u00e7\u00e3o infantil. Ou seja, num cen\u00e1rio de novo surto, as crian\u00e7as s\u00e3o as que est\u00e3o mais suscept\u00edveis porque n\u00e3o adoeceram anteriormente \u2013 ou seja, n\u00e3o t\u00eam imunidade. \u201cIsso aconteceu com dengue: primeiramente adoeceram com mais frequ\u00eancia os adultos e, em anos seguintes, o grupo pedi\u00e1trico, abaixo dos 12 anos. N\u00e3o tem uma explica\u00e7\u00e3o muito l\u00f3gica, mas \u00e9 o que tem ocorrido quando analisamos epidemiologicamente o hist\u00f3rico das epidemias de dengue\u201d, acrescenta Brito.<\/p>\n<p style=\"text-align: justify;\">A investiga\u00e7\u00e3o conduzida pela SES j\u00e1 estruturou uma vigil\u00e2ncia em algumas unidades de sa\u00fade. &#8220;Todos os pacientes sintom\u00e1ticos (com rash que se assemelha ao quadro em investiga\u00e7\u00e3o) desses servi\u00e7os dever\u00e3o ser notificados. Eles tamb\u00e9m passar\u00e3o por coleta de amostra (de sangue) para realiza\u00e7\u00e3o de exames laboratoriais&#8221;, destaca George Dimech. O perfil do paciente, a dura\u00e7\u00e3o, a intensidade dos sintomas tamb\u00e9m ser\u00e3o considerados. &#8220;Vamos fazer um resgate dos casos que j\u00e1 foram percebidos pelos cl\u00ednicos, estruturar uma vigil\u00e2ncia para as notifica\u00e7\u00f5es serem feitas (de forma sistematizada) e para as amostras de exames serem enviadas ao laborat\u00f3rio.&#8221; A SES refor\u00e7a que n\u00e3o sabe quanto tempo deve durar a an\u00e1lise dos casos. &#8220;Ainda \u00e9 cedo para prever a conclus\u00e3o da investiga\u00e7\u00e3o&#8221;, conclui George.<\/p>\n<p style=\"text-align: justify;\">\n<p style=\"text-align: justify;\">Fonte: Jornal do Commercio<\/p>\n","protected":false},"excerpt":{"rendered":"<p>Secretaria Estadual de Sa\u00fade realizou reuni\u00e3o com um grupo de profissionais para iniciar a investiga\u00e7\u00e3o de doen\u00e7a exantem\u00e1tica (manchas vermelhas na pele), que n\u00e3o apresenta causa definida e tem acometido as crian\u00e7as com maior frequ\u00eancia. Ap\u00f3s dezenas de relatos de m\u00e9dicos das emerg\u00eancias de hospitais p\u00fablicos e particulares de Pernambuco, especialmente do Recife, sobre casos [&hellip;]<\/p>\n","protected":false},"author":1,"featured_media":0,"comment_status":"open","ping_status":"open","sticky":false,"template":"","format":"standard","meta":{"ocean_post_layout":"","ocean_both_sidebars_style":"","ocean_both_sidebars_content_width":0,"ocean_both_sidebars_sidebars_width":0,"ocean_sidebar":"","ocean_second_sidebar":"","ocean_disable_margins":"enable","ocean_add_body_class":"","ocean_shortcode_before_top_bar":"","ocean_shortcode_after_top_bar":"","ocean_shortcode_before_header":"","ocean_shortcode_after_header":"","ocean_has_shortcode":"","ocean_shortcode_after_title":"","ocean_shortcode_before_footer_widgets":"","ocean_shortcode_after_footer_widgets":"","ocean_shortcode_before_footer_bottom":"","ocean_shortcode_after_footer_bottom":"","ocean_display_top_bar":"default","ocean_display_header":"default","ocean_header_style":"","ocean_center_header_left_menu":"","ocean_custom_header_template":"","ocean_custom_logo":0,"ocean_custom_retina_logo":0,"ocean_custom_logo_max_width":0,"ocean_custom_logo_tablet_max_width":0,"ocean_custom_logo_mobile_max_width":0,"ocean_custom_logo_max_height":0,"ocean_custom_logo_tablet_max_height":0,"ocean_custom_logo_mobile_max_height":0,"ocean_header_custom_menu":"","ocean_menu_typo_font_family":"","ocean_menu_typo_font_subset":"","ocean_menu_typo_font_size":0,"ocean_menu_typo_font_size_tablet":0,"ocean_menu_typo_font_size_mobile":0,"ocean_menu_typo_font_size_unit":"px","ocean_menu_typo_font_weight":"","ocean_menu_typo_font_weight_tablet":"","ocean_menu_typo_font_weight_mobile":"","ocean_menu_typo_transform":"","ocean_menu_typo_transform_tablet":"","ocean_menu_typo_transform_mobile":"","ocean_menu_typo_line_height":0,"ocean_menu_typo_line_height_tablet":0,"ocean_menu_typo_line_height_mobile":0,"ocean_menu_typo_line_height_unit":"","ocean_menu_typo_spacing":0,"ocean_menu_typo_spacing_tablet":0,"ocean_menu_typo_spacing_mobile":0,"ocean_menu_typo_spacing_unit":"","ocean_menu_link_color":"","ocean_menu_link_color_hover":"","ocean_menu_link_color_active":"","ocean_menu_link_background":"","ocean_menu_link_hover_background":"","ocean_menu_link_active_background":"","ocean_menu_social_links_bg":"","ocean_menu_social_hover_links_bg":"","ocean_menu_social_links_color":"","ocean_menu_social_hover_links_color":"","ocean_disable_title":"default","ocean_disable_heading":"default","ocean_post_title":"","ocean_post_subheading":"","ocean_post_title_style":"","ocean_post_title_background_color":"","ocean_post_title_background":0,"ocean_post_title_bg_image_position":"","ocean_post_title_bg_image_attachment":"","ocean_post_title_bg_image_repeat":"","ocean_post_title_bg_image_size":"","ocean_post_title_height":0,"ocean_post_title_bg_overlay":0.5,"ocean_post_title_bg_overlay_color":"","ocean_disable_breadcrumbs":"default","ocean_breadcrumbs_color":"","ocean_breadcrumbs_separator_color":"","ocean_breadcrumbs_links_color":"","ocean_breadcrumbs_links_hover_color":"","ocean_display_footer_widgets":"default","ocean_display_footer_bottom":"default","ocean_custom_footer_template":"","ocean_post_oembed":"","ocean_post_self_hosted_media":"","ocean_post_video_embed":"","ocean_link_format":"","ocean_link_format_target":"self","ocean_quote_format":"","ocean_quote_format_link":"post","ocean_gallery_link_images":"on","ocean_gallery_id":[]},"categories":[9],"tags":[448,411,1543,1989],"acf":[],"_links":{"self":[{"href":"https:\/\/www.simepe.com.br\/novo\/wp-json\/wp\/v2\/posts\/49692"}],"collection":[{"href":"https:\/\/www.simepe.com.br\/novo\/wp-json\/wp\/v2\/posts"}],"about":[{"href":"https:\/\/www.simepe.com.br\/novo\/wp-json\/wp\/v2\/types\/post"}],"author":[{"embeddable":true,"href":"https:\/\/www.simepe.com.br\/novo\/wp-json\/wp\/v2\/users\/1"}],"replies":[{"embeddable":true,"href":"https:\/\/www.simepe.com.br\/novo\/wp-json\/wp\/v2\/comments?post=49692"}],"version-history":[{"count":1,"href":"https:\/\/www.simepe.com.br\/novo\/wp-json\/wp\/v2\/posts\/49692\/revisions"}],"predecessor-version":[{"id":49693,"href":"https:\/\/www.simepe.com.br\/novo\/wp-json\/wp\/v2\/posts\/49692\/revisions\/49693"}],"wp:attachment":[{"href":"https:\/\/www.simepe.com.br\/novo\/wp-json\/wp\/v2\/media?parent=49692"}],"wp:term":[{"taxonomy":"category","embeddable":true,"href":"https:\/\/www.simepe.com.br\/novo\/wp-json\/wp\/v2\/categories?post=49692"},{"taxonomy":"post_tag","embeddable":true,"href":"https:\/\/www.simepe.com.br\/novo\/wp-json\/wp\/v2\/tags?post=49692"}],"curies":[{"name":"wp","href":"https:\/\/api.w.org\/{rel}","templated":true}]}}