{"id":49694,"date":"2018-11-12T08:44:38","date_gmt":"2018-11-12T11:44:38","guid":{"rendered":"http:\/\/www.simepe.com.br\/novo\/?p=49694"},"modified":"2018-11-12T08:44:38","modified_gmt":"2018-11-12T11:44:38","slug":"sem-uti-situacao-dos-pacientes-do-hospital-correia-picanco-piora","status":"publish","type":"post","link":"https:\/\/www.simepe.com.br\/novo\/sem-uti-situacao-dos-pacientes-do-hospital-correia-picanco-piora\/","title":{"rendered":"Sem UTI, situa\u00e7\u00e3o dos pacientes do Hospital Correia Pican\u00e7o piora"},"content":{"rendered":"<p style=\"text-align: justify;\"><img src=\"https:\/\/img2.ne10.uol.com.br\/tvjornal\/imagem\/noticia\/normal\/2018\/11\/09\/8da645aeaa6b6c5d578eb7139abe4852.jpg\" alt=\"\" \/><\/p>\n<p style=\"text-align: justify;\">O Hospital Correa Pican\u00e7o, no bairro da Tamarineira, na Zona Norte do Recife, refer\u00eancia no tratamento de doen\u00e7as infecto-contagiosas, est\u00e1 sem Unidade de Terapia Intensiva (UTI). O Minist\u00e9rio P\u00fablico de Pernambuco (MPPE) determinou o fechamento da UTI por defeito no sistema de refrigera\u00e7\u00e3o.<\/p>\n<p style=\"text-align: justify;\">Os pacientes que precisam de tratamento intensivo est\u00e3o sendo atendidos de forma improvisada. V\u00eddeos mostram a situa\u00e7\u00e3o complicada de pacientes internados no hospital. Em um dos leitos, ventiladores foram colocados, pois o ar-condicionado n\u00e3o funciona.<\/p>\n<p style=\"text-align: justify;\">Um funcion\u00e1rio do hospital, que n\u00e3o quis gravar entrevista, diz que as enfermarias est\u00e3o funcionando como UTIs improvisadas. Os pacientes ali internados deveriam ficar em uma \u00e1rea de isolamento de contato. Ele diz ainda que, por causa dessa situa\u00e7\u00e3o, o estado de sa\u00fade dos pacientes est\u00e1 piorando. O funcion\u00e1rio chegou a ter que cobrir esses pacientes com len\u00e7\u00f3is molhados para aliviar o calor.<\/p>\n<p style=\"text-align: justify;\">A professora Ana Karina, \u00e9 tia de um dos pacientes, que deu entrada no \u00faltimo s\u00e1bado (3) na unidade de sa\u00fade, com insufici\u00eancia respirat\u00f3ria. Na segunda-feira (5), seu sobrinho precisou ser entubado e permaneceu na enfermaria. &#8220;O risco dele \u00e9 grave por ele estar em um ambiente que n\u00e3o seria adequado para o caso dele, que seria uma UTI&#8221;, afirmou. Horas ap\u00f3s gravar a entrevista, o sobrinho dela faleceu.<\/p>\n<p style=\"text-align: justify;\"><strong>Resposta<\/strong><br \/>\nA promotora de justi\u00e7a da \u00e1rea de sa\u00fade, Helena Capela, disse que a Secretaria de Sa\u00fade foi notificada e o caso ser\u00e1 investigado. Sobre a situa\u00e7\u00e3o do hospital, a justi\u00e7a determinou um prazo para as adequa\u00e7\u00f5es necess\u00e1rias. At\u00e9 o dia 13 de novembro, a situa\u00e7\u00e3o deve ser normalizada.<\/p>\n<p style=\"text-align: justify;\">A produ\u00e7\u00e3o da TV Jornal pediu \u00e0 Secretaria de Sa\u00fade que algum representante falasse com a equipe sobre os problemas do hospital e as medidas determinadas pelo MPPE, mas a resposta veio s\u00f3 por meio de nota.<\/p>\n<p style=\"text-align: justify;\">A informa\u00e7\u00e3o \u00e9 que a dire\u00e7\u00e3o do hospital reconhece a grande demanda de servi\u00e7o, mas ressalta que mant\u00e9m as portas abertas e n\u00e3o nega atendimento, garantindo assist\u00eancia aos pacientes do SUS. Refor\u00e7a ainda que faz esfor\u00e7os para adquirir medicamentos, quando acontecem atrasos pontuais. Sobre o problema na central de ar-condicionado na UTI, a nota diz que todas as medidas j\u00e1 est\u00e3o sendo tomadas. E sobre a falta de plaquetas para o sobrinho da professora entrevistada, a assessoria do Hemope ainda n\u00e3o enviou resposta.<\/p>\n<p style=\"text-align: justify;\"><a href=\"https:\/\/tvjornal.ne10.uol.com.br\/noticia\/ultimas\/2018\/11\/09\/sem-uti-situacao-dos-pacientes-do-hospital-correia-picanco-piora-50416.php\">Assista aqui.<\/a><\/p>\n<p style=\"text-align: justify;\">\n<p style=\"text-align: justify;\">Fonte: TV Jornal<\/p>\n","protected":false},"excerpt":{"rendered":"<p>O Hospital Correa Pican\u00e7o, no bairro da Tamarineira, na Zona Norte do Recife, refer\u00eancia no tratamento de doen\u00e7as infecto-contagiosas, est\u00e1 sem Unidade de Terapia Intensiva (UTI). O Minist\u00e9rio P\u00fablico de Pernambuco (MPPE) determinou o fechamento da UTI por defeito no sistema de refrigera\u00e7\u00e3o. Os pacientes que precisam de tratamento intensivo est\u00e3o sendo atendidos de forma [&hellip;]<\/p>\n","protected":false},"author":1,"featured_media":0,"comment_status":"open","ping_status":"open","sticky":false,"template":"","format":"standard","meta":{"ocean_post_layout":"","ocean_both_sidebars_style":"","ocean_both_sidebars_content_width":0,"ocean_both_sidebars_sidebars_width":0,"ocean_sidebar":"","ocean_second_sidebar":"","ocean_disable_margins":"enable","ocean_add_body_class":"","ocean_shortcode_before_top_bar":"","ocean_shortcode_after_top_bar":"","ocean_shortcode_before_header":"","ocean_shortcode_after_header":"","ocean_has_shortcode":"","ocean_shortcode_after_title":"","ocean_shortcode_before_footer_widgets":"","ocean_shortcode_after_footer_widgets":"","ocean_shortcode_before_footer_bottom":"","ocean_shortcode_after_footer_bottom":"","ocean_display_top_bar":"default","ocean_display_header":"default","ocean_header_style":"","ocean_center_header_left_menu":"","ocean_custom_header_template":"","ocean_custom_logo":0,"ocean_custom_retina_logo":0,"ocean_custom_logo_max_width":0,"ocean_custom_logo_tablet_max_width":0,"ocean_custom_logo_mobile_max_width":0,"ocean_custom_logo_max_height":0,"ocean_custom_logo_tablet_max_height":0,"ocean_custom_logo_mobile_max_height":0,"ocean_header_custom_menu":"","ocean_menu_typo_font_family":"","ocean_menu_typo_font_subset":"","ocean_menu_typo_font_size":0,"ocean_menu_typo_font_size_tablet":0,"ocean_menu_typo_font_size_mobile":0,"ocean_menu_typo_font_size_unit":"px","ocean_menu_typo_font_weight":"","ocean_menu_typo_font_weight_tablet":"","ocean_menu_typo_font_weight_mobile":"","ocean_menu_typo_transform":"","ocean_menu_typo_transform_tablet":"","ocean_menu_typo_transform_mobile":"","ocean_menu_typo_line_height":0,"ocean_menu_typo_line_height_tablet":0,"ocean_menu_typo_line_height_mobile":0,"ocean_menu_typo_line_height_unit":"","ocean_menu_typo_spacing":0,"ocean_menu_typo_spacing_tablet":0,"ocean_menu_typo_spacing_mobile":0,"ocean_menu_typo_spacing_unit":"","ocean_menu_link_color":"","ocean_menu_link_color_hover":"","ocean_menu_link_color_active":"","ocean_menu_link_background":"","ocean_menu_link_hover_background":"","ocean_menu_link_active_background":"","ocean_menu_social_links_bg":"","ocean_menu_social_hover_links_bg":"","ocean_menu_social_links_color":"","ocean_menu_social_hover_links_color":"","ocean_disable_title":"default","ocean_disable_heading":"default","ocean_post_title":"","ocean_post_subheading":"","ocean_post_title_style":"","ocean_post_title_background_color":"","ocean_post_title_background":0,"ocean_post_title_bg_image_position":"","ocean_post_title_bg_image_attachment":"","ocean_post_title_bg_image_repeat":"","ocean_post_title_bg_image_size":"","ocean_post_title_height":0,"ocean_post_title_bg_overlay":0.5,"ocean_post_title_bg_overlay_color":"","ocean_disable_breadcrumbs":"default","ocean_breadcrumbs_color":"","ocean_breadcrumbs_separator_color":"","ocean_breadcrumbs_links_color":"","ocean_breadcrumbs_links_hover_color":"","ocean_display_footer_widgets":"default","ocean_display_footer_bottom":"default","ocean_custom_footer_template":"","ocean_post_oembed":"","ocean_post_self_hosted_media":"","ocean_post_video_embed":"","ocean_link_format":"","ocean_link_format_target":"self","ocean_quote_format":"","ocean_quote_format_link":"post","ocean_gallery_link_images":"on","ocean_gallery_id":[]},"categories":[9],"tags":[1768,2320,82,90],"acf":[],"_links":{"self":[{"href":"https:\/\/www.simepe.com.br\/novo\/wp-json\/wp\/v2\/posts\/49694"}],"collection":[{"href":"https:\/\/www.simepe.com.br\/novo\/wp-json\/wp\/v2\/posts"}],"about":[{"href":"https:\/\/www.simepe.com.br\/novo\/wp-json\/wp\/v2\/types\/post"}],"author":[{"embeddable":true,"href":"https:\/\/www.simepe.com.br\/novo\/wp-json\/wp\/v2\/users\/1"}],"replies":[{"embeddable":true,"href":"https:\/\/www.simepe.com.br\/novo\/wp-json\/wp\/v2\/comments?post=49694"}],"version-history":[{"count":1,"href":"https:\/\/www.simepe.com.br\/novo\/wp-json\/wp\/v2\/posts\/49694\/revisions"}],"predecessor-version":[{"id":49695,"href":"https:\/\/www.simepe.com.br\/novo\/wp-json\/wp\/v2\/posts\/49694\/revisions\/49695"}],"wp:attachment":[{"href":"https:\/\/www.simepe.com.br\/novo\/wp-json\/wp\/v2\/media?parent=49694"}],"wp:term":[{"taxonomy":"category","embeddable":true,"href":"https:\/\/www.simepe.com.br\/novo\/wp-json\/wp\/v2\/categories?post=49694"},{"taxonomy":"post_tag","embeddable":true,"href":"https:\/\/www.simepe.com.br\/novo\/wp-json\/wp\/v2\/tags?post=49694"}],"curies":[{"name":"wp","href":"https:\/\/api.w.org\/{rel}","templated":true}]}}