{"id":49711,"date":"2018-11-13T08:12:29","date_gmt":"2018-11-13T11:12:29","guid":{"rendered":"http:\/\/www.simepe.com.br\/novo\/?p=49711"},"modified":"2018-11-13T08:12:29","modified_gmt":"2018-11-13T11:12:29","slug":"fiocruz-e-pernambuco-firmam-parceria-para-inovacao-em-saude","status":"publish","type":"post","link":"https:\/\/www.simepe.com.br\/novo\/fiocruz-e-pernambuco-firmam-parceria-para-inovacao-em-saude\/","title":{"rendered":"Fiocruz e Pernambuco firmam parceria para inova\u00e7\u00e3o em sa\u00fade"},"content":{"rendered":"<p style=\"text-align: justify;\">O governador de Pernambuco, Paulo C\u00e2mara e a presidente da Fiocruz, N\u00edsia Trindade, assinaram, na \u00faltima quinta-feira (8\/11), um Protocolo de Inten\u00e7\u00f5es, com o objetivo de fortalecer o uso da inova\u00e7\u00e3o na \u00e1rea da sa\u00fade e do desenvolvimento social no estado. O documento institui a coopera\u00e7\u00e3o t\u00e9cnico-cient\u00edfica entre a Secretaria de Ci\u00eancia, Tecnologia e Inova\u00e7\u00e3o (Secti) e a Fiocruz para o desenvolvimento de projetos de pesquisa, ensino, extens\u00e3o e desenvolvimento tecnol\u00f3gico, compartilhamento e dissemina\u00e7\u00e3o de informa\u00e7\u00f5es t\u00e9cnico-cient\u00edficas.<\/p>\n<p style=\"text-align: justify;\">\u201cInvestir em pesquisa \u00e9 investir no futuro. Estamos mais uma vez fazendo uma parceria importante com a Fiocruz, que \u00e9 refer\u00eancia nacional e mundial nesta \u00e1rea de pesquisa, principalmente em a\u00e7\u00f5es voltadas para a sa\u00fade p\u00fablica. Todos n\u00f3s sabemos da gravidade que foi o surto do v\u00edrus zika no Brasil. E Pernambuco saiu na frente no estudo e tratamento da doen\u00e7a. Essa parceria com a Fiocruz pensa justamente o futuro, em novas a\u00e7\u00f5es no cuidado com as pessoas. E o futuro se faz com pesquisa e inova\u00e7\u00e3o\u201d, destacou o governador.<\/p>\n<p style=\"text-align: justify;\">Para a presidente da Fiocruz, conv\u00eanios como este fortalecem as pesquisas estaduais e o trabalho integrado de ci\u00eancia e tecnologia no fortalecimento do Sistema \u00danico de Sa\u00fade (SUS). &#8220;Nosso desafio \u00e9 fazer com que esse avan\u00e7o do ponto de vista de aproxima\u00e7\u00e3o, de colocar a ci\u00eancia mais pr\u00f3xima \u00e0 sociedade, possa ter o amparo n\u00e3o somente pol\u00edtico, mas a finalidade maior do direito \u00e0 sa\u00fade, do direito \u00e0 ci\u00eancia e tecnologia, da integridade das a\u00e7\u00f5es cient\u00edficas, algo que n\u00f3s temos trabalhado com bastante profundidade nos \u00faltimos anos&#8221;, explicou.<\/p>\n<p style=\"text-align: justify;\">N\u00edsia declarou que essa assinatura vem consagrar colabora\u00e7\u00f5es j\u00e1 em curso, mas ao mesmo tempo coloca novos desafios para quest\u00f5es ligadas tanto \u00e0s doen\u00e7as transmiss\u00edveis como \u00e0s doen\u00e7as cr\u00f4nicas, \u00e0 forma\u00e7\u00e3o de pessoal e o campo da inova\u00e7\u00e3o. &#8220;N\u00f3s queremos tamb\u00e9m estreitar essa parceria, pensando n\u00e3o s\u00f3 nas a\u00e7\u00f5es que a Fiocruz realiza, mas tamb\u00e9m numa agenda de ci\u00eancia, tecnologia e inova\u00e7\u00e3o pensada de forma conjunta com as demais institui\u00e7\u00f5es cient\u00edficas do estado\u201d, afirmou.<\/p>\n<p style=\"text-align: justify;\">O protocolo de inten\u00e7\u00f5es prev\u00ea tamb\u00e9m a eventual cess\u00e3o, requisi\u00e7\u00e3o e demais modalidades de transfer\u00eancia de recursos humanos, envolvendo servidores do estado para trabalhar na Fiocruz e vice-versa. \u201cN\u00f3s vamos, agora, ampliar essas parcerias com a Fiocruz, n\u00e3o s\u00f3 em rela\u00e7\u00e3o ao v\u00edrus zika, mas a um conjunto muito maior de doen\u00e7as e de oportunidades, n\u00e3o apenas de pesquisa e desenvolvimento, mas de novos neg\u00f3cios na \u00e1rea farmac\u00eautica focados nos problemas pernambucanos. Nesse momento, em que j\u00e1 se fala em algumas potenciais doen\u00e7as de ver\u00e3o, \u00e9 muito apropriado que comecemos uma agenda conjunta onde a [Funda\u00e7\u00e3o de Amparo \u00e0 Ci\u00eancia e Tecnologia de Pernambuco] Facepe, como um instrumento de fomento, junto com a Fiocruz, possa come\u00e7ar a aportar recursos\u201d, pontuou a secret\u00e1ria de Ci\u00eancia, Tecnologia e Inova\u00e7\u00e3o, L\u00facia Melo.<\/p>\n<p style=\"text-align: justify;\">O diretor da Fiocruz Pernambuco, Sinval Brand\u00e3o Filho, destacou as colabora\u00e7\u00f5es j\u00e1 realizadas com o Governo do Estado no \u00e2mbito do SUS, com os cursos de Resid\u00eancia Multiprofissional em Sa\u00fade Coletiva e o Mestrado Profissional em Sa\u00fade P\u00fablica. Al\u00e9m da coopera\u00e7\u00e3o na \u00e1rea de pesquisa, com o edital do Programa de Excel\u00eancia em Pesquisa (Proep) e na resposta \u00e0 epidemia de zika. \u201cO protocolo de coopera\u00e7\u00e3o consolida essas parcerias formalmente e amplia as possibilidades de abertura de novos projetos de colabora\u00e7\u00e3o entre a institui\u00e7\u00e3o e as inst\u00e2ncias do governo de Pernambuco tanto na \u00e1rea de ci\u00eancia, tecnologia e inova\u00e7\u00e3o, como em treinamento e forma\u00e7\u00e3o de recursos humanos em sa\u00fade. Um exemplo disso \u00e9 o edital Inova, em coopera\u00e7\u00e3o com a Facepe, que est\u00e1 em fase de lan\u00e7amento e ir\u00e1 apoiar financeiramente projetos da Fiocruz Pernambuco com possibilidades de gera\u00e7\u00e3o de produtos, processos e servi\u00e7os\u201d.<\/p>\n<p style=\"text-align: justify;\"><strong>Assinatura protocolo<\/strong><\/p>\n<p style=\"text-align: justify;\">Tamb\u00e9m estiveram presentes \u00e0 assinatura, o coordenador de Vigil\u00e2ncia em Sa\u00fade Laborat\u00f3rios de Refer\u00eancia da Fiocruz, Rivaldo Ven\u00e2ncio; a coordenadora do Grupo de Pesquisa da Epidemia de Microcefalia (Merg), Celina Turchi; o secret\u00e1rio de Micro e Pequenas Empresas, Trabalho e Qualifica\u00e7\u00e3o, Alexandre Valen\u00e7a; a pr\u00f3-reitora de P\u00f3s-gradua\u00e7\u00e3o e Pesquisa da Universidade de Pernambuco (UPE), Maria Tereza Cartaxo; a secret\u00e1ria-executiva de Vigil\u00e2ncia em Sa\u00fade de Pernambuco (SES), Luciana Albuquerque e o presidente da Facepe, Abraham Sics\u00fa.<\/p>\n<p style=\"text-align: justify;\">\n<p style=\"text-align: justify;\">Fonte: Assessoria de Comunica\u00e7\u00e3o da AMPE<\/p>\n","protected":false},"excerpt":{"rendered":"<p>O governador de Pernambuco, Paulo C\u00e2mara e a presidente da Fiocruz, N\u00edsia Trindade, assinaram, na \u00faltima quinta-feira (8\/11), um Protocolo de Inten\u00e7\u00f5es, com o objetivo de fortalecer o uso da inova\u00e7\u00e3o na \u00e1rea da sa\u00fade e do desenvolvimento social no estado. O documento institui a coopera\u00e7\u00e3o t\u00e9cnico-cient\u00edfica entre a Secretaria de Ci\u00eancia, Tecnologia e Inova\u00e7\u00e3o [&hellip;]<\/p>\n","protected":false},"author":1,"featured_media":0,"comment_status":"open","ping_status":"open","sticky":false,"template":"","format":"standard","meta":{"ocean_post_layout":"","ocean_both_sidebars_style":"","ocean_both_sidebars_content_width":0,"ocean_both_sidebars_sidebars_width":0,"ocean_sidebar":"","ocean_second_sidebar":"","ocean_disable_margins":"enable","ocean_add_body_class":"","ocean_shortcode_before_top_bar":"","ocean_shortcode_after_top_bar":"","ocean_shortcode_before_header":"","ocean_shortcode_after_header":"","ocean_has_shortcode":"","ocean_shortcode_after_title":"","ocean_shortcode_before_footer_widgets":"","ocean_shortcode_after_footer_widgets":"","ocean_shortcode_before_footer_bottom":"","ocean_shortcode_after_footer_bottom":"","ocean_display_top_bar":"default","ocean_display_header":"default","ocean_header_style":"","ocean_center_header_left_menu":"","ocean_custom_header_template":"","ocean_custom_logo":0,"ocean_custom_retina_logo":0,"ocean_custom_logo_max_width":0,"ocean_custom_logo_tablet_max_width":0,"ocean_custom_logo_mobile_max_width":0,"ocean_custom_logo_max_height":0,"ocean_custom_logo_tablet_max_height":0,"ocean_custom_logo_mobile_max_height":0,"ocean_header_custom_menu":"","ocean_menu_typo_font_family":"","ocean_menu_typo_font_subset":"","ocean_menu_typo_font_size":0,"ocean_menu_typo_font_size_tablet":0,"ocean_menu_typo_font_size_mobile":0,"ocean_menu_typo_font_size_unit":"px","ocean_menu_typo_font_weight":"","ocean_menu_typo_font_weight_tablet":"","ocean_menu_typo_font_weight_mobile":"","ocean_menu_typo_transform":"","ocean_menu_typo_transform_tablet":"","ocean_menu_typo_transform_mobile":"","ocean_menu_typo_line_height":0,"ocean_menu_typo_line_height_tablet":0,"ocean_menu_typo_line_height_mobile":0,"ocean_menu_typo_line_height_unit":"","ocean_menu_typo_spacing":0,"ocean_menu_typo_spacing_tablet":0,"ocean_menu_typo_spacing_mobile":0,"ocean_menu_typo_spacing_unit":"","ocean_menu_link_color":"","ocean_menu_link_color_hover":"","ocean_menu_link_color_active":"","ocean_menu_link_background":"","ocean_menu_link_hover_background":"","ocean_menu_link_active_background":"","ocean_menu_social_links_bg":"","ocean_menu_social_hover_links_bg":"","ocean_menu_social_links_color":"","ocean_menu_social_hover_links_color":"","ocean_disable_title":"default","ocean_disable_heading":"default","ocean_post_title":"","ocean_post_subheading":"","ocean_post_title_style":"","ocean_post_title_background_color":"","ocean_post_title_background":0,"ocean_post_title_bg_image_position":"","ocean_post_title_bg_image_attachment":"","ocean_post_title_bg_image_repeat":"","ocean_post_title_bg_image_size":"","ocean_post_title_height":0,"ocean_post_title_bg_overlay":0.5,"ocean_post_title_bg_overlay_color":"","ocean_disable_breadcrumbs":"default","ocean_breadcrumbs_color":"","ocean_breadcrumbs_separator_color":"","ocean_breadcrumbs_links_color":"","ocean_breadcrumbs_links_hover_color":"","ocean_display_footer_widgets":"default","ocean_display_footer_bottom":"default","ocean_custom_footer_template":"","ocean_post_oembed":"","ocean_post_self_hosted_media":"","ocean_post_video_embed":"","ocean_link_format":"","ocean_link_format_target":"self","ocean_quote_format":"","ocean_quote_format_link":"post","ocean_gallery_link_images":"on","ocean_gallery_id":[]},"categories":[9],"tags":[266,411,82],"acf":[],"_links":{"self":[{"href":"https:\/\/www.simepe.com.br\/novo\/wp-json\/wp\/v2\/posts\/49711"}],"collection":[{"href":"https:\/\/www.simepe.com.br\/novo\/wp-json\/wp\/v2\/posts"}],"about":[{"href":"https:\/\/www.simepe.com.br\/novo\/wp-json\/wp\/v2\/types\/post"}],"author":[{"embeddable":true,"href":"https:\/\/www.simepe.com.br\/novo\/wp-json\/wp\/v2\/users\/1"}],"replies":[{"embeddable":true,"href":"https:\/\/www.simepe.com.br\/novo\/wp-json\/wp\/v2\/comments?post=49711"}],"version-history":[{"count":1,"href":"https:\/\/www.simepe.com.br\/novo\/wp-json\/wp\/v2\/posts\/49711\/revisions"}],"predecessor-version":[{"id":49712,"href":"https:\/\/www.simepe.com.br\/novo\/wp-json\/wp\/v2\/posts\/49711\/revisions\/49712"}],"wp:attachment":[{"href":"https:\/\/www.simepe.com.br\/novo\/wp-json\/wp\/v2\/media?parent=49711"}],"wp:term":[{"taxonomy":"category","embeddable":true,"href":"https:\/\/www.simepe.com.br\/novo\/wp-json\/wp\/v2\/categories?post=49711"},{"taxonomy":"post_tag","embeddable":true,"href":"https:\/\/www.simepe.com.br\/novo\/wp-json\/wp\/v2\/tags?post=49711"}],"curies":[{"name":"wp","href":"https:\/\/api.w.org\/{rel}","templated":true}]}}