{"id":49778,"date":"2018-11-19T09:30:20","date_gmt":"2018-11-19T12:30:20","guid":{"rendered":"http:\/\/www.simepe.com.br\/novo\/?p=49778"},"modified":"2018-11-19T09:30:20","modified_gmt":"2018-11-19T12:30:20","slug":"criancas-com-microcefalia-passam-por-cirurgia-de-correcao-de-estrabismo-em-pernambuco","status":"publish","type":"post","link":"https:\/\/www.simepe.com.br\/novo\/criancas-com-microcefalia-passam-por-cirurgia-de-correcao-de-estrabismo-em-pernambuco\/","title":{"rendered":"Crian\u00e7as com microcefalia passam por cirurgia de corre\u00e7\u00e3o de estrabismo em Pernambuco"},"content":{"rendered":"<p style=\"text-align: justify;\">Pesquisa aponta que 80% das crian\u00e7as com microcefalia t\u00eam estrabismo, enquanto no resto da popula\u00e7\u00e3o a taxa varia entre 3% e 5%. Resultados das cirurgias s\u00e3o animadores.<\/p>\n<p style=\"text-align: justify;\">Tr\u00eas crian\u00e7as que nasceram com microcefalia em Pernambuco foram submetidas a cirurgias para corre\u00e7\u00e3o de estrabismo. Segundo os m\u00e9dicos, os resultados foram animadores e a meta \u00e9 operar, ao menos, 20 meninos e meninas, at\u00e9 o in\u00edcio de 2019. (Veja v\u00eddeo acima)<\/p>\n<p style=\"text-align: justify;\">Uma pesquisa feita no Recife pela Funda\u00e7\u00e3o Altino Ventura, com 119 crian\u00e7as com microcefalia, mostrou que 80% delas t\u00eam estrabismo. O n\u00famero de casos \u00e9 muito maior do que no restante da popula\u00e7\u00e3o, uma vez que a quantidade de pessoas com esse problema varia entre 3% e 5%.<\/p>\n<p style=\"text-align: justify;\">A terapeuta ocupacional Tatiane Freitas acompanha as tr\u00eas crian\u00e7as que passaram pela opera\u00e7\u00e3o. Os avan\u00e7os registrados em pouco tempo pegaram de surpresa toda a equipe m\u00e9dica e as fam\u00edlias.<\/p>\n<p style=\"text-align: justify;\">&#8220;Neste primeiro m\u00eas, a gente j\u00e1 consegue observar que as crian\u00e7as chegam ao centro terap\u00eautico mais ativas, conseguem manter o interesse e a aten\u00e7\u00e3o visual mais prolongada pelo brinquedo&#8221;, disse Tatiane.<\/p>\n<p style=\"text-align: justify;\">Uma das pacientes foi Grazi, de 3 anos, que nasceu com microcefalia e problemas na vis\u00e3o. M\u00e3e da pequena, Inabela Tavares percebeu a mudan\u00e7a causada pelo alinhamento dos olhos da filha. Ela est\u00e1 mais interativa, curiosa e participativa.<\/p>\n<p style=\"text-align: justify;\">&#8220;Eu nunca esperava esse resultado na minha vida. Quando eu comecei a botar um brinquedo na frente dela e ela come\u00e7ou a fixar, para mim, \u00e9 como se minha filha tivesse nascido na hora&#8221;, disse Inabela.<\/p>\n<p style=\"text-align: justify;\">Ainda segundo a terapeuta Tatiane Freitas, os m\u00e9dicos n\u00e3o esperavam uma recupera\u00e7\u00e3o t\u00e3o r\u00e1pida. &#8220;\u00c9 emocionante ver que, antes, essas crian\u00e7as tinham dificuldade de dirigir a m\u00e3o no sentido de desejar explorar e tocar num determinado material. Hoje, durante o processo de estimula\u00e7\u00e3o, a gente j\u00e1 percebe que essas crian\u00e7as t\u00eam a inten\u00e7\u00e3o&#8221;, complementou.<\/p>\n<p style=\"text-align: justify;\">Uma equipe multidisciplinar avalia outras crian\u00e7as para que elas tamb\u00e9m sejam submetidas ao processo de corre\u00e7\u00e3o do estrabismo. Depois dos primeiros resultados, a dona de casa Edma Lima da Silva, que tinha medo da cirurgia, torce para que a filha seja atendida rapidamente.<\/p>\n<p style=\"text-align: justify;\">&#8220;Eu queria ver ela olhando pra mim, sabe, eu chamar e ela fixar aquele olho. \u00c9 a coisa mais importante um filho olhar para a sua m\u00e3e e fixar o olho. Eu sei que \u00e9 o meu maior desejo. Ver ela olhando pra mim \u00e9 o meu sonho&#8221;, explica Edma.<\/p>\n<p style=\"text-align: justify;\">A oftalmologista pedi\u00e1trica Simone Travassos explica que, al\u00e9m da harmoniza\u00e7\u00e3o est\u00e9tica causada pela cirurgia, as crian\u00e7as t\u00eam melhora no campo visual.<\/p>\n<p style=\"text-align: justify;\">&#8220;Os resultados foram maravilhosos, n\u00e3o s\u00f3 na parte est\u00e9tica, que \u00e9 t\u00e3o importante, mas tamb\u00e9m pela fun\u00e7\u00e3o, pelo ganho de campo visual. Estamos muito felizes com esses resultados&#8221;, disse.<\/p>\n<p style=\"text-align: justify;\">\n<p style=\"text-align: justify;\">Fonte: G1<\/p>\n","protected":false},"excerpt":{"rendered":"<p>Pesquisa aponta que 80% das crian\u00e7as com microcefalia t\u00eam estrabismo, enquanto no resto da popula\u00e7\u00e3o a taxa varia entre 3% e 5%. Resultados das cirurgias s\u00e3o animadores. Tr\u00eas crian\u00e7as que nasceram com microcefalia em Pernambuco foram submetidas a cirurgias para corre\u00e7\u00e3o de estrabismo. Segundo os m\u00e9dicos, os resultados foram animadores e a meta \u00e9 operar, [&hellip;]<\/p>\n","protected":false},"author":1,"featured_media":0,"comment_status":"open","ping_status":"open","sticky":false,"template":"","format":"standard","meta":{"ocean_post_layout":"","ocean_both_sidebars_style":"","ocean_both_sidebars_content_width":0,"ocean_both_sidebars_sidebars_width":0,"ocean_sidebar":"","ocean_second_sidebar":"","ocean_disable_margins":"enable","ocean_add_body_class":"","ocean_shortcode_before_top_bar":"","ocean_shortcode_after_top_bar":"","ocean_shortcode_before_header":"","ocean_shortcode_after_header":"","ocean_has_shortcode":"","ocean_shortcode_after_title":"","ocean_shortcode_before_footer_widgets":"","ocean_shortcode_after_footer_widgets":"","ocean_shortcode_before_footer_bottom":"","ocean_shortcode_after_footer_bottom":"","ocean_display_top_bar":"default","ocean_display_header":"default","ocean_header_style":"","ocean_center_header_left_menu":"","ocean_custom_header_template":"","ocean_custom_logo":0,"ocean_custom_retina_logo":0,"ocean_custom_logo_max_width":0,"ocean_custom_logo_tablet_max_width":0,"ocean_custom_logo_mobile_max_width":0,"ocean_custom_logo_max_height":0,"ocean_custom_logo_tablet_max_height":0,"ocean_custom_logo_mobile_max_height":0,"ocean_header_custom_menu":"","ocean_menu_typo_font_family":"","ocean_menu_typo_font_subset":"","ocean_menu_typo_font_size":0,"ocean_menu_typo_font_size_tablet":0,"ocean_menu_typo_font_size_mobile":0,"ocean_menu_typo_font_size_unit":"px","ocean_menu_typo_font_weight":"","ocean_menu_typo_font_weight_tablet":"","ocean_menu_typo_font_weight_mobile":"","ocean_menu_typo_transform":"","ocean_menu_typo_transform_tablet":"","ocean_menu_typo_transform_mobile":"","ocean_menu_typo_line_height":0,"ocean_menu_typo_line_height_tablet":0,"ocean_menu_typo_line_height_mobile":0,"ocean_menu_typo_line_height_unit":"","ocean_menu_typo_spacing":0,"ocean_menu_typo_spacing_tablet":0,"ocean_menu_typo_spacing_mobile":0,"ocean_menu_typo_spacing_unit":"","ocean_menu_link_color":"","ocean_menu_link_color_hover":"","ocean_menu_link_color_active":"","ocean_menu_link_background":"","ocean_menu_link_hover_background":"","ocean_menu_link_active_background":"","ocean_menu_social_links_bg":"","ocean_menu_social_hover_links_bg":"","ocean_menu_social_links_color":"","ocean_menu_social_hover_links_color":"","ocean_disable_title":"default","ocean_disable_heading":"default","ocean_post_title":"","ocean_post_subheading":"","ocean_post_title_style":"","ocean_post_title_background_color":"","ocean_post_title_background":0,"ocean_post_title_bg_image_position":"","ocean_post_title_bg_image_attachment":"","ocean_post_title_bg_image_repeat":"","ocean_post_title_bg_image_size":"","ocean_post_title_height":0,"ocean_post_title_bg_overlay":0.5,"ocean_post_title_bg_overlay_color":"","ocean_disable_breadcrumbs":"default","ocean_breadcrumbs_color":"","ocean_breadcrumbs_separator_color":"","ocean_breadcrumbs_links_color":"","ocean_breadcrumbs_links_hover_color":"","ocean_display_footer_widgets":"default","ocean_display_footer_bottom":"default","ocean_custom_footer_template":"","ocean_post_oembed":"","ocean_post_self_hosted_media":"","ocean_post_video_embed":"","ocean_link_format":"","ocean_link_format_target":"self","ocean_quote_format":"","ocean_quote_format_link":"post","ocean_gallery_link_images":"on","ocean_gallery_id":[]},"categories":[9],"tags":[3275,275,1927,82],"acf":[],"_links":{"self":[{"href":"https:\/\/www.simepe.com.br\/novo\/wp-json\/wp\/v2\/posts\/49778"}],"collection":[{"href":"https:\/\/www.simepe.com.br\/novo\/wp-json\/wp\/v2\/posts"}],"about":[{"href":"https:\/\/www.simepe.com.br\/novo\/wp-json\/wp\/v2\/types\/post"}],"author":[{"embeddable":true,"href":"https:\/\/www.simepe.com.br\/novo\/wp-json\/wp\/v2\/users\/1"}],"replies":[{"embeddable":true,"href":"https:\/\/www.simepe.com.br\/novo\/wp-json\/wp\/v2\/comments?post=49778"}],"version-history":[{"count":1,"href":"https:\/\/www.simepe.com.br\/novo\/wp-json\/wp\/v2\/posts\/49778\/revisions"}],"predecessor-version":[{"id":49779,"href":"https:\/\/www.simepe.com.br\/novo\/wp-json\/wp\/v2\/posts\/49778\/revisions\/49779"}],"wp:attachment":[{"href":"https:\/\/www.simepe.com.br\/novo\/wp-json\/wp\/v2\/media?parent=49778"}],"wp:term":[{"taxonomy":"category","embeddable":true,"href":"https:\/\/www.simepe.com.br\/novo\/wp-json\/wp\/v2\/categories?post=49778"},{"taxonomy":"post_tag","embeddable":true,"href":"https:\/\/www.simepe.com.br\/novo\/wp-json\/wp\/v2\/tags?post=49778"}],"curies":[{"name":"wp","href":"https:\/\/api.w.org\/{rel}","templated":true}]}}