{"id":49821,"date":"2018-11-20T08:41:13","date_gmt":"2018-11-20T11:41:13","guid":{"rendered":"http:\/\/www.simepe.com.br\/novo\/?p=49821"},"modified":"2018-11-20T08:41:13","modified_gmt":"2018-11-20T11:41:13","slug":"governo-quer-mudar-revalida-alteracao-beneficiaria-cubanos-interessados-em-ficar","status":"publish","type":"post","link":"https:\/\/www.simepe.com.br\/novo\/governo-quer-mudar-revalida-alteracao-beneficiaria-cubanos-interessados-em-ficar\/","title":{"rendered":"Governo quer mudar Revalida; altera\u00e7\u00e3o beneficiaria cubanos interessados em ficar"},"content":{"rendered":"<p style=\"text-align: justify;\">A lei que atualmente define as regras do programa dispensa a exig\u00eancia da certifica\u00e7\u00e3o para seus integrantes<\/p>\n<p style=\"text-align: justify;\"><img src=\"https:\/\/jconlineimagem.ne10.uol.com.br\/imagem\/noticia\/2018\/11\/19\/normal\/94c382511412f77a7b1e354cbeb17bcf.jpg\" alt=\"At\u00c3\u00a9 2010, as provas eram realizadas por universidades federais interessadas \/ Foto: Fabio Rodrigues Pozzebom\/Ag\u00c3\u00aancia Brasil \" \/><\/p>\n<p style=\"text-align: justify;\">O governo vai mudar o Revalida, a prova feita para certifica\u00e7\u00e3o de diplomas de Medicina obtidos no Exterior. O ministro da Sa\u00fade, Gilberto Occhi, afirmou que as primeiras discuss\u00f5es para a mudan\u00e7a do sistema dever\u00e3o ser realizadas ainda esta semana com o Minist\u00e9rio da Educa\u00e7\u00e3o. A ideia \u00e9 que altera\u00e7\u00f5es sejam definidas rapidamente. Uma das propostas em an\u00e1lise \u00e9 descentralizar o exame, hoje preparado de forma exclusiva pelo Instituto Nacional de Estudos e Pesquisas de Educa\u00e7\u00e3o An\u00edsio Teixeira (Inep). Com a mudan\u00e7a, a prova poderia ser aplicada pelas 54 Universidades Federais que apresentam hospitais universit\u00e1rios.<\/p>\n<p style=\"text-align: justify;\">O formato em discuss\u00e3o pelo governo resgata o sistema que havia antes do Revalida. At\u00e9 2010, as provas eram realizadas por universidades federais interessadas. Elas ficavam respons\u00e1veis por analisar o curr\u00edculo do m\u00e9dico formato no Exterior, a preparar o exame e fixavam o valor da taxa cobrada para realiza\u00e7\u00e3o da prova. O modelo era considerado pouco uniforme, com provas com graus de dificuldades distintas e, sobretudo, com valores de inscri\u00e7\u00e3o muito diferentes. Na \u00e9poca, as taxas variavam de R$ 100 a R$ 5 mil.<\/p>\n<p style=\"text-align: justify;\">Com a mudan\u00e7a proposta pelo governo, a periodicidade da prova tamb\u00e9m seria menor, o que poderia dar mais agilidade ao processo. Uma das maiores queixas de m\u00e9dicos formados no Exterior interessados em trabalhar no Pa\u00eds \u00e9 a demora para a realiza\u00e7\u00e3o da prova.<\/p>\n<p style=\"text-align: justify;\">Considerado um exame de grau muito dif\u00edcil por profissionais formados no Exterior, o Revalida voltou a ganhar destaque nas discuss\u00f5es por figurar no programa de governo do presidente eleito, Jair Bolsonaro. J\u00e1 em campanha, ele afirmava que o exame seria indispens\u00e1vel para profissionais interessados em participar do Mais M\u00e9dicos.<\/p>\n<p style=\"text-align: justify;\">A lei que define as regras do programa dispensa a exig\u00eancia da certifica\u00e7\u00e3o para seus integrantes. Profissionais que fazem parte da iniciativa formados no exterior n\u00e3o precisam fazer a prova, mas ficam obrigados a trabalhar apenas na assist\u00eancia b\u00e1sica e em locais para onde foram destacados.<\/p>\n<p style=\"text-align: justify;\">A mudan\u00e7a no Revalida tamb\u00e9m poderia ser \u00fatil para permitir que m\u00e9dicos cubanos interessados em continuar no Brasil possam seguir atuando. Eles fariam o teste e, uma vez aprovados, teriam permiss\u00e3o para trabalhar tanto no Mais M\u00e9dicos quanto em outros servi\u00e7os de sa\u00fade. Para isso poder ser feito, contudo, seria preciso que provas fossem feitas com menor periodicidade. Quanto mais exames realizados, maiores as chances de profissionais aprovados e, portanto, com salvo conduto para atuar no Pa\u00eds.<\/p>\n<p style=\"text-align: justify;\"><strong>Opas<\/strong><br \/>\nA Organiza\u00e7\u00e3o Pan-Americana de Sa\u00fade (OPAS) informou que profissionais cubanos que integravam o Mais M\u00e9dicos devem come\u00e7ar a deixar o Pa\u00eds de forma gradual at\u00e9 12 de dezembro. Os voos est\u00e3o programados para sair de Bras\u00edlia, Manaus, S\u00e3o Paulo e Salvador nos pr\u00f3ximos dias. Detalhes sobre as transfer\u00eancias de profissionais, contudo, dever\u00e3o ser definidos em reuni\u00f5es entre OPAS, Cuba e Havana.<\/p>\n<p style=\"text-align: justify;\">Os 8.300 profissionais que participam da coopera\u00e7\u00e3o est\u00e3o distribu\u00eddos em 2,8 mil munic\u00edpios e nos 34 Distritos Sanit\u00e1rios Especiais Ind\u00edgenas. Em nota divulgada na noite desta segunda-feira, a OPAS destaca que o Mais M\u00e9dicos, criado em 2013, contribuiu para aumentar o acesso da popula\u00e7\u00e3o \u00e0 aten\u00e7\u00e3o b\u00e1sica. A taxa de popula\u00e7\u00e3o assistida passou de 77,9% para 86,3% entre 2012 a 2015. Nesse mesmo per\u00edodo, houve uma queda de interna\u00e7\u00f5es por motivos de sa\u00fade ligados \u00e0 aten\u00e7\u00e3o prim\u00e1ria, de 44,9% para 41,2%.<\/p>\n<p style=\"text-align: justify;\">\n<p style=\"text-align: justify;\">Fonte: Jornal do Commercio<\/p>\n","protected":false},"excerpt":{"rendered":"<p>A lei que atualmente define as regras do programa dispensa a exig\u00eancia da certifica\u00e7\u00e3o para seus integrantes O governo vai mudar o Revalida, a prova feita para certifica\u00e7\u00e3o de diplomas de Medicina obtidos no Exterior. O ministro da Sa\u00fade, Gilberto Occhi, afirmou que as primeiras discuss\u00f5es para a mudan\u00e7a do sistema dever\u00e3o ser realizadas ainda [&hellip;]<\/p>\n","protected":false},"author":1,"featured_media":0,"comment_status":"open","ping_status":"open","sticky":false,"template":"","format":"standard","meta":{"ocean_post_layout":"","ocean_both_sidebars_style":"","ocean_both_sidebars_content_width":0,"ocean_both_sidebars_sidebars_width":0,"ocean_sidebar":"","ocean_second_sidebar":"","ocean_disable_margins":"enable","ocean_add_body_class":"","ocean_shortcode_before_top_bar":"","ocean_shortcode_after_top_bar":"","ocean_shortcode_before_header":"","ocean_shortcode_after_header":"","ocean_has_shortcode":"","ocean_shortcode_after_title":"","ocean_shortcode_before_footer_widgets":"","ocean_shortcode_after_footer_widgets":"","ocean_shortcode_before_footer_bottom":"","ocean_shortcode_after_footer_bottom":"","ocean_display_top_bar":"default","ocean_display_header":"default","ocean_header_style":"","ocean_center_header_left_menu":"","ocean_custom_header_template":"","ocean_custom_logo":0,"ocean_custom_retina_logo":0,"ocean_custom_logo_max_width":0,"ocean_custom_logo_tablet_max_width":0,"ocean_custom_logo_mobile_max_width":0,"ocean_custom_logo_max_height":0,"ocean_custom_logo_tablet_max_height":0,"ocean_custom_logo_mobile_max_height":0,"ocean_header_custom_menu":"","ocean_menu_typo_font_family":"","ocean_menu_typo_font_subset":"","ocean_menu_typo_font_size":0,"ocean_menu_typo_font_size_tablet":0,"ocean_menu_typo_font_size_mobile":0,"ocean_menu_typo_font_size_unit":"px","ocean_menu_typo_font_weight":"","ocean_menu_typo_font_weight_tablet":"","ocean_menu_typo_font_weight_mobile":"","ocean_menu_typo_transform":"","ocean_menu_typo_transform_tablet":"","ocean_menu_typo_transform_mobile":"","ocean_menu_typo_line_height":0,"ocean_menu_typo_line_height_tablet":0,"ocean_menu_typo_line_height_mobile":0,"ocean_menu_typo_line_height_unit":"","ocean_menu_typo_spacing":0,"ocean_menu_typo_spacing_tablet":0,"ocean_menu_typo_spacing_mobile":0,"ocean_menu_typo_spacing_unit":"","ocean_menu_link_color":"","ocean_menu_link_color_hover":"","ocean_menu_link_color_active":"","ocean_menu_link_background":"","ocean_menu_link_hover_background":"","ocean_menu_link_active_background":"","ocean_menu_social_links_bg":"","ocean_menu_social_hover_links_bg":"","ocean_menu_social_links_color":"","ocean_menu_social_hover_links_color":"","ocean_disable_title":"default","ocean_disable_heading":"default","ocean_post_title":"","ocean_post_subheading":"","ocean_post_title_style":"","ocean_post_title_background_color":"","ocean_post_title_background":0,"ocean_post_title_bg_image_position":"","ocean_post_title_bg_image_attachment":"","ocean_post_title_bg_image_repeat":"","ocean_post_title_bg_image_size":"","ocean_post_title_height":0,"ocean_post_title_bg_overlay":0.5,"ocean_post_title_bg_overlay_color":"","ocean_disable_breadcrumbs":"default","ocean_breadcrumbs_color":"","ocean_breadcrumbs_separator_color":"","ocean_breadcrumbs_links_color":"","ocean_breadcrumbs_links_hover_color":"","ocean_display_footer_widgets":"default","ocean_display_footer_bottom":"default","ocean_custom_footer_template":"","ocean_post_oembed":"","ocean_post_self_hosted_media":"","ocean_post_video_embed":"","ocean_link_format":"","ocean_link_format_target":"self","ocean_quote_format":"","ocean_quote_format_link":"post","ocean_gallery_link_images":"on","ocean_gallery_id":[]},"categories":[9],"tags":[221,2561,75,1164],"acf":[],"_links":{"self":[{"href":"https:\/\/www.simepe.com.br\/novo\/wp-json\/wp\/v2\/posts\/49821"}],"collection":[{"href":"https:\/\/www.simepe.com.br\/novo\/wp-json\/wp\/v2\/posts"}],"about":[{"href":"https:\/\/www.simepe.com.br\/novo\/wp-json\/wp\/v2\/types\/post"}],"author":[{"embeddable":true,"href":"https:\/\/www.simepe.com.br\/novo\/wp-json\/wp\/v2\/users\/1"}],"replies":[{"embeddable":true,"href":"https:\/\/www.simepe.com.br\/novo\/wp-json\/wp\/v2\/comments?post=49821"}],"version-history":[{"count":1,"href":"https:\/\/www.simepe.com.br\/novo\/wp-json\/wp\/v2\/posts\/49821\/revisions"}],"predecessor-version":[{"id":49822,"href":"https:\/\/www.simepe.com.br\/novo\/wp-json\/wp\/v2\/posts\/49821\/revisions\/49822"}],"wp:attachment":[{"href":"https:\/\/www.simepe.com.br\/novo\/wp-json\/wp\/v2\/media?parent=49821"}],"wp:term":[{"taxonomy":"category","embeddable":true,"href":"https:\/\/www.simepe.com.br\/novo\/wp-json\/wp\/v2\/categories?post=49821"},{"taxonomy":"post_tag","embeddable":true,"href":"https:\/\/www.simepe.com.br\/novo\/wp-json\/wp\/v2\/tags?post=49821"}],"curies":[{"name":"wp","href":"https:\/\/api.w.org\/{rel}","templated":true}]}}