{"id":49843,"date":"2018-11-21T08:10:45","date_gmt":"2018-11-21T11:10:45","guid":{"rendered":"http:\/\/www.simepe.com.br\/novo\/?p=49843"},"modified":"2018-11-21T08:10:45","modified_gmt":"2018-11-21T11:10:45","slug":"medicos-cubanos-comecam-hoje-a-se-desligar-diz-presidente-do-conasems","status":"publish","type":"post","link":"https:\/\/www.simepe.com.br\/novo\/medicos-cubanos-comecam-hoje-a-se-desligar-diz-presidente-do-conasems\/","title":{"rendered":"M\u00e9dicos cubanos come\u00e7am hoje a se desligar, diz presidente do Conasems"},"content":{"rendered":"<p style=\"text-align: justify;\">Pelo cronograma divulgado pela OPAS, os 8.322 m\u00e9dicos recrutados em Cuba para trabalhar em cidades brasileiras devem deixar o Pa\u00eds at\u00e9 dia 12 de dezembro<\/p>\n<p style=\"text-align: justify;\">Profissionais cubanos come\u00e7am a se desligar nesta ter\u00e7a-feira (20) do programa Mais M\u00e9dicos. O presidente do Conselho Nacional de Secret\u00e1rios Municipais de Sa\u00fade (Conasems), Mauro Junqueira, informou \u00e0 reportagem que em v\u00e1rias cidades do Pa\u00eds profissionais comunicaram que trabalham apenas at\u00e9 o fim do dia, encerrando a colabora\u00e7\u00e3o. A decis\u00e3o teria partido do governo cubano.<\/p>\n<p style=\"text-align: justify;\">&#8220;A informa\u00e7\u00e3o \u00e9 de que eles necessitam um tempo para tomar todas as provid\u00eancias necess\u00e1rias para voltar a Cuba&#8221;, disse Junqueira.<\/p>\n<p style=\"text-align: justify;\">A reportagem procurou a Organiza\u00e7\u00e3o Pan-Americana de Sa\u00fade (OPAS), mas a informa\u00e7\u00e3o ainda n\u00e3o foi confirmada. A OPAS atuava ao lado do governos brasileiro e cubano no Mais M\u00e9dicos. O acordo de coopera\u00e7\u00e3o foi rompido semana passada por Cuba, numa rea\u00e7\u00e3o \u00e0s declara\u00e7\u00f5es feitas pelo presidente eleito, Jair Bolsonaro, ao programa.<\/p>\n<p style=\"text-align: justify;\">Bolsonaro, afirmou que, durante seu governo, somente seria permitida a participa\u00e7\u00e3o de m\u00e9dicos que fizessem a valida\u00e7\u00e3o do diploma. O presidente eleito tamb\u00e9m afirmou que mudaria a forma de pagamento dos profissionais. Eles receberiam diretamente e integralmente os sal\u00e1rios do governo brasileiro. Hoje, o equivalente a dois ter\u00e7os da remunera\u00e7\u00e3o \u00e9 entregue ao governo cubano.<\/p>\n<p style=\"text-align: justify;\">Pelo cronograma divulgado pela OPAS, os 8.322 m\u00e9dicos recrutados em Cuba para trabalhar em cidades brasileiras devem deixar o Pa\u00eds at\u00e9 dia 12 de dezembro. As despesas do deslocamento ser\u00e3o pagas pelo governo cubano, informou o ministro da Sa\u00fade, Gilberto Occhi. Em pelo menos 600 cidades brasileiras, o atendimento na aten\u00e7\u00e3o b\u00e1sica \u00e9 feito exclusivamente por profissionais do Mais M\u00e9dicos. &#8220;Nossa estimativa \u00e9 de que nessas localidades a popula\u00e7\u00e3o poder\u00e1 ficar desassistida por um per\u00edodo&#8221;, disse Junqueira.<\/p>\n<p style=\"text-align: justify;\">Foi publicado esta ter\u00e7a um edital do Mais M\u00e9dicos para a reposi\u00e7\u00e3o de vagas abertas com a sa\u00edda dos profissionais cubanos. Nesta primeira etapa, apenas profissionais formados no Brasil podem participar. Para trazer mais rapidez no preenchimento dos postos, o Minist\u00e9rio da Sa\u00fade alterou as regras da sele\u00e7\u00e3o. M\u00e9dicos poder\u00e3o optar por apenas uma cidade e ter\u00e3o de se apresentar para o servi\u00e7o at\u00e9 o dia 7.<\/p>\n<p style=\"text-align: justify;\">Antes mesmo de esse prazo ser conclu\u00eddo, no dia 27 de novembro, um outro edital ser\u00e1 aberto, destinado desta vez para profissionais brasileiros e estrangeiros formados no Exterior. Ele somente ser\u00e1 fechado quando as vagas forem preenchidas.<\/p>\n<p style=\"text-align: justify;\">Junqueira acredita que a maior parte dos postos ser\u00e1 ocupada por profissionais que se inscreverem nessa segunda etapa. &#8220;Essa tem sido a tend\u00eancia dos \u00faltimos editais. Na \u00faltima sele\u00e7\u00e3o, 13 mil m\u00e9dicos formados no exterior se inscreveram&#8221;, disse.<\/p>\n<p style=\"text-align: justify;\">Occhi afirmou nesta segunda-feira que m\u00e9dicos cubanos interessados em permanecer no Brasil poderiam se inscrever no edital que ser\u00e1 aberto na pr\u00f3xima semana. De acordo com ele, embora o governo n\u00e3o v\u00e1 procurar profissionais cubanos, poderia facilitar a perman\u00eancia daqueles que desejam seguir atuando no Mais M\u00e9dicos. Tal oferta, no entanto, esbarra numa dificuldade: para inscri\u00e7\u00e3o no edital, interessados precisam apresentar uma lista de 17 documentos. Parte desta documenta\u00e7\u00e3o, na pr\u00e1tica, n\u00e3o fica em poder dos m\u00e9dicos, mas de pessoas respons\u00e1veis pela coordena\u00e7\u00e3o do programa.<\/p>\n<p style=\"text-align: justify;\">\n<p style=\"text-align: justify;\">Fonte: Diario de Pernambuco<\/p>\n","protected":false},"excerpt":{"rendered":"<p>Pelo cronograma divulgado pela OPAS, os 8.322 m\u00e9dicos recrutados em Cuba para trabalhar em cidades brasileiras devem deixar o Pa\u00eds at\u00e9 dia 12 de dezembro Profissionais cubanos come\u00e7am a se desligar nesta ter\u00e7a-feira (20) do programa Mais M\u00e9dicos. O presidente do Conselho Nacional de Secret\u00e1rios Municipais de Sa\u00fade (Conasems), Mauro Junqueira, informou \u00e0 reportagem que [&hellip;]<\/p>\n","protected":false},"author":1,"featured_media":0,"comment_status":"open","ping_status":"open","sticky":false,"template":"","format":"standard","meta":{"ocean_post_layout":"","ocean_both_sidebars_style":"","ocean_both_sidebars_content_width":0,"ocean_both_sidebars_sidebars_width":0,"ocean_sidebar":"","ocean_second_sidebar":"","ocean_disable_margins":"enable","ocean_add_body_class":"","ocean_shortcode_before_top_bar":"","ocean_shortcode_after_top_bar":"","ocean_shortcode_before_header":"","ocean_shortcode_after_header":"","ocean_has_shortcode":"","ocean_shortcode_after_title":"","ocean_shortcode_before_footer_widgets":"","ocean_shortcode_after_footer_widgets":"","ocean_shortcode_before_footer_bottom":"","ocean_shortcode_after_footer_bottom":"","ocean_display_top_bar":"default","ocean_display_header":"default","ocean_header_style":"","ocean_center_header_left_menu":"","ocean_custom_header_template":"","ocean_custom_logo":0,"ocean_custom_retina_logo":0,"ocean_custom_logo_max_width":0,"ocean_custom_logo_tablet_max_width":0,"ocean_custom_logo_mobile_max_width":0,"ocean_custom_logo_max_height":0,"ocean_custom_logo_tablet_max_height":0,"ocean_custom_logo_mobile_max_height":0,"ocean_header_custom_menu":"","ocean_menu_typo_font_family":"","ocean_menu_typo_font_subset":"","ocean_menu_typo_font_size":0,"ocean_menu_typo_font_size_tablet":0,"ocean_menu_typo_font_size_mobile":0,"ocean_menu_typo_font_size_unit":"px","ocean_menu_typo_font_weight":"","ocean_menu_typo_font_weight_tablet":"","ocean_menu_typo_font_weight_mobile":"","ocean_menu_typo_transform":"","ocean_menu_typo_transform_tablet":"","ocean_menu_typo_transform_mobile":"","ocean_menu_typo_line_height":0,"ocean_menu_typo_line_height_tablet":0,"ocean_menu_typo_line_height_mobile":0,"ocean_menu_typo_line_height_unit":"","ocean_menu_typo_spacing":0,"ocean_menu_typo_spacing_tablet":0,"ocean_menu_typo_spacing_mobile":0,"ocean_menu_typo_spacing_unit":"","ocean_menu_link_color":"","ocean_menu_link_color_hover":"","ocean_menu_link_color_active":"","ocean_menu_link_background":"","ocean_menu_link_hover_background":"","ocean_menu_link_active_background":"","ocean_menu_social_links_bg":"","ocean_menu_social_hover_links_bg":"","ocean_menu_social_links_color":"","ocean_menu_social_hover_links_color":"","ocean_disable_title":"default","ocean_disable_heading":"default","ocean_post_title":"","ocean_post_subheading":"","ocean_post_title_style":"","ocean_post_title_background_color":"","ocean_post_title_background":0,"ocean_post_title_bg_image_position":"","ocean_post_title_bg_image_attachment":"","ocean_post_title_bg_image_repeat":"","ocean_post_title_bg_image_size":"","ocean_post_title_height":0,"ocean_post_title_bg_overlay":0.5,"ocean_post_title_bg_overlay_color":"","ocean_disable_breadcrumbs":"default","ocean_breadcrumbs_color":"","ocean_breadcrumbs_separator_color":"","ocean_breadcrumbs_links_color":"","ocean_breadcrumbs_links_hover_color":"","ocean_display_footer_widgets":"default","ocean_display_footer_bottom":"default","ocean_custom_footer_template":"","ocean_post_oembed":"","ocean_post_self_hosted_media":"","ocean_post_video_embed":"","ocean_link_format":"","ocean_link_format_target":"self","ocean_quote_format":"","ocean_quote_format_link":"post","ocean_gallery_link_images":"on","ocean_gallery_id":[]},"categories":[9],"tags":[221,2561,75],"acf":[],"_links":{"self":[{"href":"https:\/\/www.simepe.com.br\/novo\/wp-json\/wp\/v2\/posts\/49843"}],"collection":[{"href":"https:\/\/www.simepe.com.br\/novo\/wp-json\/wp\/v2\/posts"}],"about":[{"href":"https:\/\/www.simepe.com.br\/novo\/wp-json\/wp\/v2\/types\/post"}],"author":[{"embeddable":true,"href":"https:\/\/www.simepe.com.br\/novo\/wp-json\/wp\/v2\/users\/1"}],"replies":[{"embeddable":true,"href":"https:\/\/www.simepe.com.br\/novo\/wp-json\/wp\/v2\/comments?post=49843"}],"version-history":[{"count":2,"href":"https:\/\/www.simepe.com.br\/novo\/wp-json\/wp\/v2\/posts\/49843\/revisions"}],"predecessor-version":[{"id":49845,"href":"https:\/\/www.simepe.com.br\/novo\/wp-json\/wp\/v2\/posts\/49843\/revisions\/49845"}],"wp:attachment":[{"href":"https:\/\/www.simepe.com.br\/novo\/wp-json\/wp\/v2\/media?parent=49843"}],"wp:term":[{"taxonomy":"category","embeddable":true,"href":"https:\/\/www.simepe.com.br\/novo\/wp-json\/wp\/v2\/categories?post=49843"},{"taxonomy":"post_tag","embeddable":true,"href":"https:\/\/www.simepe.com.br\/novo\/wp-json\/wp\/v2\/tags?post=49843"}],"curies":[{"name":"wp","href":"https:\/\/api.w.org\/{rel}","templated":true}]}}