{"id":49846,"date":"2018-11-21T08:12:47","date_gmt":"2018-11-21T11:12:47","guid":{"rendered":"http:\/\/www.simepe.com.br\/novo\/?p=49846"},"modified":"2018-11-21T08:12:47","modified_gmt":"2018-11-21T11:12:47","slug":"novembro-azul-reforca-medidas-preventivas-contra-o-cancer","status":"publish","type":"post","link":"https:\/\/www.simepe.com.br\/novo\/novembro-azul-reforca-medidas-preventivas-contra-o-cancer\/","title":{"rendered":"Novembro Azul refor\u00e7a medidas preventivas contra o c\u00e2ncer"},"content":{"rendered":"<p style=\"text-align: justify;\">Palestras alertam sobre a promo\u00e7\u00e3o da sa\u00fade do homem, sobretudo no que se refere a doen\u00e7as da pr\u00f3stata e p\u00eanis<\/p>\n<p style=\"text-align: justify;\">Um ciclo de palestras sobre conscientiza\u00e7\u00e3o de c\u00e2ncer de pr\u00f3stata e promo\u00e7\u00e3o da sa\u00fade de homem marcou a programa\u00e7\u00e3o do Novembro Azul realizada pela UNAMA &#8211; Universidade da Amaz\u00f4nia, no campus Alcindo Cacela, no s\u00e1bado (17). Profissionais do curso de Enfermagem organizaram um evento para que estudantes e o p\u00fablico em geral compreendessem a import\u00e2ncia da preven\u00e7\u00e3o do c\u00e2ncer de pr\u00f3stata, c\u00e2ncer no p\u00eanis e outras doen\u00e7as comuns em homens.<\/p>\n<p style=\"text-align: justify;\">Aline Cruz, coordenadora do evento, destacou a import\u00e2ncia da educa\u00e7\u00e3o em sa\u00fade. Segundo ela, o c\u00e2ncer, hoje em dia, \u00e9 a segunda doen\u00e7a que mais causa mortes no mundo. \u201cO Novembro Azul n\u00e3o \u00e9 s\u00f3 c\u00e2ncer de pr\u00f3stata, \u00e9 tamb\u00e9m c\u00e2ncer de p\u00eanis e outras doen\u00e7as. \u00c9 a valoriza\u00e7\u00e3o de sa\u00fade do homem, n\u00e3o somente como indiv\u00edduos, mas amplificadores de conhecimentos a todas as pessoas que est\u00e3o pertos deles\u201d, disse Aline.<\/p>\n<p style=\"text-align: justify;\">Para Andrey Porpino, dentista e coordenador de Sa\u00fade do Homem na Sespa (Secret\u00e1ria de Sa\u00fade P\u00fablica do Par\u00e1), o evento \u00e9 de interesse de toda a popula\u00e7\u00e3o masculina. \u201cEu, sendo homem, preciso ter a obriga\u00e7\u00e3o de ter conhecimento sobre o funcionamento do corpo masculino\u201d, afirmou.<\/p>\n<p style=\"text-align: justify;\">Renata Lopes, coordenadora do curso de Enfermagem, disse que desde o inicio do m\u00eas o grupo est\u00e1 trabalhando na campanha do movimento. \u201cSabemos que a gente precisa sensibilizar cada vez mais homens para que esses homens cuidem da sa\u00fade. Nosso principal objetivo \u00e9 trazer conhecimento cient\u00edfico sobre essas doen\u00e7as e sensibilizar o m\u00e1ximo de alunos, futuros profissionais e familiares para que eles sejam multiplicadores e que se previnam mais para que a gente tenha uma sociedade mais saud\u00e1vel\u201d, disse.<\/p>\n<p style=\"text-align: justify;\">O evento promoveu educa\u00e7\u00e3o em sa\u00fade. \u201cEsse evento traz para a gente a oportunidade de disseminar nosso conhecimento atrav\u00e9s de palestras. A inten\u00e7\u00e3o \u00e9 promover conhecimento para acad\u00eamicos e p\u00fablico em geral\u201d, disse Tatiane Atha\u00edde, aluna do 8\u00ba semestre de Enfermagem e uma das organizadoras do evento.<\/p>\n<p style=\"text-align: justify;\">Joseane Correa, enfermeira do Ophir Loyola e do Hospital Universit\u00e1rio Barros Barretos, explicou como \u00e9 feita a preven\u00e7\u00e3o e o tratamento ap\u00f3s o diagn\u00f3stico. \u201cO paciente, geralmente quando tem c\u00e2ncer no p\u00eanis, precisa tirar metade desse p\u00eanis, ou tirar o p\u00eanis todo. Os m\u00e9dicos sabem que essa doen\u00e7a pode se prolongar para os \u00f3rg\u00e3os adjacentes, porque o c\u00e2ncer cresce de uma forma desordenada e n\u00e3o v\u00ea barreiras. As cirurgias consistem em retirada das gl\u00e2ndulas, ou \u00ednguas, como os pacientes falam, e uma amplia\u00e7\u00e3o de margem cir\u00fargica dos tecidos que provavelmente est\u00e3o comprometidos, para que esse c\u00e2ncer n\u00e3o atinja outros \u00f3rg\u00e3os\u201d, explicou.<\/p>\n<p style=\"text-align: justify;\">Joseane destacou a import\u00e2ncia do acompanhamento p\u00f3s-cir\u00fargico. \u201cNo Ophir Loyola n\u00e3o deixamos o paciente ir embora para casa depois de fazer a penectomia (t\u00e9cnica cir\u00fargica que consiste na retirada cir\u00fargica exclusivamente do p\u00eanis). A espera \u00e9 de uma ou duas semanas para fazer o segundo tempo cir\u00fargico. Porque os estudos cient\u00edficos comprovam que vai evoluir a doen\u00e7a e n\u00e3o basta tirar s\u00f3 aquele peda\u00e7o de p\u00eanis\u201d, disse.<\/p>\n<p style=\"text-align: justify;\">A enfermeira explicou que os homens precisam estar atentos para qualquer altera\u00e7\u00e3o nos \u00f3rg\u00e3os genitais. \u201cSe tiver alguma altera\u00e7\u00e3o no p\u00eanis, o m\u00e9dico vai fazer o exame cl\u00ednico, de prefer\u00eancia o urologista, que \u00e9 o especialista, e em seguida a bi\u00f3psia, porque geralmente para justificar a cirurgia no SUS \u00e9 necess\u00e1rio ter a comprova\u00e7\u00e3o de que o paciente est\u00e1 com c\u00e2ncer de p\u00eanis\u201d, afirmou Joseane.<\/p>\n<p style=\"text-align: justify;\">Joseane disse que a higiene \u00e9 uma das formas de se manter longe da doen\u00e7a. \u201cDesde crian\u00e7a tem que ter seus atos de higienes corretos. Algumas crian\u00e7as t\u00eam o ac\u00famulo de pele, que \u00e9 chamada fimose. Se essa pele dificultar a exposi\u00e7\u00e3o do prep\u00facio para a limpeza, tem que fazer a cirurgia, que geralmente \u00e9 feita em crian\u00e7as. A higiene tem que ser di\u00e1ria\u201d, detalhou.<\/p>\n<p style=\"text-align: justify;\">\u00c9 importante que o homem procure o m\u00e9dico se tiver feridas, caro\u00e7os que dificilmente cicatrizem e se estiver com uma les\u00e3o h\u00e1 mais de um ano e que n\u00e3o cicatriza. A maioria dos casos ocorre com homens acima dos 50 anos, mas s\u00e3o cada vez mais comuns casos em jovens. \u201cNa nossa realidade, na minha pr\u00e1tica cl\u00ednica, j\u00e1 atendi paciente com 19 anos. Temos observado cada vez mais homens jovens. E as regi\u00f5es Norte e Nordeste, sobretudo o Estado do Par\u00e1, s\u00e3o as campe\u00e3s de c\u00e2ncer de p\u00eanis, que est\u00e1 associado a baixas condi\u00e7\u00f5es socioecon\u00f4micas e educativas\u201d, concluiu.<\/p>\n<p style=\"text-align: justify;\">\n<p style=\"text-align: justify;\">Fonte: Leia J\u00e1<\/p>\n","protected":false},"excerpt":{"rendered":"<p>Palestras alertam sobre a promo\u00e7\u00e3o da sa\u00fade do homem, sobretudo no que se refere a doen\u00e7as da pr\u00f3stata e p\u00eanis Um ciclo de palestras sobre conscientiza\u00e7\u00e3o de c\u00e2ncer de pr\u00f3stata e promo\u00e7\u00e3o da sa\u00fade de homem marcou a programa\u00e7\u00e3o do Novembro Azul realizada pela UNAMA &#8211; Universidade da Amaz\u00f4nia, no campus Alcindo Cacela, no s\u00e1bado [&hellip;]<\/p>\n","protected":false},"author":1,"featured_media":49847,"comment_status":"open","ping_status":"open","sticky":false,"template":"","format":"standard","meta":{"ocean_post_layout":"","ocean_both_sidebars_style":"","ocean_both_sidebars_content_width":0,"ocean_both_sidebars_sidebars_width":0,"ocean_sidebar":"","ocean_second_sidebar":"","ocean_disable_margins":"enable","ocean_add_body_class":"","ocean_shortcode_before_top_bar":"","ocean_shortcode_after_top_bar":"","ocean_shortcode_before_header":"","ocean_shortcode_after_header":"","ocean_has_shortcode":"","ocean_shortcode_after_title":"","ocean_shortcode_before_footer_widgets":"","ocean_shortcode_after_footer_widgets":"","ocean_shortcode_before_footer_bottom":"","ocean_shortcode_after_footer_bottom":"","ocean_display_top_bar":"default","ocean_display_header":"default","ocean_header_style":"","ocean_center_header_left_menu":"","ocean_custom_header_template":"","ocean_custom_logo":0,"ocean_custom_retina_logo":0,"ocean_custom_logo_max_width":0,"ocean_custom_logo_tablet_max_width":0,"ocean_custom_logo_mobile_max_width":0,"ocean_custom_logo_max_height":0,"ocean_custom_logo_tablet_max_height":0,"ocean_custom_logo_mobile_max_height":0,"ocean_header_custom_menu":"","ocean_menu_typo_font_family":"","ocean_menu_typo_font_subset":"","ocean_menu_typo_font_size":0,"ocean_menu_typo_font_size_tablet":0,"ocean_menu_typo_font_size_mobile":0,"ocean_menu_typo_font_size_unit":"px","ocean_menu_typo_font_weight":"","ocean_menu_typo_font_weight_tablet":"","ocean_menu_typo_font_weight_mobile":"","ocean_menu_typo_transform":"","ocean_menu_typo_transform_tablet":"","ocean_menu_typo_transform_mobile":"","ocean_menu_typo_line_height":0,"ocean_menu_typo_line_height_tablet":0,"ocean_menu_typo_line_height_mobile":0,"ocean_menu_typo_line_height_unit":"","ocean_menu_typo_spacing":0,"ocean_menu_typo_spacing_tablet":0,"ocean_menu_typo_spacing_mobile":0,"ocean_menu_typo_spacing_unit":"","ocean_menu_link_color":"","ocean_menu_link_color_hover":"","ocean_menu_link_color_active":"","ocean_menu_link_background":"","ocean_menu_link_hover_background":"","ocean_menu_link_active_background":"","ocean_menu_social_links_bg":"","ocean_menu_social_hover_links_bg":"","ocean_menu_social_links_color":"","ocean_menu_social_hover_links_color":"","ocean_disable_title":"default","ocean_disable_heading":"default","ocean_post_title":"","ocean_post_subheading":"","ocean_post_title_style":"","ocean_post_title_background_color":"","ocean_post_title_background":0,"ocean_post_title_bg_image_position":"","ocean_post_title_bg_image_attachment":"","ocean_post_title_bg_image_repeat":"","ocean_post_title_bg_image_size":"","ocean_post_title_height":0,"ocean_post_title_bg_overlay":0.5,"ocean_post_title_bg_overlay_color":"","ocean_disable_breadcrumbs":"default","ocean_breadcrumbs_color":"","ocean_breadcrumbs_separator_color":"","ocean_breadcrumbs_links_color":"","ocean_breadcrumbs_links_hover_color":"","ocean_display_footer_widgets":"default","ocean_display_footer_bottom":"default","ocean_custom_footer_template":"","ocean_post_oembed":"","ocean_post_self_hosted_media":"","ocean_post_video_embed":"","ocean_link_format":"","ocean_link_format_target":"self","ocean_quote_format":"","ocean_quote_format_link":"post","ocean_gallery_link_images":"on","ocean_gallery_id":[]},"categories":[1],"tags":[572,3282,82],"acf":[],"_links":{"self":[{"href":"https:\/\/www.simepe.com.br\/novo\/wp-json\/wp\/v2\/posts\/49846"}],"collection":[{"href":"https:\/\/www.simepe.com.br\/novo\/wp-json\/wp\/v2\/posts"}],"about":[{"href":"https:\/\/www.simepe.com.br\/novo\/wp-json\/wp\/v2\/types\/post"}],"author":[{"embeddable":true,"href":"https:\/\/www.simepe.com.br\/novo\/wp-json\/wp\/v2\/users\/1"}],"replies":[{"embeddable":true,"href":"https:\/\/www.simepe.com.br\/novo\/wp-json\/wp\/v2\/comments?post=49846"}],"version-history":[{"count":1,"href":"https:\/\/www.simepe.com.br\/novo\/wp-json\/wp\/v2\/posts\/49846\/revisions"}],"predecessor-version":[{"id":49848,"href":"https:\/\/www.simepe.com.br\/novo\/wp-json\/wp\/v2\/posts\/49846\/revisions\/49848"}],"wp:featuredmedia":[{"embeddable":true,"href":"https:\/\/www.simepe.com.br\/novo\/wp-json\/wp\/v2\/media\/49847"}],"wp:attachment":[{"href":"https:\/\/www.simepe.com.br\/novo\/wp-json\/wp\/v2\/media?parent=49846"}],"wp:term":[{"taxonomy":"category","embeddable":true,"href":"https:\/\/www.simepe.com.br\/novo\/wp-json\/wp\/v2\/categories?post=49846"},{"taxonomy":"post_tag","embeddable":true,"href":"https:\/\/www.simepe.com.br\/novo\/wp-json\/wp\/v2\/tags?post=49846"}],"curies":[{"name":"wp","href":"https:\/\/api.w.org\/{rel}","templated":true}]}}