{"id":49853,"date":"2018-11-21T08:22:02","date_gmt":"2018-11-21T11:22:02","guid":{"rendered":"http:\/\/www.simepe.com.br\/novo\/?p=49853"},"modified":"2018-11-21T08:22:02","modified_gmt":"2018-11-21T11:22:02","slug":"comecam-nesta-quarta-as-inscricoes-para-o-programa-mais-medicos","status":"publish","type":"post","link":"https:\/\/www.simepe.com.br\/novo\/comecam-nesta-quarta-as-inscricoes-para-o-programa-mais-medicos\/","title":{"rendered":"Come\u00e7am nesta quarta as inscri\u00e7\u00f5es para o programa Mais M\u00e9dicos"},"content":{"rendered":"<p style=\"text-align: justify;\">Governo vai oferecer 8.517 vagas que atualmente s\u00e3o ocupadas por m\u00e9dicos cubanos. Inscri\u00e7\u00f5es v\u00e3o at\u00e9 o dia 25 deste m\u00eas e o in\u00edcio das atividades est\u00e1 previsto para o dia 3 de dezembro.<\/p>\n<p style=\"text-align: justify;\">O governo federal abriu na manh\u00e3 desta quarta-feira (21) as incri\u00e7\u00f5es para o programa Mais M\u00e9dicos. Est\u00e3o sendo ofertadas 8.517 vagas para atua\u00e7\u00e3o em quase 3 mil munic\u00edpios e 34 distritos ind\u00edgenas. O sal\u00e1rio \u00e9 de R$ 11.800,00.<\/p>\n<p style=\"text-align: justify;\">Podem se candidatar \u00e0s vagas os m\u00e9dicos brasileiros com CRM Brasil ou com diploma revalidado no pa\u00eds. As inscri\u00e7\u00f5es v\u00e3o at\u00e9 o dia 25 deste m\u00eas e devem ser feitas por meio do site do programa. O in\u00edcio das atividades est\u00e1 previsto para o dia 3 de dezembro.<\/p>\n<p style=\"text-align: justify;\">A medida emergencial do governo federal para preencher as vagas foi tomada ap\u00f3s o an\u00fancio da sa\u00edda de Cuba do programa, na semana passada. Atualmente, cerca de 8,2 mil profissionais cubanos participam do Mais M\u00e9dicos.<\/p>\n<p style=\"text-align: justify;\">Nesta ter\u00e7a-feira (20), o Minist\u00e9rio da Sa\u00fade publicou no &#8220;Di\u00e1rio Oficial da Uni\u00e3o&#8221; o edital para ades\u00e3o ao programa.<\/p>\n<p style=\"text-align: justify;\"><strong>Sa\u00edda dos cubanos<\/strong><br \/>\nO programa Mais M\u00e9dicos foi criado pelo governo federal em 2013, para ampliar assist\u00eancia m\u00e9dica em regi\u00f5es com car\u00eancia de profissionais.<\/p>\n<p style=\"text-align: justify;\">De acordo com o Minist\u00e9rio da Sa\u00fade, o programa conta com 18.240 vagas em mais de 4 mil munic\u00edpios e 34 distritos ind\u00edgenas, e oferece assist\u00eancia para mais de 63 milh\u00f5es de brasileiros.<\/p>\n<p style=\"text-align: justify;\">At\u00e9 2016, 11.400 m\u00e9dicos de Cuba trabalhavam no Mais M\u00e9dicos, segundo o Minist\u00e9rio da Sa\u00fade. Atualmente s\u00e3o 8.332 profissionais cubanos em atividade.<\/p>\n<p style=\"text-align: justify;\">Na semana passada, o governo cubano anunciou que deixaria o Mais M\u00e9dicos e citou &#8220;refer\u00eancias diretas, depreciativas e amea\u00e7adoras&#8221; feitas pelo presidente eleito Jair Bolsonaro em rela\u00e7\u00e3o \u00e0 presen\u00e7a dos m\u00e9dicos cubanos no Brasil.<\/p>\n<p style=\"text-align: justify;\">Segundo o Conselho Nacional de Secretarias Municipais de Sa\u00fade (Conasems), com a sa\u00edda dos profissionais cubanos do Mais M\u00e9dicos, cerca de 600 munic\u00edpios brasileiros podem ficar sem nenhum m\u00e9dico da rede p\u00fablica a partir do dia 25 de dezembro.<\/p>\n<p style=\"text-align: justify;\">Na semana passada, Bolsonaro disse que os profissionais cubanos que quisessem permanecer no pa\u00eds teriam o asilo concedido.<\/p>\n<p style=\"text-align: justify;\"><strong>Cr\u00edticas<\/strong><br \/>\nO futuro ministro da Sa\u00fade, deputado Luiz Henrique Mandetta (DEM-MS), afirmou nesta ter\u00e7a-feira (20) que o acordo que garantiu atua\u00e7\u00e3o de profissionais cubanos no Mais M\u00e9dicos parecia um conv\u00eanio entre Cuba e o PT. Mandetta deu a declara\u00e7\u00e3o logo ap\u00f3s ser anunciado por Bolsonaro para ocupar a pasta.<\/p>\n<p style=\"text-align: justify;\">Mandetta chamou a medida de &#8220;improvisa\u00e7\u00e3o&#8221;. &#8220;Era um risco que a gente j\u00e1 alertava no in\u00edcio. N\u00f3s precisamos de pol\u00edticas que sejam sustent\u00e1veis. As improvisa\u00e7\u00f5es em sa\u00fade costumam terminar mal e essa n\u00e3o foi diferente das outras&#8221;, completou o novo ministro.<\/p>\n<p style=\"text-align: justify;\"><img src=\"https:\/\/s2.glbimg.com\/e9rKPBc3CLoZz53spI2CFRrVjN8=\/0x0:1600x1849\/984x0\/smart\/filters:strip_icc()\/i.s3.glbimg.com\/v1\/AUTH_59edd422c0c84a879bd37670ae4f538a\/internal_photos\/bs\/2018\/7\/n\/wflBRpTlS3u6AjldhUUA\/distribuicao-vagas-mais-medicos.png\" alt=\"Edital Mais M\u00c3\u00a9dicos \u00e2\u0080\u0094 Foto:  Alexandre Mauro\/Arte G1\" \/><\/p>\n<p style=\"text-align: justify;\"><strong>Detalhes do edital<\/strong><\/p>\n<ul>\n<li style=\"text-align: justify;\">Ser\u00e3o 8.517 vagas;<\/li>\n<li style=\"text-align: justify;\">Todas as vagas ser\u00e3o ofertadas aos m\u00e9dicos (brasileiros e estrangeiros) com registro no CRM do Brasil;<\/li>\n<li style=\"text-align: justify;\">Para atuar no Mais M\u00e9dicos, os profissionais sem CRM n\u00e3o precisar\u00e3o fazer o Revalida. Eles poder\u00e3o fazer o Revalida caso queiram exercer atividade tamb\u00e9m fora do programa;<\/li>\n<li style=\"text-align: justify;\">As inscri\u00e7\u00f5es estar\u00e3o abertas a partir das 8h de 21 de novembro at\u00e9 as 23h59 de 25 de novembro, e dever\u00e3o ser feitas pelo site do programa (maismedicos.gov.br);<\/li>\n<li style=\"text-align: justify;\">No edital, \u00e9 poss\u00edvel ver o n\u00famero de vagas por munic\u00edpio;<\/li>\n<li style=\"text-align: justify;\">No ato de inscri\u00e7\u00e3o, o profissional escolher\u00e1 o munic\u00edpio dispon\u00edvel para a atua\u00e7\u00e3o;<\/li>\n<li style=\"text-align: justify;\">Os m\u00e9dicos devem iniciar as atividades nos munic\u00edpios a partir de 3 de dezembro; a data-limite \u00e9 7 de dezembro;<\/li>\n<li style=\"text-align: justify;\">Se houver vagas remanescentes, um segundo edital ser\u00e1 lan\u00e7ado em 27 de novembro com vagas para brasileiros formados no exterior e estrangeiros.<\/li>\n<\/ul>\n<p style=\"text-align: justify;\">\n<p style=\"text-align: justify;\">Fonte: G1<\/p>\n","protected":false},"excerpt":{"rendered":"<p>Governo vai oferecer 8.517 vagas que atualmente s\u00e3o ocupadas por m\u00e9dicos cubanos. Inscri\u00e7\u00f5es v\u00e3o at\u00e9 o dia 25 deste m\u00eas e o in\u00edcio das atividades est\u00e1 previsto para o dia 3 de dezembro. O governo federal abriu na manh\u00e3 desta quarta-feira (21) as incri\u00e7\u00f5es para o programa Mais M\u00e9dicos. Est\u00e3o sendo ofertadas 8.517 vagas para [&hellip;]<\/p>\n","protected":false},"author":1,"featured_media":0,"comment_status":"open","ping_status":"open","sticky":false,"template":"","format":"standard","meta":{"ocean_post_layout":"","ocean_both_sidebars_style":"","ocean_both_sidebars_content_width":0,"ocean_both_sidebars_sidebars_width":0,"ocean_sidebar":"","ocean_second_sidebar":"","ocean_disable_margins":"enable","ocean_add_body_class":"","ocean_shortcode_before_top_bar":"","ocean_shortcode_after_top_bar":"","ocean_shortcode_before_header":"","ocean_shortcode_after_header":"","ocean_has_shortcode":"","ocean_shortcode_after_title":"","ocean_shortcode_before_footer_widgets":"","ocean_shortcode_after_footer_widgets":"","ocean_shortcode_before_footer_bottom":"","ocean_shortcode_after_footer_bottom":"","ocean_display_top_bar":"default","ocean_display_header":"default","ocean_header_style":"","ocean_center_header_left_menu":"","ocean_custom_header_template":"","ocean_custom_logo":0,"ocean_custom_retina_logo":0,"ocean_custom_logo_max_width":0,"ocean_custom_logo_tablet_max_width":0,"ocean_custom_logo_mobile_max_width":0,"ocean_custom_logo_max_height":0,"ocean_custom_logo_tablet_max_height":0,"ocean_custom_logo_mobile_max_height":0,"ocean_header_custom_menu":"","ocean_menu_typo_font_family":"","ocean_menu_typo_font_subset":"","ocean_menu_typo_font_size":0,"ocean_menu_typo_font_size_tablet":0,"ocean_menu_typo_font_size_mobile":0,"ocean_menu_typo_font_size_unit":"px","ocean_menu_typo_font_weight":"","ocean_menu_typo_font_weight_tablet":"","ocean_menu_typo_font_weight_mobile":"","ocean_menu_typo_transform":"","ocean_menu_typo_transform_tablet":"","ocean_menu_typo_transform_mobile":"","ocean_menu_typo_line_height":0,"ocean_menu_typo_line_height_tablet":0,"ocean_menu_typo_line_height_mobile":0,"ocean_menu_typo_line_height_unit":"","ocean_menu_typo_spacing":0,"ocean_menu_typo_spacing_tablet":0,"ocean_menu_typo_spacing_mobile":0,"ocean_menu_typo_spacing_unit":"","ocean_menu_link_color":"","ocean_menu_link_color_hover":"","ocean_menu_link_color_active":"","ocean_menu_link_background":"","ocean_menu_link_hover_background":"","ocean_menu_link_active_background":"","ocean_menu_social_links_bg":"","ocean_menu_social_hover_links_bg":"","ocean_menu_social_links_color":"","ocean_menu_social_hover_links_color":"","ocean_disable_title":"default","ocean_disable_heading":"default","ocean_post_title":"","ocean_post_subheading":"","ocean_post_title_style":"","ocean_post_title_background_color":"","ocean_post_title_background":0,"ocean_post_title_bg_image_position":"","ocean_post_title_bg_image_attachment":"","ocean_post_title_bg_image_repeat":"","ocean_post_title_bg_image_size":"","ocean_post_title_height":0,"ocean_post_title_bg_overlay":0.5,"ocean_post_title_bg_overlay_color":"","ocean_disable_breadcrumbs":"default","ocean_breadcrumbs_color":"","ocean_breadcrumbs_separator_color":"","ocean_breadcrumbs_links_color":"","ocean_breadcrumbs_links_hover_color":"","ocean_display_footer_widgets":"default","ocean_display_footer_bottom":"default","ocean_custom_footer_template":"","ocean_post_oembed":"","ocean_post_self_hosted_media":"","ocean_post_video_embed":"","ocean_link_format":"","ocean_link_format_target":"self","ocean_quote_format":"","ocean_quote_format_link":"post","ocean_gallery_link_images":"on","ocean_gallery_id":[]},"categories":[9],"tags":[221,2561,1232,82],"acf":[],"_links":{"self":[{"href":"https:\/\/www.simepe.com.br\/novo\/wp-json\/wp\/v2\/posts\/49853"}],"collection":[{"href":"https:\/\/www.simepe.com.br\/novo\/wp-json\/wp\/v2\/posts"}],"about":[{"href":"https:\/\/www.simepe.com.br\/novo\/wp-json\/wp\/v2\/types\/post"}],"author":[{"embeddable":true,"href":"https:\/\/www.simepe.com.br\/novo\/wp-json\/wp\/v2\/users\/1"}],"replies":[{"embeddable":true,"href":"https:\/\/www.simepe.com.br\/novo\/wp-json\/wp\/v2\/comments?post=49853"}],"version-history":[{"count":1,"href":"https:\/\/www.simepe.com.br\/novo\/wp-json\/wp\/v2\/posts\/49853\/revisions"}],"predecessor-version":[{"id":49854,"href":"https:\/\/www.simepe.com.br\/novo\/wp-json\/wp\/v2\/posts\/49853\/revisions\/49854"}],"wp:attachment":[{"href":"https:\/\/www.simepe.com.br\/novo\/wp-json\/wp\/v2\/media?parent=49853"}],"wp:term":[{"taxonomy":"category","embeddable":true,"href":"https:\/\/www.simepe.com.br\/novo\/wp-json\/wp\/v2\/categories?post=49853"},{"taxonomy":"post_tag","embeddable":true,"href":"https:\/\/www.simepe.com.br\/novo\/wp-json\/wp\/v2\/tags?post=49853"}],"curies":[{"name":"wp","href":"https:\/\/api.w.org\/{rel}","templated":true}]}}