{"id":49864,"date":"2018-11-21T08:34:34","date_gmt":"2018-11-21T11:34:34","guid":{"rendered":"http:\/\/www.simepe.com.br\/novo\/?p=49864"},"modified":"2018-11-21T08:34:34","modified_gmt":"2018-11-21T11:34:34","slug":"em-greve-os-medicos-do-recife-fazem-nova-e-decisiva-age-nesta-quarta-2111","status":"publish","type":"post","link":"https:\/\/www.simepe.com.br\/novo\/em-greve-os-medicos-do-recife-fazem-nova-e-decisiva-age-nesta-quarta-2111\/","title":{"rendered":"Em greve, os m\u00e9dicos do Recife fazem nova e decisiva AGE nesta quarta (21\/11)."},"content":{"rendered":"<p style=\"text-align: justify;\">Os m\u00e9dicos vinculados \u00e0 rede municipal de sa\u00fade do Recife, em greve por tempo indeterminado, h\u00e1 60 dias, realizam Assembleia Geral (AGE) nesta quarta-feira (21\/11), \u00e0s 13h30, na sede do Simepe, com objetivo de avaliar o movimento grevista e definir rumos do movimento. A sede do Simepe fica na Avenida Jo\u00e3o de Barros, 587 \u2013 Boa Vista.<\/p>\n<p style=\"text-align: justify;\">Os profissionais j\u00e1 denunciaram \u00e0s prec\u00e1rias condi\u00e7\u00f5es de trabalho e de atendimento nos postos de sa\u00fade, policl\u00ednicas, maternidades e Centro de Assist\u00eancia Psicossocial (CAPs), atrav\u00e9s de relatos, fotografias e v\u00eddeos aos meios de comunica\u00e7\u00e3o, bem como de documento entregue ao Cremepe.<\/p>\n<p style=\"text-align: justify;\">\u201cJ\u00e1 emitimos carta aberta, por meio de nota oficial, of\u00edcios, reiteramos o pedido publicamente na M\u00eddia, para uma audi\u00eancia com o prefeito Geraldo J\u00falio. No entanto, nada adiantou at\u00e9 o momento. Queremos dialogar, negociar e aguardamos uma proposta da gest\u00e3o que possa atender os pleitos da categoria\u201d, frisou o presidente do Simepe, Tadeu Calheiros.<\/p>\n<p style=\"text-align: justify;\">Os m\u00e9dicos reclamam que as reivindica\u00e7\u00f5es da categoria n\u00e3o est\u00e3o sendo tratadas com aten\u00e7\u00e3o pela gest\u00e3o municipal\u200b, o que mostra o descompromisso completo, com a sa\u00fade da popula\u00e7\u00e3o. Os profissionais lutam pelo cumprimento integral do Termo de Compromisso, firmado, com a Prefeitura do Recife, em janeiro passado. O documento reivindica por a\u00e7\u00f5es de melhoria nas \u00e1reas de seguran\u00e7a das unidades de sa\u00fade, nas estruturas f\u00edsicas, que est\u00e3o prec\u00e1rias; recomposi\u00e7\u00e3o das escalas m\u00e9dicas, melhorias no abastecimento de medicamentos, principalmente na sa\u00fade mental, e equipara\u00e7\u00e3o salarial ao praticado pelo governo estadual.<\/p>\n<p style=\"text-align: justify;\">\n<p style=\"text-align: justify;\">Fonte: Blog do Henrique Barbosa<\/p>\n","protected":false},"excerpt":{"rendered":"<p>Os m\u00e9dicos vinculados \u00e0 rede municipal de sa\u00fade do Recife, em greve por tempo indeterminado, h\u00e1 60 dias, realizam Assembleia Geral (AGE) nesta quarta-feira (21\/11), \u00e0s 13h30, na sede do Simepe, com objetivo de avaliar o movimento grevista e definir rumos do movimento. A sede do Simepe fica na Avenida Jo\u00e3o de Barros, 587 \u2013 [&hellip;]<\/p>\n","protected":false},"author":1,"featured_media":0,"comment_status":"open","ping_status":"open","sticky":false,"template":"","format":"standard","meta":{"ocean_post_layout":"","ocean_both_sidebars_style":"","ocean_both_sidebars_content_width":0,"ocean_both_sidebars_sidebars_width":0,"ocean_sidebar":"","ocean_second_sidebar":"","ocean_disable_margins":"enable","ocean_add_body_class":"","ocean_shortcode_before_top_bar":"","ocean_shortcode_after_top_bar":"","ocean_shortcode_before_header":"","ocean_shortcode_after_header":"","ocean_has_shortcode":"","ocean_shortcode_after_title":"","ocean_shortcode_before_footer_widgets":"","ocean_shortcode_after_footer_widgets":"","ocean_shortcode_before_footer_bottom":"","ocean_shortcode_after_footer_bottom":"","ocean_display_top_bar":"default","ocean_display_header":"default","ocean_header_style":"","ocean_center_header_left_menu":"","ocean_custom_header_template":"","ocean_custom_logo":0,"ocean_custom_retina_logo":0,"ocean_custom_logo_max_width":0,"ocean_custom_logo_tablet_max_width":0,"ocean_custom_logo_mobile_max_width":0,"ocean_custom_logo_max_height":0,"ocean_custom_logo_tablet_max_height":0,"ocean_custom_logo_mobile_max_height":0,"ocean_header_custom_menu":"","ocean_menu_typo_font_family":"","ocean_menu_typo_font_subset":"","ocean_menu_typo_font_size":0,"ocean_menu_typo_font_size_tablet":0,"ocean_menu_typo_font_size_mobile":0,"ocean_menu_typo_font_size_unit":"px","ocean_menu_typo_font_weight":"","ocean_menu_typo_font_weight_tablet":"","ocean_menu_typo_font_weight_mobile":"","ocean_menu_typo_transform":"","ocean_menu_typo_transform_tablet":"","ocean_menu_typo_transform_mobile":"","ocean_menu_typo_line_height":0,"ocean_menu_typo_line_height_tablet":0,"ocean_menu_typo_line_height_mobile":0,"ocean_menu_typo_line_height_unit":"","ocean_menu_typo_spacing":0,"ocean_menu_typo_spacing_tablet":0,"ocean_menu_typo_spacing_mobile":0,"ocean_menu_typo_spacing_unit":"","ocean_menu_link_color":"","ocean_menu_link_color_hover":"","ocean_menu_link_color_active":"","ocean_menu_link_background":"","ocean_menu_link_hover_background":"","ocean_menu_link_active_background":"","ocean_menu_social_links_bg":"","ocean_menu_social_hover_links_bg":"","ocean_menu_social_links_color":"","ocean_menu_social_hover_links_color":"","ocean_disable_title":"default","ocean_disable_heading":"default","ocean_post_title":"","ocean_post_subheading":"","ocean_post_title_style":"","ocean_post_title_background_color":"","ocean_post_title_background":0,"ocean_post_title_bg_image_position":"","ocean_post_title_bg_image_attachment":"","ocean_post_title_bg_image_repeat":"","ocean_post_title_bg_image_size":"","ocean_post_title_height":0,"ocean_post_title_bg_overlay":0.5,"ocean_post_title_bg_overlay_color":"","ocean_disable_breadcrumbs":"default","ocean_breadcrumbs_color":"","ocean_breadcrumbs_separator_color":"","ocean_breadcrumbs_links_color":"","ocean_breadcrumbs_links_hover_color":"","ocean_display_footer_widgets":"default","ocean_display_footer_bottom":"default","ocean_custom_footer_template":"","ocean_post_oembed":"","ocean_post_self_hosted_media":"","ocean_post_video_embed":"","ocean_link_format":"","ocean_link_format_target":"self","ocean_quote_format":"","ocean_quote_format_link":"post","ocean_gallery_link_images":"on","ocean_gallery_id":[]},"categories":[9],"tags":[70,580,75,62],"acf":[],"_links":{"self":[{"href":"https:\/\/www.simepe.com.br\/novo\/wp-json\/wp\/v2\/posts\/49864"}],"collection":[{"href":"https:\/\/www.simepe.com.br\/novo\/wp-json\/wp\/v2\/posts"}],"about":[{"href":"https:\/\/www.simepe.com.br\/novo\/wp-json\/wp\/v2\/types\/post"}],"author":[{"embeddable":true,"href":"https:\/\/www.simepe.com.br\/novo\/wp-json\/wp\/v2\/users\/1"}],"replies":[{"embeddable":true,"href":"https:\/\/www.simepe.com.br\/novo\/wp-json\/wp\/v2\/comments?post=49864"}],"version-history":[{"count":1,"href":"https:\/\/www.simepe.com.br\/novo\/wp-json\/wp\/v2\/posts\/49864\/revisions"}],"predecessor-version":[{"id":49865,"href":"https:\/\/www.simepe.com.br\/novo\/wp-json\/wp\/v2\/posts\/49864\/revisions\/49865"}],"wp:attachment":[{"href":"https:\/\/www.simepe.com.br\/novo\/wp-json\/wp\/v2\/media?parent=49864"}],"wp:term":[{"taxonomy":"category","embeddable":true,"href":"https:\/\/www.simepe.com.br\/novo\/wp-json\/wp\/v2\/categories?post=49864"},{"taxonomy":"post_tag","embeddable":true,"href":"https:\/\/www.simepe.com.br\/novo\/wp-json\/wp\/v2\/tags?post=49864"}],"curies":[{"name":"wp","href":"https:\/\/api.w.org\/{rel}","templated":true}]}}