{"id":49876,"date":"2018-11-21T08:52:05","date_gmt":"2018-11-21T11:52:05","guid":{"rendered":"http:\/\/www.simepe.com.br\/novo\/?p=49876"},"modified":"2018-11-21T08:52:05","modified_gmt":"2018-11-21T11:52:05","slug":"o-simed-pb-considera-que-o-mais-medicos-deveria-ser-utilizado-de-forma-complementar-somente-depois-de-esgotada-a-capacidade-de-assistencia-dos-medicos-de-carreira","status":"publish","type":"post","link":"https:\/\/www.simepe.com.br\/novo\/o-simed-pb-considera-que-o-mais-medicos-deveria-ser-utilizado-de-forma-complementar-somente-depois-de-esgotada-a-capacidade-de-assistencia-dos-medicos-de-carreira\/","title":{"rendered":"O SIMED-PB CONSIDERA QUE O MAIS M\u00c9DICOS DEVERIA SER UTILIZADO DE FORMA COMPLEMENTAR, SOMENTE DEPOIS DE ESGOTADA A CAPACIDADE DE ASSIST\u00caNCIA DOS M\u00c9DICOS DE CARREIRA."},"content":{"rendered":"<p style=\"text-align: justify;\">Ap\u00f3s o an\u00fancio da decis\u00e3o de Cuba em se retirar do Programa Mais M\u00e9dicos, o Sindicato dos M\u00e9dicos da Para\u00edba (SIMED-PB) emitiu uma nota sobre o caso. No documento, a diretoria do Sindicato afirma que a categoria busca uma pol\u00edtica de sa\u00fade baseada em carreira de Estado, para conseguir a garantia de assist\u00eancia.<\/p>\n<p style=\"text-align: justify;\">\nAl\u00e9m disso, o SIMED-PB considera que um programa como o Mais M\u00e9dicos deveria ser utilizado de forma complementar, somente depois de esgotada a capacidade de assist\u00eancia dos m\u00e9dicos de carreira na aten\u00e7\u00e3o b\u00e1sica. A diretoria do sindicato entende que \u201cos interesses revelados nessa decis\u00e3o abrupta demonstram a fragilidade de programas supostamente m\u00e1gicos para resolver problemas perenes e que exigem responsabilidade e manuten\u00e7\u00e3o ininterrupta\u201d.<\/p>\n<p>De acordo ainda com a nota, o SIMED-PB argumenta que existem m\u00e9dicos suficientes no pa\u00eds para atender a demanda. O sindicato garantiu que estar\u00e1 alerta para que as vagas abertas com a sa\u00edda de Cuba do programa sejam ocupadas por m\u00e9dicos formados no Brasil ou que tenham seus diplomas revalidados. De acordo com o sindicato, a aten\u00e7\u00e3o \u00e9 necess\u00e1ria para garantir seguran\u00e7a aos pacientes.<\/p>\n<p>Confira a nota:<\/p>\n<p>Nota SIMED-PB Sobre a sa\u00edda dos m\u00e9dicos cubanos do PROGRAMA MAIS M\u00c9DICOS.<\/p>\n<p>O SIMED &#8211; PB vem, atrav\u00e9s desta, se pronunciar acerca da decis\u00e3o do governo cubano quanto \u00e0 retirada dos seus m\u00e9dicos do referido programa:<\/p>\n<p>1- M\u00e9dicos brasileiros h\u00e1 d\u00e9cadas lutam por uma pol\u00edtica de sa\u00fade baseada em carreira de estado, garantindo assim, assist\u00eancia e perenidade \u00e0 aten\u00e7\u00e3o p\u00fablica em sa\u00fade.<br \/>\n2 &#8211; Os interesses revelados nessa decis\u00e3o abrupta demonstram a fragilidade de programas supostamente m\u00e1gicos para resolver problemas perenes e que exigem responsabilidade e manuten\u00e7\u00e3o ininterrupta.<br \/>\n3 &#8211; Para quem n\u00e3o conhece a realidade do m\u00e9dico brasileiro em rela\u00e7\u00e3o a calotes e atrasos salariais, nada mudou em 2018. A falta de certeza e clareza nos v\u00ednculos p\u00fablicos e contratos leva \u00e0 falta de incentivo para a capta\u00e7\u00e3o de m\u00e3o de obra nos rinc\u00f5es deste grande pa\u00eds.<br \/>\n4 &#8211; O n\u00famero de m\u00e9dicos do Brasil, que tem o maior n\u00famero de escolas m\u00e9dicas do mundo, \u00e9 suficiente para atender tal demanda.<br \/>\n5 &#8211; Nos manteremos alertas para que a popula\u00e7\u00e3o n\u00e3o seja prejudicada e para que as vagas sejam repostas por m\u00e9dicos formados no Brasil ou com diplomas revalidados, garantindo seguran\u00e7a aos pacientes e acesso a profissionais testados e aprovados na forma da lei.<br \/>\n6 &#8211; Outrossim, lembramos que o financiamento p\u00fablico da sa\u00fade, as resolu\u00e7\u00f5es dos problemas da rede assistencial e os gargalos em estrutura, exames e medicamentos caminham em companhia com as dificuldades de assist\u00eancia e necessitam da mesma aten\u00e7\u00e3o.<br \/>\n7-Por fim, o Programa Mais M\u00e9dicos deve ser entendido como uma forma de assist\u00eancia m\u00e9dica complementar, ap\u00f3s esgotada a capacidade de assist\u00eancia dos m\u00e9dicos de carreira na aten\u00e7\u00e3o b\u00e1sica, carreira essa que se busca ser de Estado.<\/p>\n<p>Somos e sempre seremos solid\u00e1rios aos colegas m\u00e9dicos e aos milhares de paciente do SUS que necessitam da nossa aten\u00e7\u00e3o e s\u00e3o a raz\u00e3o de nossa exist\u00eancia.\n<\/p>\n<p style=\"text-align: justify;\">Fonte: Assessoria de Comunica\u00e7\u00e3o do Sindicato dos M\u00e9dicos do Estado da Para\u00edba (Simed-PB)<\/p>\n","protected":false},"excerpt":{"rendered":"<p>Ap\u00f3s o an\u00fancio da decis\u00e3o de Cuba em se retirar do Programa Mais M\u00e9dicos, o Sindicato dos M\u00e9dicos da Para\u00edba (SIMED-PB) emitiu uma nota sobre o caso. No documento, a diretoria do Sindicato afirma que a categoria busca uma pol\u00edtica de sa\u00fade baseada em carreira de Estado, para conseguir a garantia de assist\u00eancia. Al\u00e9m disso, [&hellip;]<\/p>\n","protected":false},"author":1,"featured_media":49877,"comment_status":"open","ping_status":"open","sticky":false,"template":"","format":"standard","meta":{"ocean_post_layout":"","ocean_both_sidebars_style":"","ocean_both_sidebars_content_width":0,"ocean_both_sidebars_sidebars_width":0,"ocean_sidebar":"","ocean_second_sidebar":"","ocean_disable_margins":"enable","ocean_add_body_class":"","ocean_shortcode_before_top_bar":"","ocean_shortcode_after_top_bar":"","ocean_shortcode_before_header":"","ocean_shortcode_after_header":"","ocean_has_shortcode":"","ocean_shortcode_after_title":"","ocean_shortcode_before_footer_widgets":"","ocean_shortcode_after_footer_widgets":"","ocean_shortcode_before_footer_bottom":"","ocean_shortcode_after_footer_bottom":"","ocean_display_top_bar":"default","ocean_display_header":"default","ocean_header_style":"","ocean_center_header_left_menu":"","ocean_custom_header_template":"","ocean_custom_logo":0,"ocean_custom_retina_logo":0,"ocean_custom_logo_max_width":0,"ocean_custom_logo_tablet_max_width":0,"ocean_custom_logo_mobile_max_width":0,"ocean_custom_logo_max_height":0,"ocean_custom_logo_tablet_max_height":0,"ocean_custom_logo_mobile_max_height":0,"ocean_header_custom_menu":"","ocean_menu_typo_font_family":"","ocean_menu_typo_font_subset":"","ocean_menu_typo_font_size":0,"ocean_menu_typo_font_size_tablet":0,"ocean_menu_typo_font_size_mobile":0,"ocean_menu_typo_font_size_unit":"px","ocean_menu_typo_font_weight":"","ocean_menu_typo_font_weight_tablet":"","ocean_menu_typo_font_weight_mobile":"","ocean_menu_typo_transform":"","ocean_menu_typo_transform_tablet":"","ocean_menu_typo_transform_mobile":"","ocean_menu_typo_line_height":0,"ocean_menu_typo_line_height_tablet":0,"ocean_menu_typo_line_height_mobile":0,"ocean_menu_typo_line_height_unit":"","ocean_menu_typo_spacing":0,"ocean_menu_typo_spacing_tablet":0,"ocean_menu_typo_spacing_mobile":0,"ocean_menu_typo_spacing_unit":"","ocean_menu_link_color":"","ocean_menu_link_color_hover":"","ocean_menu_link_color_active":"","ocean_menu_link_background":"","ocean_menu_link_hover_background":"","ocean_menu_link_active_background":"","ocean_menu_social_links_bg":"","ocean_menu_social_hover_links_bg":"","ocean_menu_social_links_color":"","ocean_menu_social_hover_links_color":"","ocean_disable_title":"default","ocean_disable_heading":"default","ocean_post_title":"","ocean_post_subheading":"","ocean_post_title_style":"","ocean_post_title_background_color":"","ocean_post_title_background":0,"ocean_post_title_bg_image_position":"","ocean_post_title_bg_image_attachment":"","ocean_post_title_bg_image_repeat":"","ocean_post_title_bg_image_size":"","ocean_post_title_height":0,"ocean_post_title_bg_overlay":0.5,"ocean_post_title_bg_overlay_color":"","ocean_disable_breadcrumbs":"default","ocean_breadcrumbs_color":"","ocean_breadcrumbs_separator_color":"","ocean_breadcrumbs_links_color":"","ocean_breadcrumbs_links_hover_color":"","ocean_display_footer_widgets":"default","ocean_display_footer_bottom":"default","ocean_custom_footer_template":"","ocean_post_oembed":"","ocean_post_self_hosted_media":"","ocean_post_video_embed":"","ocean_link_format":"","ocean_link_format_target":"self","ocean_quote_format":"","ocean_quote_format_link":"post","ocean_gallery_link_images":"on","ocean_gallery_id":[]},"categories":[1],"tags":[],"acf":[],"_links":{"self":[{"href":"https:\/\/www.simepe.com.br\/novo\/wp-json\/wp\/v2\/posts\/49876"}],"collection":[{"href":"https:\/\/www.simepe.com.br\/novo\/wp-json\/wp\/v2\/posts"}],"about":[{"href":"https:\/\/www.simepe.com.br\/novo\/wp-json\/wp\/v2\/types\/post"}],"author":[{"embeddable":true,"href":"https:\/\/www.simepe.com.br\/novo\/wp-json\/wp\/v2\/users\/1"}],"replies":[{"embeddable":true,"href":"https:\/\/www.simepe.com.br\/novo\/wp-json\/wp\/v2\/comments?post=49876"}],"version-history":[{"count":1,"href":"https:\/\/www.simepe.com.br\/novo\/wp-json\/wp\/v2\/posts\/49876\/revisions"}],"predecessor-version":[{"id":49878,"href":"https:\/\/www.simepe.com.br\/novo\/wp-json\/wp\/v2\/posts\/49876\/revisions\/49878"}],"wp:featuredmedia":[{"embeddable":true,"href":"https:\/\/www.simepe.com.br\/novo\/wp-json\/wp\/v2\/media\/49877"}],"wp:attachment":[{"href":"https:\/\/www.simepe.com.br\/novo\/wp-json\/wp\/v2\/media?parent=49876"}],"wp:term":[{"taxonomy":"category","embeddable":true,"href":"https:\/\/www.simepe.com.br\/novo\/wp-json\/wp\/v2\/categories?post=49876"},{"taxonomy":"post_tag","embeddable":true,"href":"https:\/\/www.simepe.com.br\/novo\/wp-json\/wp\/v2\/tags?post=49876"}],"curies":[{"name":"wp","href":"https:\/\/api.w.org\/{rel}","templated":true}]}}