{"id":49882,"date":"2018-11-21T21:54:46","date_gmt":"2018-11-22T00:54:46","guid":{"rendered":"http:\/\/www.simepe.com.br\/novo\/?p=49882"},"modified":"2018-12-12T09:51:09","modified_gmt":"2018-12-12T12:51:09","slug":"medicos-do-recife-acatam-contraproposta-da-pcr-e-decretam-fim-da-greve","status":"publish","type":"post","link":"https:\/\/www.simepe.com.br\/novo\/medicos-do-recife-acatam-contraproposta-da-pcr-e-decretam-fim-da-greve\/","title":{"rendered":"M\u00e9dicos do Recife acatam contraproposta da PCR e decretam fim da greve"},"content":{"rendered":"<p style=\"text-align: justify;\">O movimento dos m\u00e9dicos do Recife j\u00e1 faz parte da hist\u00f3ria da medicina brasileira. Durante 61 dias, os profissionais mantiveram a uni\u00e3o e a for\u00e7a na luta por uma sa\u00fade melhor e conseguiram firmar um compromisso pactuado com a gest\u00e3o municipal de a\u00e7\u00f5es que v\u00e3o melhorar todos os pontos da pauta de reivindica\u00e7\u00f5es da categoria. O fim do movimento grevista foi decretado na tarde desta quarta-feira (21\/11), em Assembleia Geral Extraordin\u00e1ria (AGE), na sede do Simepe, sob coordena\u00e7\u00e3o do presidente da entidade, Tadeu Calheiros, e da vice-presidente, Claudia Beatriz.<\/p>\n<p style=\"text-align: justify;\">Com o qu\u00f3rum lotado, os profissionais discutiram ponto a ponto da proposta enviada pela PCR, que reconheceu a necessidade de a\u00e7\u00f5es em todas as \u00e1reas pleiteadas pelo movimento. S\u00e3o investimentos na \u00e1rea de seguran\u00e7a, abastecimento de medicamentos e insumos, contrata\u00e7\u00e3o de novos m\u00e9dicos, realiza\u00e7\u00e3o de concurso p\u00fablico, melhoria das estruturas das unidades de sa\u00fade e pactua\u00e7\u00e3o de envio da proposta de recomposi\u00e7\u00e3o salarial no primeiro trimestre do ano que vem.<\/p>\n<p style=\"text-align: justify;\">Entre as a\u00e7\u00f5es que constam em documento oficial, est\u00e3o a ronda sa\u00fade, onde profissionais de seguran\u00e7a v\u00e3o fiscalizar regularmente as unidades, al\u00e9m de c\u00e2meras de TV, contrata\u00e7\u00e3o de novos guardas e a cria\u00e7\u00e3o e implementa\u00e7\u00e3o de um comit\u00ea de gerenciamento de risco de territ\u00f3rio.<\/p>\n<p style=\"text-align: justify;\">Para os demais pleitos, ficou pactuado, ainda, a implanta\u00e7\u00e3o de uma nova Central de Abastecimento com cerca de 5 mil metros quadrados, al\u00e9m de um trabalho cont\u00ednuo de requalifica\u00e7\u00e3o das unidades, bem como a realiza\u00e7\u00e3o de um concurso p\u00fablico ainda no primeiro trimestre de 2019.<\/p>\n<p style=\"text-align: justify;\">Por fim, entre outras iniciativas, ficou compromissado o envio de Projeto de Lei para a C\u00e2mara de Vereadores do Recife com proposta de recomposi\u00e7\u00e3o salarial plurianual, conforme luta do Simepe, j\u00e1 no trimestre inicial do pr\u00f3ximo ano.<\/p>\n<p style=\"text-align: justify;\">\u201cFoi um movimento hist\u00f3rico e emocionante. Foram 60 dias de luta incessante, de reuni\u00f5es, assembleias, carreata, atos p\u00fablicos e um trabalho herc\u00faleo e unido de toda a categoria. E isso nos enche de orgulho e de confian\u00e7a numa sa\u00fade melhor. N\u00e3o gostamos de greve, gostamos de promover sa\u00fade, de estar com as pessoas e ver o sorriso delas ao serem tratadas. Acreditamos que esse movimento sensibilizou a gest\u00e3o municipal, que entendeu a relev\u00e2ncia da pauta de reivindica\u00e7\u00f5es e vai trazer benef\u00edcios importantes para os pacientes e para os profissionais. Seguiremos mais fortes, vigilantes e unidos. Parab\u00e9ns aos m\u00e9dicos do Recife por mais esta conquista\u201d, celebra Tadeu Calheiros.<\/p>\n<p style=\"text-align: justify;\">Com o fim da greve, os profissionais m\u00e9dicos j\u00e1 retornam ao trabalho nesta quinta-feira (22\/11) em todas as unidades de sa\u00fade. As remarca\u00e7\u00f5es das consultas, segundo a PCR, ser\u00e3o feitas pela Diretoria Executiva de Regula\u00e7\u00e3o.<\/p>\n","protected":false},"excerpt":{"rendered":"<p>O movimento dos m\u00e9dicos do Recife j\u00e1 faz parte da hist\u00f3ria da medicina brasileira. Durante 61 dias, os profissionais mantiveram a uni\u00e3o e a for\u00e7a na luta por uma sa\u00fade melhor e conseguiram firmar um compromisso pactuado com a gest\u00e3o municipal de a\u00e7\u00f5es que v\u00e3o melhorar todos os pontos da pauta de reivindica\u00e7\u00f5es da categoria. [&hellip;]<\/p>\n","protected":false},"author":1,"featured_media":49887,"comment_status":"open","ping_status":"open","sticky":false,"template":"","format":"standard","meta":{"ocean_post_layout":"","ocean_both_sidebars_style":"","ocean_both_sidebars_content_width":0,"ocean_both_sidebars_sidebars_width":0,"ocean_sidebar":"","ocean_second_sidebar":"","ocean_disable_margins":"enable","ocean_add_body_class":"","ocean_shortcode_before_top_bar":"","ocean_shortcode_after_top_bar":"","ocean_shortcode_before_header":"","ocean_shortcode_after_header":"","ocean_has_shortcode":"","ocean_shortcode_after_title":"","ocean_shortcode_before_footer_widgets":"","ocean_shortcode_after_footer_widgets":"","ocean_shortcode_before_footer_bottom":"","ocean_shortcode_after_footer_bottom":"","ocean_display_top_bar":"default","ocean_display_header":"default","ocean_header_style":"","ocean_center_header_left_menu":"","ocean_custom_header_template":"","ocean_custom_logo":0,"ocean_custom_retina_logo":0,"ocean_custom_logo_max_width":0,"ocean_custom_logo_tablet_max_width":0,"ocean_custom_logo_mobile_max_width":0,"ocean_custom_logo_max_height":0,"ocean_custom_logo_tablet_max_height":0,"ocean_custom_logo_mobile_max_height":0,"ocean_header_custom_menu":"","ocean_menu_typo_font_family":"","ocean_menu_typo_font_subset":"","ocean_menu_typo_font_size":0,"ocean_menu_typo_font_size_tablet":0,"ocean_menu_typo_font_size_mobile":0,"ocean_menu_typo_font_size_unit":"px","ocean_menu_typo_font_weight":"","ocean_menu_typo_font_weight_tablet":"","ocean_menu_typo_font_weight_mobile":"","ocean_menu_typo_transform":"","ocean_menu_typo_transform_tablet":"","ocean_menu_typo_transform_mobile":"","ocean_menu_typo_line_height":0,"ocean_menu_typo_line_height_tablet":0,"ocean_menu_typo_line_height_mobile":0,"ocean_menu_typo_line_height_unit":"","ocean_menu_typo_spacing":0,"ocean_menu_typo_spacing_tablet":0,"ocean_menu_typo_spacing_mobile":0,"ocean_menu_typo_spacing_unit":"","ocean_menu_link_color":"","ocean_menu_link_color_hover":"","ocean_menu_link_color_active":"","ocean_menu_link_background":"","ocean_menu_link_hover_background":"","ocean_menu_link_active_background":"","ocean_menu_social_links_bg":"","ocean_menu_social_hover_links_bg":"","ocean_menu_social_links_color":"","ocean_menu_social_hover_links_color":"","ocean_disable_title":"default","ocean_disable_heading":"default","ocean_post_title":"","ocean_post_subheading":"","ocean_post_title_style":"","ocean_post_title_background_color":"","ocean_post_title_background":0,"ocean_post_title_bg_image_position":"","ocean_post_title_bg_image_attachment":"","ocean_post_title_bg_image_repeat":"","ocean_post_title_bg_image_size":"","ocean_post_title_height":0,"ocean_post_title_bg_overlay":0.5,"ocean_post_title_bg_overlay_color":"","ocean_disable_breadcrumbs":"default","ocean_breadcrumbs_color":"","ocean_breadcrumbs_separator_color":"","ocean_breadcrumbs_links_color":"","ocean_breadcrumbs_links_hover_color":"","ocean_display_footer_widgets":"default","ocean_display_footer_bottom":"default","ocean_custom_footer_template":"","ocean_post_oembed":"","ocean_post_self_hosted_media":"","ocean_post_video_embed":"","ocean_link_format":"","ocean_link_format_target":"self","ocean_quote_format":"","ocean_quote_format_link":"post","ocean_gallery_link_images":"on","ocean_gallery_id":[]},"categories":[1],"tags":[],"acf":[],"_links":{"self":[{"href":"https:\/\/www.simepe.com.br\/novo\/wp-json\/wp\/v2\/posts\/49882"}],"collection":[{"href":"https:\/\/www.simepe.com.br\/novo\/wp-json\/wp\/v2\/posts"}],"about":[{"href":"https:\/\/www.simepe.com.br\/novo\/wp-json\/wp\/v2\/types\/post"}],"author":[{"embeddable":true,"href":"https:\/\/www.simepe.com.br\/novo\/wp-json\/wp\/v2\/users\/1"}],"replies":[{"embeddable":true,"href":"https:\/\/www.simepe.com.br\/novo\/wp-json\/wp\/v2\/comments?post=49882"}],"version-history":[{"count":2,"href":"https:\/\/www.simepe.com.br\/novo\/wp-json\/wp\/v2\/posts\/49882\/revisions"}],"predecessor-version":[{"id":49885,"href":"https:\/\/www.simepe.com.br\/novo\/wp-json\/wp\/v2\/posts\/49882\/revisions\/49885"}],"wp:featuredmedia":[{"embeddable":true,"href":"https:\/\/www.simepe.com.br\/novo\/wp-json\/wp\/v2\/media\/49887"}],"wp:attachment":[{"href":"https:\/\/www.simepe.com.br\/novo\/wp-json\/wp\/v2\/media?parent=49882"}],"wp:term":[{"taxonomy":"category","embeddable":true,"href":"https:\/\/www.simepe.com.br\/novo\/wp-json\/wp\/v2\/categories?post=49882"},{"taxonomy":"post_tag","embeddable":true,"href":"https:\/\/www.simepe.com.br\/novo\/wp-json\/wp\/v2\/tags?post=49882"}],"curies":[{"name":"wp","href":"https:\/\/api.w.org\/{rel}","templated":true}]}}