{"id":49981,"date":"2018-11-26T08:51:13","date_gmt":"2018-11-26T11:51:13","guid":{"rendered":"http:\/\/www.simepe.com.br\/novo\/?p=49981"},"modified":"2018-11-26T08:51:13","modified_gmt":"2018-11-26T11:51:13","slug":"maes-de-bebes-com-microcefalia-vivem-novos-desafios","status":"publish","type":"post","link":"https:\/\/www.simepe.com.br\/novo\/maes-de-bebes-com-microcefalia-vivem-novos-desafios\/","title":{"rendered":"M\u00e3es de beb\u00eas com microcefalia vivem novos desafios"},"content":{"rendered":"<p style=\"text-align: justify;\">Tr\u00eas anos ap\u00f3s surto, mulheres buscam apoio e respostas<\/p>\n<p style=\"text-align: justify;\">Uma sucess\u00e3o de abandonos e incertezas. Assim \u00e9 descrita por pesquisadores a realidade de milhares de m\u00e3es de beb\u00eas que nasceram com microcefalia e outras sequelas devido \u00e0 infec\u00e7\u00e3o pelo Zika v\u00edrus. Depois de tr\u00eas anos de o Minist\u00e9rio da Sa\u00fade declarar estado de emerg\u00eancia nacional para a epidemia do zika, essas mulheres ainda enfrentam rotina desgastante e solit\u00e1ria para cuidar dos filhos e buscar solu\u00e7\u00f5es para a doen\u00e7a.<\/p>\n<p style=\"text-align: justify;\">Os dados mostram que a maioria das m\u00e3es \u00e9 pobre e negra, com pouca ou nenhuma escolaridade. De acordo com os pesquisadores, as mulheres afetadas pelo primeiro surto se sentem esquecidas pela m\u00eddia, academia e pelo Poder P\u00fablico. Segundo os especialistas, elas acompanham o crescimento dos filhos sob expectativa e d\u00favidas.<\/p>\n<p style=\"text-align: justify;\">A pergunta que permanece para essas m\u00e3es \u00e9 se ser\u00e3o curadas as sequelas f\u00edsicas e emocionais nos filhos que elas geraram e acompanham.<\/p>\n<p style=\"text-align: justify;\"><strong>Relatos<\/strong><\/p>\n<p style=\"text-align: justify;\">Moradora de S\u00e3o Louren\u00e7o da Mata, \u00e1rea metropolitana do Recife (PE), Ana Carla Bernardo, 26 anos, teve sua rotina alterada pela epidemia h\u00e1 tr\u00eas anos. O nascimento de sua filha, Elizabeth, marcou o in\u00edcio de uma nova fase, cheia de percal\u00e7os e descobertas.<\/p>\n<p style=\"text-align: justify;\">Diagnosticada com a s\u00edndrome, a crian\u00e7a nasceu com baixa vis\u00e3o e passou por algumas crises convulsivas. Dedicada integralmente aos cuidados da filha, Ana Carla disse que a \u00fanica melhora que percebeu no atendimento foi o acesso \u00e0 fisioterapia, antes restrita a poucas crian\u00e7as.<\/p>\n<p style=\"text-align: justify;\">\u201cEla era muito molinha, ela est\u00e1 bem melhor agora, mais esperta. Mas, ainda h\u00e1 muitas coisas pela frente. Ela ainda n\u00e3o anda, n\u00e3o fica muito tempo sentadinha s\u00f3. J\u00e1 est\u00e1 no terceiro \u00f3culos, est\u00e1 melhorando, evoluindo\u201d, relatou Ana Carla Bernardo \u00e0 Ag\u00eancia Brasil.<\/p>\n<p style=\"text-align: justify;\">Apesar da melhora, as convuls\u00f5es afetaram o sistema locomotor de Elizabeth, que acabou desenvolvendo uma luxa\u00e7\u00e3o no quadril. A menina ser\u00e1 submetida a uma cirurgia para resolver o problema.<\/p>\n<p style=\"text-align: justify;\">Desde 2015, o Minist\u00e9rio da Sa\u00fade confirmou mais de 2,8 mil casos de crian\u00e7as infectadas pelo v\u00edrus. Desse total, 70% receberam algum tipo de cuidado e apenas tr\u00eas em cada 10 crian\u00e7as recebem tr\u00eas tipos de servi\u00e7o (puericultura, estimula\u00e7\u00e3o precoce e aten\u00e7\u00e3o especializada).<\/p>\n<p style=\"text-align: justify;\"><strong>Micro-hist\u00f3rias<\/strong><\/p>\n<p style=\"text-align: justify;\">Parte das hist\u00f3rias de medo e expectativa de outras mulheres que est\u00e3o passando por essa mesma realidade est\u00e1 em um estudo de antrop\u00f3logas da Universidade de Bras\u00edlia (UnB).<\/p>\n<p style=\"text-align: justify;\">O objetivo do projeto, intitulado \u201cZika e microcefalia: um estudo antropol\u00f3gico sobre os impactos dos diagn\u00f3sticos e progn\u00f3sticos das malforma\u00e7\u00f5es fetais no cotidiano de mulheres e suas fam\u00edlias no estado de Pernambuco\u201d, \u00e9 dar visibilidade \u00e0 trajet\u00f3ria vivida pelas m\u00e3es e apresentar a epidemia e seus impactos a partir de uma abordagem antropol\u00f3gica.<\/p>\n<p style=\"text-align: justify;\">O grupo \u00e9 formado por nove pesquisadoras que desenvolvem um trabalho de acompanhamento de algumas m\u00e3es no Recife (PE), cidade onde foi registrado o maior n\u00famero de casos de microcefalia no pa\u00eds.<\/p>\n<p style=\"text-align: justify;\">O projeto teve in\u00edcio logo ap\u00f3s o impacto das primeiras not\u00edcias da epidemia, em 2016, e ainda est\u00e1 em fase de campo. A cada seis meses, a equipe de antrop\u00f3logas viaja para Pernambuco e passa alguns dias acompanhando m\u00e3es em v\u00e1rias atividades do cotidiano.<\/p>\n<p style=\"text-align: justify;\">Os relatos sobre as observa\u00e7\u00f5es feitas nos \u00faltimos anos s\u00e3o apresentados em textos narrativos publicados no blog \u201cMicrohist\u00f3rias\u201d.<\/p>\n<p style=\"text-align: justify;\"><strong>An\u00e1lises<\/strong><\/p>\n<p style=\"text-align: justify;\">A professora Soraya Fleischer, do Departamento de Antropologia da Universidade de Bras\u00edlia (UnB) , que coordena a pesquisa, disse que a metodologia utilizada para acompanhar as mesmas mulheres ao longo de um tempo permite observar a experi\u00eancia vivida pelas m\u00e3es e seus beb\u00eas e como elas reagem \u00e0s novas demandas que surgem ao longo do crescimento da crian\u00e7a.<\/p>\n<p style=\"text-align: justify;\">Tamb\u00e9m \u00e9 observada a rela\u00e7\u00e3o criada entre m\u00e3es e profissionais que cuidam de seus filhos, como fisioterapeutas, fonoaudi\u00f3logas, oftalmologistas, entre outros.<\/p>\n<p style=\"text-align: justify;\">\u201cA cada seis meses que essas crian\u00e7as v\u00e3o galgando na vida, apresentam dificuldades diferentes. No in\u00edcio, tinham muita irritabilidade, dificuldade de dormir, a\u00ed elas foram medicadas com tranquilizantes. Depois, come\u00e7aram a apresentar crises neurol\u00f3gicas e espasm\u00f3dicas, convuls\u00f5es muito fortes, a\u00ed foram medicadas com rem\u00e9dios anticonvulsivantes\u201d, observou Soraya Fleisher.<\/p>\n<p style=\"text-align: justify;\">Segundo a pesquisadora, algumas crian\u00e7as foram alimentadas por sondas nasais e g\u00e1stricas, outras apresentam dificuldades locomotoras e sofrem com altera\u00e7\u00f5es nos tend\u00f5es e nos ossos do quadril, al\u00e9m de problemas na vis\u00e3o.<\/p>\n<p style=\"text-align: justify;\">\u201cNessa \u00faltima viagem, v\u00e1rias [crian\u00e7as] estavam fazendo opera\u00e7\u00f5es de estrabismo, outras t\u00eam colocado botox para ajudar a soltar a musculatura e poder ter um desempenho maior na fisioterapia\u201d, acrescentou Fleisher.<\/p>\n<p style=\"text-align: justify;\"><strong>Novos desafios<\/strong><\/p>\n<p style=\"text-align: justify;\">De acordo com o levantamento, as m\u00e3es relatam dificuldades em incluir os filhos com defici\u00eancia na rede p\u00fablica de ensino. Ana Carla procura uma escolinha para Elizabeth, mas ainda n\u00e3o encontrou nenhuma que tivesse condi\u00e7\u00f5es de receber a filha.<\/p>\n<p style=\"text-align: justify;\">\u201cQuando a gente vai procurar, o pessoal [das escolas] n\u00e3o sabe nem o que falar porque n\u00e3o tem uma professora e um ajudante de classe para ficar com nossos filhos\u201d, afirmou Ana Carla Bernardo, m\u00e3e da Elizabeth.<\/p>\n<p style=\"text-align: justify;\">H\u00e1 ainda o desafio da locomo\u00e7\u00e3o das m\u00e3es e das crian\u00e7as pela cidade at\u00e9 os locais das terapias de reabilita\u00e7\u00e3o. Algumas prefeituras disponibilizam transporte, mas h\u00e1 situa\u00e7\u00f5es em que as m\u00e3es enfrentam preconceito e despreparo de motoristas e dos passageiros.<\/p>\n<p style=\"text-align: justify;\">Um dos epis\u00f3dios que dever\u00e3o ser inclu\u00eddos no estudo mostra a situa\u00e7\u00e3o em que um motorista de aplicativo questiona as pesquisadoras se havia crian\u00e7as com elas, caso contr\u00e1rio n\u00e3o aceitaria a corrida devido \u00e0 necessidade de montar uma cadeirinha e ter mais espa\u00e7o no carro.<\/p>\n<p style=\"text-align: justify;\">Outro motorista abandonou a pesquisadora que estava acompanhada de uma m\u00e3e e uma crian\u00e7a com defici\u00eancia. \u201cIh, menina, isso a\u00ed eu j\u00e1 passei foi muito, visse\u201d, reagiu a m\u00e3e, segundo relato da pesquisadora.<\/p>\n<p style=\"text-align: justify;\"><strong>Sa\u00fade mental<\/strong><\/p>\n<p style=\"text-align: justify;\">\u201cDizem que Jade \u00e9 uma mulher nervosa. Ela nem sempre foi vista assim, na verdade. Com as durezas da vida, aprendeu a engrossar sua voz: percebeu que se fosse muito calma e n\u00e3o se fizesse presente, ningu\u00e9m cederia o lugar para ela e sua filha mais nova, Mait\u00ea &#8211; nascida com a S\u00edndrome Cong\u00eanita do Zika V\u00edrus\u201d.<\/p>\n<p style=\"text-align: justify;\">Assim come\u00e7a outra micro-hist\u00f3ria in\u00e9dita, que destaca mais um problema: a vulnerabilidade da sa\u00fade mental dessas mulheres diante de situa\u00e7\u00f5es estressantes do cotidiano, como serem maltratadas no transporte p\u00fablico ou n\u00e3o darem conta das in\u00fameras obriga\u00e7\u00f5es dom\u00e9sticas e familiares.<\/p>\n<p style=\"text-align: justify;\">Aos poucos, a sobrecarga de trabalho e de tantas d\u00favidas imposta \u00e0s mulheres resultou em sinais de cansa\u00e7o, estresse, ansiedade e depress\u00e3o. As pesquisas mostram que a sa\u00fade mental dessas mulheres foi diretamente afetada e os cuidados ainda s\u00e3o focados somente nas crian\u00e7as.<\/p>\n<p style=\"text-align: justify;\">\u201cQuando perguntamos sobre como estava sua vida, ela [a m\u00e3e] respondeu com uma frase muito forte e ao mesmo sint\u00e9tica do que venho aqui discutindo: \u201cO psicol\u00f3gico \u00e9 que fica pior\u201d, diz outro trecho escrito pela pesquisadora.<\/p>\n<p style=\"text-align: justify;\">\n<p style=\"text-align: justify;\">Fonte: Diario de Pernambuco<\/p>\n","protected":false},"excerpt":{"rendered":"<p>Tr\u00eas anos ap\u00f3s surto, mulheres buscam apoio e respostas Uma sucess\u00e3o de abandonos e incertezas. Assim \u00e9 descrita por pesquisadores a realidade de milhares de m\u00e3es de beb\u00eas que nasceram com microcefalia e outras sequelas devido \u00e0 infec\u00e7\u00e3o pelo Zika v\u00edrus. Depois de tr\u00eas anos de o Minist\u00e9rio da Sa\u00fade declarar estado de emerg\u00eancia nacional [&hellip;]<\/p>\n","protected":false},"author":1,"featured_media":0,"comment_status":"open","ping_status":"open","sticky":false,"template":"","format":"standard","meta":{"ocean_post_layout":"","ocean_both_sidebars_style":"","ocean_both_sidebars_content_width":0,"ocean_both_sidebars_sidebars_width":0,"ocean_sidebar":"","ocean_second_sidebar":"","ocean_disable_margins":"enable","ocean_add_body_class":"","ocean_shortcode_before_top_bar":"","ocean_shortcode_after_top_bar":"","ocean_shortcode_before_header":"","ocean_shortcode_after_header":"","ocean_has_shortcode":"","ocean_shortcode_after_title":"","ocean_shortcode_before_footer_widgets":"","ocean_shortcode_after_footer_widgets":"","ocean_shortcode_before_footer_bottom":"","ocean_shortcode_after_footer_bottom":"","ocean_display_top_bar":"default","ocean_display_header":"default","ocean_header_style":"","ocean_center_header_left_menu":"","ocean_custom_header_template":"","ocean_custom_logo":0,"ocean_custom_retina_logo":0,"ocean_custom_logo_max_width":0,"ocean_custom_logo_tablet_max_width":0,"ocean_custom_logo_mobile_max_width":0,"ocean_custom_logo_max_height":0,"ocean_custom_logo_tablet_max_height":0,"ocean_custom_logo_mobile_max_height":0,"ocean_header_custom_menu":"","ocean_menu_typo_font_family":"","ocean_menu_typo_font_subset":"","ocean_menu_typo_font_size":0,"ocean_menu_typo_font_size_tablet":0,"ocean_menu_typo_font_size_mobile":0,"ocean_menu_typo_font_size_unit":"px","ocean_menu_typo_font_weight":"","ocean_menu_typo_font_weight_tablet":"","ocean_menu_typo_font_weight_mobile":"","ocean_menu_typo_transform":"","ocean_menu_typo_transform_tablet":"","ocean_menu_typo_transform_mobile":"","ocean_menu_typo_line_height":0,"ocean_menu_typo_line_height_tablet":0,"ocean_menu_typo_line_height_mobile":0,"ocean_menu_typo_line_height_unit":"","ocean_menu_typo_spacing":0,"ocean_menu_typo_spacing_tablet":0,"ocean_menu_typo_spacing_mobile":0,"ocean_menu_typo_spacing_unit":"","ocean_menu_link_color":"","ocean_menu_link_color_hover":"","ocean_menu_link_color_active":"","ocean_menu_link_background":"","ocean_menu_link_hover_background":"","ocean_menu_link_active_background":"","ocean_menu_social_links_bg":"","ocean_menu_social_hover_links_bg":"","ocean_menu_social_links_color":"","ocean_menu_social_hover_links_color":"","ocean_disable_title":"default","ocean_disable_heading":"default","ocean_post_title":"","ocean_post_subheading":"","ocean_post_title_style":"","ocean_post_title_background_color":"","ocean_post_title_background":0,"ocean_post_title_bg_image_position":"","ocean_post_title_bg_image_attachment":"","ocean_post_title_bg_image_repeat":"","ocean_post_title_bg_image_size":"","ocean_post_title_height":0,"ocean_post_title_bg_overlay":0.5,"ocean_post_title_bg_overlay_color":"","ocean_disable_breadcrumbs":"default","ocean_breadcrumbs_color":"","ocean_breadcrumbs_separator_color":"","ocean_breadcrumbs_links_color":"","ocean_breadcrumbs_links_hover_color":"","ocean_display_footer_widgets":"default","ocean_display_footer_bottom":"default","ocean_custom_footer_template":"","ocean_post_oembed":"","ocean_post_self_hosted_media":"","ocean_post_video_embed":"","ocean_link_format":"","ocean_link_format_target":"self","ocean_quote_format":"","ocean_quote_format_link":"post","ocean_gallery_link_images":"on","ocean_gallery_id":[]},"categories":[9],"tags":[928,1927,82],"acf":[],"_links":{"self":[{"href":"https:\/\/www.simepe.com.br\/novo\/wp-json\/wp\/v2\/posts\/49981"}],"collection":[{"href":"https:\/\/www.simepe.com.br\/novo\/wp-json\/wp\/v2\/posts"}],"about":[{"href":"https:\/\/www.simepe.com.br\/novo\/wp-json\/wp\/v2\/types\/post"}],"author":[{"embeddable":true,"href":"https:\/\/www.simepe.com.br\/novo\/wp-json\/wp\/v2\/users\/1"}],"replies":[{"embeddable":true,"href":"https:\/\/www.simepe.com.br\/novo\/wp-json\/wp\/v2\/comments?post=49981"}],"version-history":[{"count":1,"href":"https:\/\/www.simepe.com.br\/novo\/wp-json\/wp\/v2\/posts\/49981\/revisions"}],"predecessor-version":[{"id":49982,"href":"https:\/\/www.simepe.com.br\/novo\/wp-json\/wp\/v2\/posts\/49981\/revisions\/49982"}],"wp:attachment":[{"href":"https:\/\/www.simepe.com.br\/novo\/wp-json\/wp\/v2\/media?parent=49981"}],"wp:term":[{"taxonomy":"category","embeddable":true,"href":"https:\/\/www.simepe.com.br\/novo\/wp-json\/wp\/v2\/categories?post=49981"},{"taxonomy":"post_tag","embeddable":true,"href":"https:\/\/www.simepe.com.br\/novo\/wp-json\/wp\/v2\/tags?post=49981"}],"curies":[{"name":"wp","href":"https:\/\/api.w.org\/{rel}","templated":true}]}}