{"id":50073,"date":"2018-11-29T09:00:40","date_gmt":"2018-11-29T12:00:40","guid":{"rendered":"http:\/\/www.simepe.com.br\/novo\/?p=50073"},"modified":"2018-11-29T09:00:40","modified_gmt":"2018-11-29T12:00:40","slug":"com-saida-de-cubanos-brasileiros-deixam-sus-e-aderem-ao-mais-medicos","status":"publish","type":"post","link":"https:\/\/www.simepe.com.br\/novo\/com-saida-de-cubanos-brasileiros-deixam-sus-e-aderem-ao-mais-medicos\/","title":{"rendered":"Com sa\u00edda de cubanos, brasileiros deixam SUS e aderem ao Mais M\u00e9dicos"},"content":{"rendered":"<p style=\"text-align: justify;\">O sal\u00e1rio pago pelo programa federal costuma ser maior do que o oferecido por cidades pequenas<\/p>\n<p style=\"text-align: justify;\">Em sete Estados, mais da metade dos profissionais que preencheram as vagas dos cubanos no Mais M\u00e9dicos j\u00e1 trabalhava em Unidades B\u00e1sicas de Sa\u00fade (UBSs) do Pa\u00eds e apenas migrou de um posto de sa\u00fade onde era servidor municipal para outro onde passa a ser integrante do programa federal. Assim, postos que tinham equipes completas agora enfrentam d\u00e9ficit de profissionais.<\/p>\n<p style=\"text-align: justify;\">\u00c9 o que mostra levantamento feito pelo jornal O Estado de S. Paulo junto a conselhos de secretarias municipais de sa\u00fade (Cosems) do Pa\u00eds. Dos 13 conselhos contatados, dez disseram ter registrado em seus munic\u00edpios a migra\u00e7\u00e3o de profissionais, dos quais sete levantaram o n\u00famero de casos do tipo. Nesses Estados, 58% das vagas preenchidas foram ocupadas por m\u00e9dicos que j\u00e1 atuavam na aten\u00e7\u00e3o b\u00e1sica do Sistema \u00danico de Sa\u00fade (SUS).<\/p>\n<p style=\"text-align: justify;\">Os sete Cosems analisaram os v\u00ednculos de trabalho anteriores de 1.489 m\u00e9dicos que aderiram ao Mais M\u00e9dicos e verificaram que 863 deles trabalhavam em postos de sa\u00fade de outras cidades ou Estados.<\/p>\n<p style=\"text-align: justify;\">A situa\u00e7\u00e3o fez o presidente do Conselho Nacional de Secret\u00e1rios Municipais de Sa\u00fade (Conasems), Mauro Junqueira, se reunir nesta quarta-feira (28) com membros do Minist\u00e9rio da Sa\u00fade para apresentar o problema. A pasta solicitou ao conselho um levantamento nacional dos n\u00fameros de profissionais que migraram de uma UBS para outra. O conselho pretende apresentar na sexta-feira (30) os n\u00fameros completos ao minist\u00e9rio.<\/p>\n<p style=\"text-align: justify;\">&#8220;Estamos muito preocupados. Talvez seja preciso fazer mudan\u00e7as no edital para evitar que a chegada dos m\u00e9dicos desorganize todo o sistema de sa\u00fade&#8221;, declarou Diego Espindola de \u00c1vila, diretor do Conasems.<\/p>\n<p style=\"text-align: justify;\"><strong>Perda<\/strong><br \/>\nEnquanto isso, munic\u00edpios contabilizam perdas de m\u00e9dicos migrando para o programa federal. Na Bahia, das 745 vagas j\u00e1 preenchidas, 427 ser\u00e3o ocupadas por m\u00e9dicos que pediram exonera\u00e7\u00e3o de outros postos. Reinaldo Braga Filho, prefeito de Xique Xique, no norte do Estado, conta que, do dia para a noite, se viu sem sete dos 12 m\u00e9dicos da Estrat\u00e9gia Sa\u00fade da Fam\u00edlia (ESF), que optaram pelo programa federal. &#8220;Eles alegaram que as condi\u00e7\u00f5es do Mais M\u00e9dicos s\u00e3o mais vantajosas.&#8221;<\/p>\n<p style=\"text-align: justify;\">O sal\u00e1rio pago pelo programa federal costuma ser maior do que o oferecido por cidades pequenas. Al\u00e9m disso, os profissionais dizem ter mais estabilidade no Mais M\u00e9dicos e contar com aux\u00edlio para pagar aluguel, transporte e alimenta\u00e7\u00e3o.<\/p>\n<p style=\"text-align: justify;\">Em Pernambuco, de 110 novos m\u00e9dicos inscritos no programa, 71 j\u00e1 tinham v\u00ednculo com a aten\u00e7\u00e3o b\u00e1sica em outro munic\u00edpio. &#8220;Do ponto de vista da sa\u00fade p\u00fablica, estamos trocando seis por meia d\u00fazia&#8221;, relata Orlando Jorge Pereira de Andrade Lima, presidente do Cosems-PE e secret\u00e1rio municipal de Sa\u00fade de Paudalho, onde os tr\u00eas m\u00e9dicos que chegaram para substituir os cubanos vieram de postos de sa\u00fade de outras cidades. &#8220;Dois vieram de munic\u00edpios pernambucanos e um, do Maranh\u00e3o&#8221;, conta Lima.<\/p>\n<p style=\"text-align: justify;\">No Rio Grande do Norte, das 139 vagas abertas no Estado ap\u00f3s a sa\u00edda dos m\u00e9dicos cubanos, 98 delas foram preenchidas por m\u00e9dicos que estavam ligados \u00e0s equipes do programa ESF em outras localidades, como Mirella Medeiros (mais informa\u00e7\u00f5es nesta p\u00e1gina).<\/p>\n<p style=\"text-align: justify;\">Segundo a coordenadora da Comiss\u00e3o do Mais M\u00e9dicos no Rio Grande do Norte, Ivana Fernandes, dos 98 m\u00e9dicos que migraram, 82 j\u00e1 atuavam no Estado e os outros 16 desempenhavam a mesma fun\u00e7\u00e3o em Estados vizinhos, como a Para\u00edba.<\/p>\n<p style=\"text-align: justify;\">&#8220;Com equipes sem forma\u00e7\u00e3o completa, n\u00e3o h\u00e1 repasse de recursos pelo Minist\u00e9rio da Sa\u00fade para pagamento de sal\u00e1rios. Sem esses profissionais, as equipes correm o risco de ser extintas&#8221;, declara Ivana.<\/p>\n<p style=\"text-align: justify;\">Na Para\u00edba, o levantamento revela que, das 128 vagas abertas com a sa\u00edda dos cubanos do Estado, 98 foram preenchidas por m\u00e9dicos que j\u00e1 atuavam em outro munic\u00edpio. &#8220;A gente est\u00e1 resolvendo um problema, mas criou outro, mais s\u00e9rio&#8221;, disse a presidente do Cosems no Estado, Soraya Galdino.<\/p>\n<p style=\"text-align: justify;\">No Cear\u00e1, dados parciais mostram que 194 vagas oferecidas pelo programa foram acompanhadas por 90 exonera\u00e7\u00f5es. O Amazonas informou que, dos 95 primeiros m\u00e9dicos alocados em seus munic\u00edpios, 27 vieram de outras UBSs. O Acre tem 52 de 78 vagas preenchidas por m\u00e9dicos que migraram de uma Prefeitura para outra. Os Estados do Rio Grande do Sul, Paran\u00e1 e Maranh\u00e3o tamb\u00e9m disseram ter registrado a situa\u00e7\u00e3o.<\/p>\n<p style=\"text-align: justify;\">Questionado, o Minist\u00e9rio da Sa\u00fade informou que o edital prev\u00ea regras espec\u00edficas para os m\u00e9dicos que j\u00e1 atuam no programa Estrat\u00e9gia Sa\u00fade da Fam\u00edlia. Uma delas \u00e9 a que obriga um m\u00e9dico que decida migrar para o Mais M\u00e9dicos a continuar em um munic\u00edpio com perfil igual ou mais vulner\u00e1vel. A pasta n\u00e3o respondeu se pretende mudar as regras do edital nem o que far\u00e1 em rela\u00e7\u00e3o \u00e0s vagas que ficaram vazias.<\/p>\n<p style=\"text-align: justify;\">\n<p style=\"text-align: justify;\">Fonte: Jornal do Commercio<\/p>\n","protected":false},"excerpt":{"rendered":"<p>O sal\u00e1rio pago pelo programa federal costuma ser maior do que o oferecido por cidades pequenas Em sete Estados, mais da metade dos profissionais que preencheram as vagas dos cubanos no Mais M\u00e9dicos j\u00e1 trabalhava em Unidades B\u00e1sicas de Sa\u00fade (UBSs) do Pa\u00eds e apenas migrou de um posto de sa\u00fade onde era servidor municipal [&hellip;]<\/p>\n","protected":false},"author":1,"featured_media":0,"comment_status":"open","ping_status":"open","sticky":false,"template":"","format":"standard","meta":{"ocean_post_layout":"","ocean_both_sidebars_style":"","ocean_both_sidebars_content_width":0,"ocean_both_sidebars_sidebars_width":0,"ocean_sidebar":"","ocean_second_sidebar":"","ocean_disable_margins":"enable","ocean_add_body_class":"","ocean_shortcode_before_top_bar":"","ocean_shortcode_after_top_bar":"","ocean_shortcode_before_header":"","ocean_shortcode_after_header":"","ocean_has_shortcode":"","ocean_shortcode_after_title":"","ocean_shortcode_before_footer_widgets":"","ocean_shortcode_after_footer_widgets":"","ocean_shortcode_before_footer_bottom":"","ocean_shortcode_after_footer_bottom":"","ocean_display_top_bar":"default","ocean_display_header":"default","ocean_header_style":"","ocean_center_header_left_menu":"","ocean_custom_header_template":"","ocean_custom_logo":0,"ocean_custom_retina_logo":0,"ocean_custom_logo_max_width":0,"ocean_custom_logo_tablet_max_width":0,"ocean_custom_logo_mobile_max_width":0,"ocean_custom_logo_max_height":0,"ocean_custom_logo_tablet_max_height":0,"ocean_custom_logo_mobile_max_height":0,"ocean_header_custom_menu":"","ocean_menu_typo_font_family":"","ocean_menu_typo_font_subset":"","ocean_menu_typo_font_size":0,"ocean_menu_typo_font_size_tablet":0,"ocean_menu_typo_font_size_mobile":0,"ocean_menu_typo_font_size_unit":"px","ocean_menu_typo_font_weight":"","ocean_menu_typo_font_weight_tablet":"","ocean_menu_typo_font_weight_mobile":"","ocean_menu_typo_transform":"","ocean_menu_typo_transform_tablet":"","ocean_menu_typo_transform_mobile":"","ocean_menu_typo_line_height":0,"ocean_menu_typo_line_height_tablet":0,"ocean_menu_typo_line_height_mobile":0,"ocean_menu_typo_line_height_unit":"","ocean_menu_typo_spacing":0,"ocean_menu_typo_spacing_tablet":0,"ocean_menu_typo_spacing_mobile":0,"ocean_menu_typo_spacing_unit":"","ocean_menu_link_color":"","ocean_menu_link_color_hover":"","ocean_menu_link_color_active":"","ocean_menu_link_background":"","ocean_menu_link_hover_background":"","ocean_menu_link_active_background":"","ocean_menu_social_links_bg":"","ocean_menu_social_hover_links_bg":"","ocean_menu_social_links_color":"","ocean_menu_social_hover_links_color":"","ocean_disable_title":"default","ocean_disable_heading":"default","ocean_post_title":"","ocean_post_subheading":"","ocean_post_title_style":"","ocean_post_title_background_color":"","ocean_post_title_background":0,"ocean_post_title_bg_image_position":"","ocean_post_title_bg_image_attachment":"","ocean_post_title_bg_image_repeat":"","ocean_post_title_bg_image_size":"","ocean_post_title_height":0,"ocean_post_title_bg_overlay":0.5,"ocean_post_title_bg_overlay_color":"","ocean_disable_breadcrumbs":"default","ocean_breadcrumbs_color":"","ocean_breadcrumbs_separator_color":"","ocean_breadcrumbs_links_color":"","ocean_breadcrumbs_links_hover_color":"","ocean_display_footer_widgets":"default","ocean_display_footer_bottom":"default","ocean_custom_footer_template":"","ocean_post_oembed":"","ocean_post_self_hosted_media":"","ocean_post_video_embed":"","ocean_link_format":"","ocean_link_format_target":"self","ocean_quote_format":"","ocean_quote_format_link":"post","ocean_gallery_link_images":"on","ocean_gallery_id":[]},"categories":[9],"tags":[1715,1232,82,34],"acf":[],"_links":{"self":[{"href":"https:\/\/www.simepe.com.br\/novo\/wp-json\/wp\/v2\/posts\/50073"}],"collection":[{"href":"https:\/\/www.simepe.com.br\/novo\/wp-json\/wp\/v2\/posts"}],"about":[{"href":"https:\/\/www.simepe.com.br\/novo\/wp-json\/wp\/v2\/types\/post"}],"author":[{"embeddable":true,"href":"https:\/\/www.simepe.com.br\/novo\/wp-json\/wp\/v2\/users\/1"}],"replies":[{"embeddable":true,"href":"https:\/\/www.simepe.com.br\/novo\/wp-json\/wp\/v2\/comments?post=50073"}],"version-history":[{"count":1,"href":"https:\/\/www.simepe.com.br\/novo\/wp-json\/wp\/v2\/posts\/50073\/revisions"}],"predecessor-version":[{"id":50074,"href":"https:\/\/www.simepe.com.br\/novo\/wp-json\/wp\/v2\/posts\/50073\/revisions\/50074"}],"wp:attachment":[{"href":"https:\/\/www.simepe.com.br\/novo\/wp-json\/wp\/v2\/media?parent=50073"}],"wp:term":[{"taxonomy":"category","embeddable":true,"href":"https:\/\/www.simepe.com.br\/novo\/wp-json\/wp\/v2\/categories?post=50073"},{"taxonomy":"post_tag","embeddable":true,"href":"https:\/\/www.simepe.com.br\/novo\/wp-json\/wp\/v2\/tags?post=50073"}],"curies":[{"name":"wp","href":"https:\/\/api.w.org\/{rel}","templated":true}]}}