{"id":50079,"date":"2018-11-29T09:08:31","date_gmt":"2018-11-29T12:08:31","guid":{"rendered":"http:\/\/www.simepe.com.br\/novo\/?p=50079"},"modified":"2018-11-29T09:08:31","modified_gmt":"2018-11-29T12:08:31","slug":"sarampo-numero-de-casos-confirmados-passa-de-10-mil-no-brasil-diz-ministerio","status":"publish","type":"post","link":"https:\/\/www.simepe.com.br\/novo\/sarampo-numero-de-casos-confirmados-passa-de-10-mil-no-brasil-diz-ministerio\/","title":{"rendered":"Sarampo: n\u00famero de casos confirmados passa de 10 mil no Brasil, diz minist\u00e9rio"},"content":{"rendered":"<p style=\"text-align: justify;\">For\u00e7a-tarefa no Amazonas encerrou casos que estavam em investiga\u00e7\u00e3o no Amazonas.<\/p>\n<p style=\"text-align: justify;\">Foram confirmados 10.163 casos de sarampo no Brasil desde o in\u00edcio de 2018. O novo balan\u00e7o foi divulgado nesta quarta-feira (28) pelo Minist\u00e9rio da Sa\u00fade. O pa\u00eds enfrenta dois surtos da doen\u00e7a, um no Amazonas e outro em Roraima.<\/p>\n<p style=\"text-align: justify;\">Uma for\u00e7a-tarefa foi feita em Manaus para tentar verificar os casos em investiga\u00e7\u00e3o da doen\u00e7a. Mais de 7 mil suspeitas de sarampo precisavam ser esclarecidas, mas, de acordo com a pasta, o Amazonas zerou a &#8220;fila&#8221; dos registros. O pico do n\u00famero de infec\u00e7\u00f5es do estado ocorreu entre os meses de julho e agosto; em Roraima, entre fevereiro e abril.<\/p>\n<p style=\"text-align: justify;\">Ainda segundo o boletim do minist\u00e9rio, tr\u00eas estados apresentaram mortes pela doen\u00e7a: quatro em Roraima, seis no Amazonas e dois no Par\u00e1.<\/p>\n<p style=\"text-align: justify;\">Os surtos ocorridos no Brasil est\u00e3o ligados \u00e0 importa\u00e7\u00e3o do gen\u00f3tico do v\u00edrus (D8) da Venezuela, pa\u00eds vizinho com um alto n\u00famero de casos desde 2017.<\/p>\n<p style=\"text-align: justify;\"><strong>Meta de vacina\u00e7\u00e3o<\/strong><br \/>\nO Brasil atingiu a meta geral de vacina\u00e7\u00e3o de crian\u00e7as contra sarampo e poliomelite estabelecida pelo Minist\u00e9rio da Sa\u00fade. A taxa proposta pelo governo era vacinar 95% do p\u00fablico-alvo (crian\u00e7as de 1 a cinco anos).<\/p>\n<p style=\"text-align: justify;\">Segundo o balan\u00e7o final, a cobertura vacinal ficou em 95,4% para a p\u00f3lio e 95,3% para sarampo, totalizando 10,7 milh\u00f5es de crian\u00e7as vacinadas.<\/p>\n<p style=\"text-align: justify;\">\nPor\u00e9m, 516 mil crian\u00e7as n\u00e3o receberam as doses recomendadas. A \u00fanica faixa et\u00e1ria que n\u00e3o chegou ao \u00edndice de 95% foi a de um ano de idade, cuja cobertura est\u00e1 em 88%. Apesar do fim da campanha, a vacina continua dispon\u00edvel o ano inteiro nos postos de sa\u00fade.<\/p>\n<p><img src=\"https:\/\/s2.glbimg.com\/nS4USd28hpz6qzkuxXkEOzn1ccs=\/0x0:1600x2919\/984x0\/smart\/filters:strip_icc()\/i.s3.glbimg.com\/v1\/AUTH_59edd422c0c84a879bd37670ae4f538a\/internal_photos\/bs\/2018\/H\/E\/oB1AFcTYabwiO7Lx9abw\/sarampo.jpg\" alt=\"Entenda o que \u00c3\u00a9 sarampo, quais os sintomas, como \u00c3\u00a9 o tratamento e quem deve se vacinar  \u00e2\u0080\u0094 Foto: Infografia: Karina Almeida\/G1\" \/><\/p>\n<p>&nbsp;<\/p>\n<p>Fonte: G1<\/p>\n","protected":false},"excerpt":{"rendered":"<p>For\u00e7a-tarefa no Amazonas encerrou casos que estavam em investiga\u00e7\u00e3o no Amazonas. Foram confirmados 10.163 casos de sarampo no Brasil desde o in\u00edcio de 2018. O novo balan\u00e7o foi divulgado nesta quarta-feira (28) pelo Minist\u00e9rio da Sa\u00fade. O pa\u00eds enfrenta dois surtos da doen\u00e7a, um no Amazonas e outro em Roraima. Uma for\u00e7a-tarefa foi feita em [&hellip;]<\/p>\n","protected":false},"author":1,"featured_media":50080,"comment_status":"open","ping_status":"open","sticky":false,"template":"","format":"standard","meta":{"ocean_post_layout":"","ocean_both_sidebars_style":"","ocean_both_sidebars_content_width":0,"ocean_both_sidebars_sidebars_width":0,"ocean_sidebar":"","ocean_second_sidebar":"","ocean_disable_margins":"enable","ocean_add_body_class":"","ocean_shortcode_before_top_bar":"","ocean_shortcode_after_top_bar":"","ocean_shortcode_before_header":"","ocean_shortcode_after_header":"","ocean_has_shortcode":"","ocean_shortcode_after_title":"","ocean_shortcode_before_footer_widgets":"","ocean_shortcode_after_footer_widgets":"","ocean_shortcode_before_footer_bottom":"","ocean_shortcode_after_footer_bottom":"","ocean_display_top_bar":"default","ocean_display_header":"default","ocean_header_style":"","ocean_center_header_left_menu":"","ocean_custom_header_template":"","ocean_custom_logo":0,"ocean_custom_retina_logo":0,"ocean_custom_logo_max_width":0,"ocean_custom_logo_tablet_max_width":0,"ocean_custom_logo_mobile_max_width":0,"ocean_custom_logo_max_height":0,"ocean_custom_logo_tablet_max_height":0,"ocean_custom_logo_mobile_max_height":0,"ocean_header_custom_menu":"","ocean_menu_typo_font_family":"","ocean_menu_typo_font_subset":"","ocean_menu_typo_font_size":0,"ocean_menu_typo_font_size_tablet":0,"ocean_menu_typo_font_size_mobile":0,"ocean_menu_typo_font_size_unit":"px","ocean_menu_typo_font_weight":"","ocean_menu_typo_font_weight_tablet":"","ocean_menu_typo_font_weight_mobile":"","ocean_menu_typo_transform":"","ocean_menu_typo_transform_tablet":"","ocean_menu_typo_transform_mobile":"","ocean_menu_typo_line_height":0,"ocean_menu_typo_line_height_tablet":0,"ocean_menu_typo_line_height_mobile":0,"ocean_menu_typo_line_height_unit":"","ocean_menu_typo_spacing":0,"ocean_menu_typo_spacing_tablet":0,"ocean_menu_typo_spacing_mobile":0,"ocean_menu_typo_spacing_unit":"","ocean_menu_link_color":"","ocean_menu_link_color_hover":"","ocean_menu_link_color_active":"","ocean_menu_link_background":"","ocean_menu_link_hover_background":"","ocean_menu_link_active_background":"","ocean_menu_social_links_bg":"","ocean_menu_social_hover_links_bg":"","ocean_menu_social_links_color":"","ocean_menu_social_hover_links_color":"","ocean_disable_title":"default","ocean_disable_heading":"default","ocean_post_title":"","ocean_post_subheading":"","ocean_post_title_style":"","ocean_post_title_background_color":"","ocean_post_title_background":0,"ocean_post_title_bg_image_position":"","ocean_post_title_bg_image_attachment":"","ocean_post_title_bg_image_repeat":"","ocean_post_title_bg_image_size":"","ocean_post_title_height":0,"ocean_post_title_bg_overlay":0.5,"ocean_post_title_bg_overlay_color":"","ocean_disable_breadcrumbs":"default","ocean_breadcrumbs_color":"","ocean_breadcrumbs_separator_color":"","ocean_breadcrumbs_links_color":"","ocean_breadcrumbs_links_hover_color":"","ocean_display_footer_widgets":"default","ocean_display_footer_bottom":"default","ocean_custom_footer_template":"","ocean_post_oembed":"","ocean_post_self_hosted_media":"","ocean_post_video_embed":"","ocean_link_format":"","ocean_link_format_target":"self","ocean_quote_format":"","ocean_quote_format_link":"post","ocean_gallery_link_images":"on","ocean_gallery_id":[]},"categories":[1],"tags":[2532,1283,82],"acf":[],"_links":{"self":[{"href":"https:\/\/www.simepe.com.br\/novo\/wp-json\/wp\/v2\/posts\/50079"}],"collection":[{"href":"https:\/\/www.simepe.com.br\/novo\/wp-json\/wp\/v2\/posts"}],"about":[{"href":"https:\/\/www.simepe.com.br\/novo\/wp-json\/wp\/v2\/types\/post"}],"author":[{"embeddable":true,"href":"https:\/\/www.simepe.com.br\/novo\/wp-json\/wp\/v2\/users\/1"}],"replies":[{"embeddable":true,"href":"https:\/\/www.simepe.com.br\/novo\/wp-json\/wp\/v2\/comments?post=50079"}],"version-history":[{"count":1,"href":"https:\/\/www.simepe.com.br\/novo\/wp-json\/wp\/v2\/posts\/50079\/revisions"}],"predecessor-version":[{"id":50081,"href":"https:\/\/www.simepe.com.br\/novo\/wp-json\/wp\/v2\/posts\/50079\/revisions\/50081"}],"wp:featuredmedia":[{"embeddable":true,"href":"https:\/\/www.simepe.com.br\/novo\/wp-json\/wp\/v2\/media\/50080"}],"wp:attachment":[{"href":"https:\/\/www.simepe.com.br\/novo\/wp-json\/wp\/v2\/media?parent=50079"}],"wp:term":[{"taxonomy":"category","embeddable":true,"href":"https:\/\/www.simepe.com.br\/novo\/wp-json\/wp\/v2\/categories?post=50079"},{"taxonomy":"post_tag","embeddable":true,"href":"https:\/\/www.simepe.com.br\/novo\/wp-json\/wp\/v2\/tags?post=50079"}],"curies":[{"name":"wp","href":"https:\/\/api.w.org\/{rel}","templated":true}]}}