{"id":50084,"date":"2018-11-29T15:51:45","date_gmt":"2018-11-29T18:51:45","guid":{"rendered":"http:\/\/www.simepe.com.br\/novo\/?p=50084"},"modified":"2018-11-29T15:59:59","modified_gmt":"2018-11-29T18:59:59","slug":"junta-medica-de-olinda-denuncia-irregularidades-no-municipio","status":"publish","type":"post","link":"https:\/\/www.simepe.com.br\/novo\/junta-medica-de-olinda-denuncia-irregularidades-no-municipio\/","title":{"rendered":"Junta M\u00e9dica de Olinda denuncia irregularidades no munic\u00edpio"},"content":{"rendered":"<p>Na noite desta ter\u00e7a-feira (27), o diretor executivo do Sindicato dos M\u00e9dicos de Pernambuco (Simepe), Eduardo Magalh\u00e3es, esteve reunido, juntamente ao advogado da entidade, Diego Galdino, com os representantes da Junta M\u00e9dica de Olinda.<\/p>\n<p>O encontro teve como objetivo discutir as atribui\u00e7\u00f5es do exerc\u00edcio profissional no munic\u00edpio. Foi relatado pelos presentes, dentre demais queixas, a falta de seguran\u00e7a, estrutura prec\u00e1ria al\u00e9m de din\u00e2micas de trabalho distribu\u00eddas equivocadamente. Os profissionais tiveram seus questionamentos atendidos e esclarecidos pelo representante da assessoria jur\u00eddica do Sindicato.<\/p>\n<p>O diretor do Simepe mostrou-se preocupado com os depoimentos dos m\u00e9dicos presentes no encontro e destacou a import\u00e2ncia das den\u00fancias serem realizadas oficialmente ao Sindicato. \u201cPrecisamos tomar conhecimento de como essa Junta est\u00e1 funcionando, e neste caso parece que essa din\u00e2mica n\u00e3o est\u00e1 adequada e acaba causando conflitos no funcionamento do servi\u00e7o p\u00fablico no munic\u00edpio. \u00c9 preciso que tenhamos um momento com a administra\u00e7\u00e3o do servi\u00e7o para obtermos maiores esclarecimentos dessa situa\u00e7\u00e3o\u201d, pontuou Eduardo Magalh\u00e3es.<\/p>\n<p>Foi deliberado que ser\u00e1 elaborado um levantamento completo da legisla\u00e7\u00e3o que rege a categoria bem como a averigua\u00e7\u00e3o de um representante t\u00e9cnico junto ao Conselho Regional de Medicina (Cremepe) para assim realizar o encaminhamento de um of\u00edcio \u00e0 Secretaria de Sa\u00fade de Olinda. Uma nova reuni\u00e3o ser\u00e1 agendada posteriormente.<\/p>\n","protected":false},"excerpt":{"rendered":"<p>Na noite desta ter\u00e7a-feira (27), o diretor executivo do Sindicato dos M\u00e9dicos de Pernambuco (Simepe), Eduardo Magalh\u00e3es, esteve reunido, juntamente ao advogado da entidade, Diego Galdino, com os representantes da Junta M\u00e9dica de Olinda. O encontro teve como objetivo discutir as atribui\u00e7\u00f5es do exerc\u00edcio profissional no munic\u00edpio. Foi relatado pelos presentes, dentre demais queixas, a [&hellip;]<\/p>\n","protected":false},"author":1,"featured_media":50085,"comment_status":"open","ping_status":"open","sticky":false,"template":"","format":"standard","meta":{"ocean_post_layout":"","ocean_both_sidebars_style":"","ocean_both_sidebars_content_width":0,"ocean_both_sidebars_sidebars_width":0,"ocean_sidebar":"","ocean_second_sidebar":"","ocean_disable_margins":"enable","ocean_add_body_class":"","ocean_shortcode_before_top_bar":"","ocean_shortcode_after_top_bar":"","ocean_shortcode_before_header":"","ocean_shortcode_after_header":"","ocean_has_shortcode":"","ocean_shortcode_after_title":"","ocean_shortcode_before_footer_widgets":"","ocean_shortcode_after_footer_widgets":"","ocean_shortcode_before_footer_bottom":"","ocean_shortcode_after_footer_bottom":"","ocean_display_top_bar":"default","ocean_display_header":"default","ocean_header_style":"","ocean_center_header_left_menu":"","ocean_custom_header_template":"","ocean_custom_logo":0,"ocean_custom_retina_logo":0,"ocean_custom_logo_max_width":0,"ocean_custom_logo_tablet_max_width":0,"ocean_custom_logo_mobile_max_width":0,"ocean_custom_logo_max_height":0,"ocean_custom_logo_tablet_max_height":0,"ocean_custom_logo_mobile_max_height":0,"ocean_header_custom_menu":"","ocean_menu_typo_font_family":"","ocean_menu_typo_font_subset":"","ocean_menu_typo_font_size":0,"ocean_menu_typo_font_size_tablet":0,"ocean_menu_typo_font_size_mobile":0,"ocean_menu_typo_font_size_unit":"px","ocean_menu_typo_font_weight":"","ocean_menu_typo_font_weight_tablet":"","ocean_menu_typo_font_weight_mobile":"","ocean_menu_typo_transform":"","ocean_menu_typo_transform_tablet":"","ocean_menu_typo_transform_mobile":"","ocean_menu_typo_line_height":0,"ocean_menu_typo_line_height_tablet":0,"ocean_menu_typo_line_height_mobile":0,"ocean_menu_typo_line_height_unit":"","ocean_menu_typo_spacing":0,"ocean_menu_typo_spacing_tablet":0,"ocean_menu_typo_spacing_mobile":0,"ocean_menu_typo_spacing_unit":"","ocean_menu_link_color":"","ocean_menu_link_color_hover":"","ocean_menu_link_color_active":"","ocean_menu_link_background":"","ocean_menu_link_hover_background":"","ocean_menu_link_active_background":"","ocean_menu_social_links_bg":"","ocean_menu_social_hover_links_bg":"","ocean_menu_social_links_color":"","ocean_menu_social_hover_links_color":"","ocean_disable_title":"default","ocean_disable_heading":"default","ocean_post_title":"","ocean_post_subheading":"","ocean_post_title_style":"","ocean_post_title_background_color":"","ocean_post_title_background":0,"ocean_post_title_bg_image_position":"","ocean_post_title_bg_image_attachment":"","ocean_post_title_bg_image_repeat":"","ocean_post_title_bg_image_size":"","ocean_post_title_height":0,"ocean_post_title_bg_overlay":0.5,"ocean_post_title_bg_overlay_color":"","ocean_disable_breadcrumbs":"default","ocean_breadcrumbs_color":"","ocean_breadcrumbs_separator_color":"","ocean_breadcrumbs_links_color":"","ocean_breadcrumbs_links_hover_color":"","ocean_display_footer_widgets":"default","ocean_display_footer_bottom":"default","ocean_custom_footer_template":"","ocean_post_oembed":"","ocean_post_self_hosted_media":"","ocean_post_video_embed":"","ocean_link_format":"","ocean_link_format_target":"self","ocean_quote_format":"","ocean_quote_format_link":"post","ocean_gallery_link_images":"on","ocean_gallery_id":[]},"categories":[1796,1],"tags":[],"acf":[],"_links":{"self":[{"href":"https:\/\/www.simepe.com.br\/novo\/wp-json\/wp\/v2\/posts\/50084"}],"collection":[{"href":"https:\/\/www.simepe.com.br\/novo\/wp-json\/wp\/v2\/posts"}],"about":[{"href":"https:\/\/www.simepe.com.br\/novo\/wp-json\/wp\/v2\/types\/post"}],"author":[{"embeddable":true,"href":"https:\/\/www.simepe.com.br\/novo\/wp-json\/wp\/v2\/users\/1"}],"replies":[{"embeddable":true,"href":"https:\/\/www.simepe.com.br\/novo\/wp-json\/wp\/v2\/comments?post=50084"}],"version-history":[{"count":1,"href":"https:\/\/www.simepe.com.br\/novo\/wp-json\/wp\/v2\/posts\/50084\/revisions"}],"predecessor-version":[{"id":50086,"href":"https:\/\/www.simepe.com.br\/novo\/wp-json\/wp\/v2\/posts\/50084\/revisions\/50086"}],"wp:featuredmedia":[{"embeddable":true,"href":"https:\/\/www.simepe.com.br\/novo\/wp-json\/wp\/v2\/media\/50085"}],"wp:attachment":[{"href":"https:\/\/www.simepe.com.br\/novo\/wp-json\/wp\/v2\/media?parent=50084"}],"wp:term":[{"taxonomy":"category","embeddable":true,"href":"https:\/\/www.simepe.com.br\/novo\/wp-json\/wp\/v2\/categories?post=50084"},{"taxonomy":"post_tag","embeddable":true,"href":"https:\/\/www.simepe.com.br\/novo\/wp-json\/wp\/v2\/tags?post=50084"}],"curies":[{"name":"wp","href":"https:\/\/api.w.org\/{rel}","templated":true}]}}