{"id":50160,"date":"2018-12-04T08:31:11","date_gmt":"2018-12-04T11:31:11","guid":{"rendered":"http:\/\/www.simepe.com.br\/novo\/?p=50160"},"modified":"2018-12-04T08:31:11","modified_gmt":"2018-12-04T11:31:11","slug":"pacientes-reclamam-de-marcacao-de-consulta-oftalmologica","status":"publish","type":"post","link":"https:\/\/www.simepe.com.br\/novo\/pacientes-reclamam-de-marcacao-de-consulta-oftalmologica\/","title":{"rendered":"Pacientes reclamam de marca\u00e7\u00e3o de consulta oftalmol\u00f3gica"},"content":{"rendered":"<p style=\"text-align: justify;\">Pacientes denunciam dormir at\u00e9 dois dias na rua para conseguir vaga pelo SUS<\/p>\n<p style=\"text-align: justify;\">Terezinha Ferreira da Silva, 55 anos, \u00e9 natural do munic\u00edpio de Gameleira, na Mata Sul de Pernambuco, a 93,4 km da capital pernambucana. Na noite desta segunda-feira (3), a gameleirense dormir\u00e1 pelas cal\u00e7adas do entorno da Funda\u00e7\u00e3o A\u00e7\u00e3o Visual, no bairro do Espinheiro, em Recife, para tentar marcar a consulta de uma amiga. &#8220;Ela fez cirurgia nos dois olhos e est\u00e1 sendo acompanhada. Operou de glaucoma e venho marcar consulta para o m\u00e9dico examin\u00e1-la&#8221;, diz. Terezinha n\u00e3o \u00e9 a \u00fanica. Ela est\u00e1 entre os in\u00fameros pacientes que precisam se sujeitar a situa\u00e7\u00f5es como essa e reclamam dos problemas na marca\u00e7\u00e3o de consultas pela entidade.<\/p>\n<p style=\"text-align: justify;\">Bra\u00e7o do Instituto dos Olhos do Recife (IOR), a Funda\u00e7\u00e3o A\u00e7\u00e3o Visual atende pacientes que necessitam de atendimento oftalmol\u00f3gico em Pernambuco pelo Sistema \u00danico de Sa\u00fade (SUS). De acordo com a Funda\u00e7\u00e3o, a marca\u00e7\u00e3o para atendimento \u00e9 trimestral e cada paciente tem direito a duas marca\u00e7\u00f5es. Ao todo, s\u00e3o agendadas mil atendimentos trimestrais e feitos 100 semanais. Nesta semana, est\u00e1 sendo realizado o agendamento para os meses de janeiro, fevereiro e mar\u00e7o de 2019. Mas o n\u00famero de consultas oferecidas j\u00e1 n\u00e3o comporta a demanda.<\/p>\n<p style=\"text-align: justify;\">&#8220;Idosos e deficientes passam a noite aqui, uns no ch\u00e3o, outros pelas cal\u00e7adas. J\u00e1 s\u00e3o dois dias e duas noite. \u00c9 lament\u00e1vel&#8221;, denuncia Suellen Cristina, moradora do bairro de Pontezinha, em Cabo de Santo Agostinho, que chegou \u00e0s 20h do \u00faltimo domingo (2) e s\u00f3 deve conseguir ficha nesta ter\u00e7a-feira (4). J\u00e1 cientes da alta procuras, os pacientes e acompanhantes chegam a levar travesseiro e len\u00e7ol. Com a tens\u00e3o da espera, discuss\u00f5es s\u00e3o recorrentes. &#8220;Chega a ter confus\u00e3o. Brigas, n\u00e9? At\u00e9 mesmo agress\u00e3o&#8221;, diz a dona de casa.<\/p>\n<p style=\"text-align: justify;\">Em nota, a Funda\u00e7\u00e3o informou que &#8220;os agendamentos continuam sendo marcados normalmente&#8221; e que a situa\u00e7\u00e3o \u00e9 resultado n\u00e3o s\u00f3 do aumento na demanda de pacientes que migraram dos planos de sa\u00fade para o atendimento pelo SUS, mas tamb\u00e9m da redu\u00e7\u00e3o do n\u00famero de servi\u00e7os oftalmol\u00f3gicos no Interior do Estado. Segundo a entidade, modifica\u00e7\u00f5es no sistema de marca\u00e7\u00e3o foram feitas para minimizar os impactos da crescente demanda. &#8220;A A\u00e7\u00e3o Visual informa ainda que est\u00e1 em negocia\u00e7\u00e3o com o contratante [o SUS] em busca de uma solu\u00e7\u00e3o para minimizar os efeitos da atual situa\u00e7\u00e3o&#8221;, declara.<\/p>\n<p style=\"text-align: justify;\">Em nota enviada ao Portal FolhaPE, a Secretaria Estadual de Sa\u00fade (SES) informou que a gest\u00e3o do SUS \u00e9 &#8220;tripartite&#8221;, incluindo os munic\u00edpios. &#8220;As primeiras consultas s\u00e3o reguladas pela SES por meio das secretarias municipais de Sa\u00fade, que encaminham o paciente do munic\u00edpio de origem para o atendimento. J\u00e1 as consultas de retorno e as marca\u00e7\u00f5es de exames que ocorrem posteriormente s\u00e3o agendadas pela pr\u00f3pria unidade credenciada. A SES ressalta, no entanto, que mant\u00e9m di\u00e1logo constante com o IOR para monitorar a regula\u00e7\u00e3o dos pacientes. \u00c9 importante ressaltar, tamb\u00e9m, que a gest\u00e3o do SUS \u00e9 tripartite. Desta forma, todos os entes, entre eles os munic\u00edpios, possuem participa\u00e7\u00e3o e responsabilidades pr\u00f3prias, inclusive no tocante \u00e0 disponibiliza\u00e7\u00e3o de atendimento oftalmol\u00f3gico \u00e0 popula\u00e7\u00e3o&#8221;, afirmou a SES na nota.<\/p>\n<p style=\"text-align: justify;\">A Secret\u00e1ria de Sa\u00fade esclareceu tamb\u00e9m que, no Recife, tamb\u00e9m oferece assist\u00eancia oftalmol\u00f3gica a pacientes do SUS na Funda\u00e7\u00e3o de Olhos Santa Luzia, no Servi\u00e7o Oftalmol\u00f3gico de Pernambuco (Seope) e na Funda\u00e7\u00e3o Altino Ventura (emerg\u00eancia). &#8220;H\u00e1, tamb\u00e9m, atendimento ambulatorial em unidades de sa\u00fade de refer\u00eancia, como no Hospital das Cl\u00ednicas (HC) e no Hospital Universit\u00e1rio Oswaldo Cruz (Huoc)&#8221;, informou.<\/p>\n<p style=\"text-align: justify;\">A SES afirmou tamb\u00e9m, atrav\u00e9s da nota, que &#8220;vem atuando para ampliar a assist\u00eancia oftalmol\u00f3gica e a oferta de consultas e exames em todo o territ\u00f3rio pernambucano de forma regionalizada&#8221; e cita a &#8220;oferta de consultas com m\u00e9dicos especialistas&#8221; por meio das Unidades Pernambucanas de Aten\u00e7\u00e3o Especializada (UPAEs)&#8221;. A secretaria enumera atendimento ambulatorial na especialidade de oftalmologia nas UPAEs Garanhuns, Petrolina, Caruaru, Serra Talhada, Afogados da Ingazeira, Arcoverde, Belo Jardim e Limoeiro. &#8220;Para ter uma ideia, s\u00f3 nas unidades de Caruaru, Belo Jardim e Garanhuns, foram realizadas cerca de 30 mil consultas com oftalmologistas em 2017. Esse processo de descentraliza\u00e7\u00e3o e interioriza\u00e7\u00e3o evita a necessidade de deslocamento de pacientes para a capital, proporcionando o atendimento perto de casa&#8221;, disse a nota.<\/p>\n<p style=\"text-align: justify;\">\n<p style=\"text-align: justify;\">Fonte: Folha de Pernambuco<\/p>\n","protected":false},"excerpt":{"rendered":"<p>Pacientes denunciam dormir at\u00e9 dois dias na rua para conseguir vaga pelo SUS Terezinha Ferreira da Silva, 55 anos, \u00e9 natural do munic\u00edpio de Gameleira, na Mata Sul de Pernambuco, a 93,4 km da capital pernambucana. Na noite desta segunda-feira (3), a gameleirense dormir\u00e1 pelas cal\u00e7adas do entorno da Funda\u00e7\u00e3o A\u00e7\u00e3o Visual, no bairro do [&hellip;]<\/p>\n","protected":false},"author":1,"featured_media":0,"comment_status":"open","ping_status":"open","sticky":false,"template":"","format":"standard","meta":{"ocean_post_layout":"","ocean_both_sidebars_style":"","ocean_both_sidebars_content_width":0,"ocean_both_sidebars_sidebars_width":0,"ocean_sidebar":"","ocean_second_sidebar":"","ocean_disable_margins":"enable","ocean_add_body_class":"","ocean_shortcode_before_top_bar":"","ocean_shortcode_after_top_bar":"","ocean_shortcode_before_header":"","ocean_shortcode_after_header":"","ocean_has_shortcode":"","ocean_shortcode_after_title":"","ocean_shortcode_before_footer_widgets":"","ocean_shortcode_after_footer_widgets":"","ocean_shortcode_before_footer_bottom":"","ocean_shortcode_after_footer_bottom":"","ocean_display_top_bar":"default","ocean_display_header":"default","ocean_header_style":"","ocean_center_header_left_menu":"","ocean_custom_header_template":"","ocean_custom_logo":0,"ocean_custom_retina_logo":0,"ocean_custom_logo_max_width":0,"ocean_custom_logo_tablet_max_width":0,"ocean_custom_logo_mobile_max_width":0,"ocean_custom_logo_max_height":0,"ocean_custom_logo_tablet_max_height":0,"ocean_custom_logo_mobile_max_height":0,"ocean_header_custom_menu":"","ocean_menu_typo_font_family":"","ocean_menu_typo_font_subset":"","ocean_menu_typo_font_size":0,"ocean_menu_typo_font_size_tablet":0,"ocean_menu_typo_font_size_mobile":0,"ocean_menu_typo_font_size_unit":"px","ocean_menu_typo_font_weight":"","ocean_menu_typo_font_weight_tablet":"","ocean_menu_typo_font_weight_mobile":"","ocean_menu_typo_transform":"","ocean_menu_typo_transform_tablet":"","ocean_menu_typo_transform_mobile":"","ocean_menu_typo_line_height":0,"ocean_menu_typo_line_height_tablet":0,"ocean_menu_typo_line_height_mobile":0,"ocean_menu_typo_line_height_unit":"","ocean_menu_typo_spacing":0,"ocean_menu_typo_spacing_tablet":0,"ocean_menu_typo_spacing_mobile":0,"ocean_menu_typo_spacing_unit":"","ocean_menu_link_color":"","ocean_menu_link_color_hover":"","ocean_menu_link_color_active":"","ocean_menu_link_background":"","ocean_menu_link_hover_background":"","ocean_menu_link_active_background":"","ocean_menu_social_links_bg":"","ocean_menu_social_hover_links_bg":"","ocean_menu_social_links_color":"","ocean_menu_social_hover_links_color":"","ocean_disable_title":"default","ocean_disable_heading":"default","ocean_post_title":"","ocean_post_subheading":"","ocean_post_title_style":"","ocean_post_title_background_color":"","ocean_post_title_background":0,"ocean_post_title_bg_image_position":"","ocean_post_title_bg_image_attachment":"","ocean_post_title_bg_image_repeat":"","ocean_post_title_bg_image_size":"","ocean_post_title_height":0,"ocean_post_title_bg_overlay":0.5,"ocean_post_title_bg_overlay_color":"","ocean_disable_breadcrumbs":"default","ocean_breadcrumbs_color":"","ocean_breadcrumbs_separator_color":"","ocean_breadcrumbs_links_color":"","ocean_breadcrumbs_links_hover_color":"","ocean_display_footer_widgets":"default","ocean_display_footer_bottom":"default","ocean_custom_footer_template":"","ocean_post_oembed":"","ocean_post_self_hosted_media":"","ocean_post_video_embed":"","ocean_link_format":"","ocean_link_format_target":"self","ocean_quote_format":"","ocean_quote_format_link":"post","ocean_gallery_link_images":"on","ocean_gallery_id":[]},"categories":[9],"tags":[3316,1009,484,82,34],"acf":[],"_links":{"self":[{"href":"https:\/\/www.simepe.com.br\/novo\/wp-json\/wp\/v2\/posts\/50160"}],"collection":[{"href":"https:\/\/www.simepe.com.br\/novo\/wp-json\/wp\/v2\/posts"}],"about":[{"href":"https:\/\/www.simepe.com.br\/novo\/wp-json\/wp\/v2\/types\/post"}],"author":[{"embeddable":true,"href":"https:\/\/www.simepe.com.br\/novo\/wp-json\/wp\/v2\/users\/1"}],"replies":[{"embeddable":true,"href":"https:\/\/www.simepe.com.br\/novo\/wp-json\/wp\/v2\/comments?post=50160"}],"version-history":[{"count":1,"href":"https:\/\/www.simepe.com.br\/novo\/wp-json\/wp\/v2\/posts\/50160\/revisions"}],"predecessor-version":[{"id":50161,"href":"https:\/\/www.simepe.com.br\/novo\/wp-json\/wp\/v2\/posts\/50160\/revisions\/50161"}],"wp:attachment":[{"href":"https:\/\/www.simepe.com.br\/novo\/wp-json\/wp\/v2\/media?parent=50160"}],"wp:term":[{"taxonomy":"category","embeddable":true,"href":"https:\/\/www.simepe.com.br\/novo\/wp-json\/wp\/v2\/categories?post=50160"},{"taxonomy":"post_tag","embeddable":true,"href":"https:\/\/www.simepe.com.br\/novo\/wp-json\/wp\/v2\/tags?post=50160"}],"curies":[{"name":"wp","href":"https:\/\/api.w.org\/{rel}","templated":true}]}}