{"id":50252,"date":"2018-12-07T08:55:44","date_gmt":"2018-12-07T11:55:44","guid":{"rendered":"http:\/\/www.simepe.com.br\/novo\/?p=50252"},"modified":"2018-12-07T08:55:44","modified_gmt":"2018-12-07T11:55:44","slug":"ministro-da-saude-defende-que-revalida-seja-mais-rapido-permanente-e-constante","status":"publish","type":"post","link":"https:\/\/www.simepe.com.br\/novo\/ministro-da-saude-defende-que-revalida-seja-mais-rapido-permanente-e-constante\/","title":{"rendered":"Ministro da Sa\u00fade defende que Revalida seja &#8216;mais r\u00e1pido, permanente e constante&#8217;"},"content":{"rendered":"<p style=\"text-align: justify;\">Gilberto Occhi participou de audi\u00eancia p\u00fablica em comiss\u00e3o do Congresso. Segundo ele, quem deixar o Mais M\u00e9dicos antes do prazo, ter\u00e1 de devolver parte da ajuda de custo para mudan\u00e7a.<\/p>\n<p style=\"text-align: justify;\">O ministro da Sa\u00fade, Gilberto Occhi, defendeu nesta quinta-feira (6), ap\u00f3s audi\u00eancia p\u00fablica na Comiss\u00e3o Mista de Or\u00e7amento (CMO) do Congresso Nacional, que o Exame Nacional de Revalida\u00e7\u00e3o de Diplomas M\u00e9dicos Expedidos por Institui\u00e7\u00f5es de Educa\u00e7\u00e3o Superior Estrangeira (Revalida) seja mais &#8220;r\u00e1pido, permanente e constante&#8221;.<\/p>\n<p style=\"text-align: justify;\">O Revalida \u00e9 um exame obrigat\u00f3rio para que os brasileiros e estrangeiros que se formaram em medicina em universidades de fora do Brasil possam exercer a profiss\u00e3o de m\u00e9dicos no pa\u00eds.<\/p>\n<p style=\"text-align: justify;\">&#8220;O Revalida \u00e9 uma decis\u00e3o conjunta entre o Minist\u00e9rio da Sa\u00fade e da Educa\u00e7\u00e3o, mas o protagonista \u00e9 o Minist\u00e9rio da Educa\u00e7\u00e3o. Nas nossas conversas, nos queremos estabelecer uma regra que possa tornar mais \u00e1gil o processo de certifica\u00e7\u00e3o dos profissionais que se formam no exterior, brasileiros ou estrangeiros. Para obterem um CRM brasileiro&#8221;, declarou a jornalistas.<\/p>\n<p style=\"text-align: justify;\">De acordo com Occhi, n\u00e3o \u00e9 poss\u00edvel que o Revalida aconte\u00e7a apenas de dois em dois anos.<\/p>\n<p style=\"text-align: justify;\">&#8220;A prova tem demorado cerca de dois anos. O \u00faltimo Revalida colocado \u00e0 disposi\u00e7\u00e3o dos profissionais foi em 2017 e estamos chegando no final de 2018, e o resultado est\u00e1 sendo divulgado agora. Queremos fazer isso mais permanente, constante, com mais rapidez, para que o profissional possa participar desse processo de certifica\u00e7\u00e3o&#8221;, acrescentou.<\/p>\n<p style=\"text-align: justify;\">Segundo o ministro, esse \u00e9 um trabalho que o Minist\u00e9rio da Educa\u00e7\u00e3o est\u00e1 desenvolvendo, e que ele espera poder anunciar ainda neste ano.<\/p>\n<p style=\"text-align: justify;\">Ele observou que h\u00e1 dois tipos de testes do Revalida, o escrito e o pr\u00e1tico, e defendeu que a prova escrita tamb\u00e9m possa valer por mais tempo. Atualmente, segundo o ministro, o profissional que passa na prova escrita, mas n\u00e3o na prova pr\u00e1tica, \u00e9 eliminado.<\/p>\n<p style=\"text-align: justify;\">&#8220;Poder\u00e1 fazer, dentro daquilo que estamos discutindo, fica garantido para os pr\u00f3ximos dois anos para a prova pr\u00e1tica, que as vezes \u00e9 uma falta da pr\u00f3pria pr\u00e1tica. A mudan\u00e7a ser\u00e1 importante para abrir oportunidade par ao profissional que vem do exterior. Estamos trabalhando nesse sentido&#8221;, concluiu Occhi.<\/p>\n<p style=\"text-align: justify;\">\n<strong>Mais M\u00e9dicos<\/strong><br \/>\nO ministro tamb\u00e9m afirmou que o profissional que aderir ao Mais M\u00e9dicos, mas desistir antes de completar os tr\u00eas anos de trabalho, ter\u00e1 de devolver parte da ajuda de custo da mudan\u00e7a. Ele explicou que a ajuda de custo pode chegar ao valor de at\u00e9 tr\u00eas vezes o sal\u00e1rio do m\u00e9cico.<\/p>\n<p style=\"text-align: justify;\">&#8220;Ele ter\u00e1 que devolver esse dinheiro caso desista e isso ser\u00e1 de maneira proporcional. Se ficou seis meses, tem de devolver tudo. Se ficou um ano, ter\u00e1 de devolver &#8216;pro rata&#8217; [proporcionalmente] aquilo que recebeu. Estamos querendo que o m\u00e9dico adquira uma experi\u00eancia, que possa oferecer o seu servi\u00e7o \u00e0 popula\u00e7\u00e3o, e possa se dedicar ali. Depois de tr\u00eas anos, ele pode fazer a op\u00e7\u00e3o entre permanece, e ir para uma outra cidade&#8221;, afirmou.<\/p>\n<p style=\"text-align: justify;\">Sa\u00fade da Fam\u00edlia<br \/>\nQuestionado por jornalistas sobre a poss\u00edvel sa\u00edda de m\u00e9dicos do programa Sa\u00fade da Fam\u00edlia para o Mais M\u00e9dicos, deixando desassistida parte da popula\u00e7\u00e3o, o ministro afirmou que isso n\u00e3o ser\u00e1 permitido.<\/p>\n<p style=\"text-align: justify;\">Levantamento do Conselho Nacional de Secretarias Municipais de Sa\u00fade (Conasems), divulgado na semana passada, informou que aproximadamente 40% dos profissionais aceitos no novo edital do Mais M\u00e9dicos j\u00e1 atuavam na chamada &#8220;Estrat\u00e9gia de Sa\u00fade da Fam\u00edlia&#8221; do SUS.<\/p>\n<p style=\"text-align: justify;\">O presidente do Conasems, Mauro Junqueira, mostrou preocupa\u00e7\u00e3o com essa evas\u00e3o de profissionais.<\/p>\n<p style=\"text-align: justify;\">\u201cEm vez de somar profissionais, esse novo edital est\u00e1 trocando o problema de lugar. Se o m\u00e9dico sai de um servi\u00e7o do SUS para atender em outro, o munic\u00edpio de origem fica desassistido, principalmente no Norte e Nordeste\u201d, disse Junqueira.<\/p>\n<p style=\"text-align: justify;\">Para o ministro Occhi, por\u00e9m, n\u00e3o existe levantamento certificando que esses profissionais v\u00e3o abandonar o Sa\u00fade da Fam\u00edlia para o Mais M\u00e9dicos, mudando tamb\u00e9m de munic\u00edpio.<\/p>\n<p style=\"text-align: justify;\">&#8220;N\u00e3o existe levantamento certificando que os tr\u00eas mil m\u00e9dicos sa\u00edram do Sa\u00fade da Fam\u00edlia. O que estamos fazendo no minist\u00e9rio \u00e9 um levantamento espec\u00edfico, que ele pode ter sa\u00eddo de um hospital, de uma UBS, de uma UPA. Estamos fazendo esse levantamento e acredito que na pr\u00f3xima semana j\u00e1 deveremos ter. Se houver a sa\u00edda do profissional que est\u00e1 no programa Mais M\u00e9dicos, saindo do Sa\u00fade da Fam\u00edlia, onde o munic\u00edpio est\u00e1 no programa Mais M\u00e9dicos, e ele est\u00e1 querendo ir para uma outra cidade, isso ser\u00e1 inibido. N\u00e3o ser\u00e1 permitido&#8221;, declarou o ministro.<\/p>\n<p style=\"text-align: justify;\">\n<p style=\"text-align: justify;\">Fonte: G1<\/p>\n","protected":false},"excerpt":{"rendered":"<p>Gilberto Occhi participou de audi\u00eancia p\u00fablica em comiss\u00e3o do Congresso. Segundo ele, quem deixar o Mais M\u00e9dicos antes do prazo, ter\u00e1 de devolver parte da ajuda de custo para mudan\u00e7a. O ministro da Sa\u00fade, Gilberto Occhi, defendeu nesta quinta-feira (6), ap\u00f3s audi\u00eancia p\u00fablica na Comiss\u00e3o Mista de Or\u00e7amento (CMO) do Congresso Nacional, que o Exame [&hellip;]<\/p>\n","protected":false},"author":1,"featured_media":0,"comment_status":"open","ping_status":"open","sticky":false,"template":"","format":"standard","meta":{"ocean_post_layout":"","ocean_both_sidebars_style":"","ocean_both_sidebars_content_width":0,"ocean_both_sidebars_sidebars_width":0,"ocean_sidebar":"","ocean_second_sidebar":"","ocean_disable_margins":"enable","ocean_add_body_class":"","ocean_shortcode_before_top_bar":"","ocean_shortcode_after_top_bar":"","ocean_shortcode_before_header":"","ocean_shortcode_after_header":"","ocean_has_shortcode":"","ocean_shortcode_after_title":"","ocean_shortcode_before_footer_widgets":"","ocean_shortcode_after_footer_widgets":"","ocean_shortcode_before_footer_bottom":"","ocean_shortcode_after_footer_bottom":"","ocean_display_top_bar":"default","ocean_display_header":"default","ocean_header_style":"","ocean_center_header_left_menu":"","ocean_custom_header_template":"","ocean_custom_logo":0,"ocean_custom_retina_logo":0,"ocean_custom_logo_max_width":0,"ocean_custom_logo_tablet_max_width":0,"ocean_custom_logo_mobile_max_width":0,"ocean_custom_logo_max_height":0,"ocean_custom_logo_tablet_max_height":0,"ocean_custom_logo_mobile_max_height":0,"ocean_header_custom_menu":"","ocean_menu_typo_font_family":"","ocean_menu_typo_font_subset":"","ocean_menu_typo_font_size":0,"ocean_menu_typo_font_size_tablet":0,"ocean_menu_typo_font_size_mobile":0,"ocean_menu_typo_font_size_unit":"px","ocean_menu_typo_font_weight":"","ocean_menu_typo_font_weight_tablet":"","ocean_menu_typo_font_weight_mobile":"","ocean_menu_typo_transform":"","ocean_menu_typo_transform_tablet":"","ocean_menu_typo_transform_mobile":"","ocean_menu_typo_line_height":0,"ocean_menu_typo_line_height_tablet":0,"ocean_menu_typo_line_height_mobile":0,"ocean_menu_typo_line_height_unit":"","ocean_menu_typo_spacing":0,"ocean_menu_typo_spacing_tablet":0,"ocean_menu_typo_spacing_mobile":0,"ocean_menu_typo_spacing_unit":"","ocean_menu_link_color":"","ocean_menu_link_color_hover":"","ocean_menu_link_color_active":"","ocean_menu_link_background":"","ocean_menu_link_hover_background":"","ocean_menu_link_active_background":"","ocean_menu_social_links_bg":"","ocean_menu_social_hover_links_bg":"","ocean_menu_social_links_color":"","ocean_menu_social_hover_links_color":"","ocean_disable_title":"default","ocean_disable_heading":"default","ocean_post_title":"","ocean_post_subheading":"","ocean_post_title_style":"","ocean_post_title_background_color":"","ocean_post_title_background":0,"ocean_post_title_bg_image_position":"","ocean_post_title_bg_image_attachment":"","ocean_post_title_bg_image_repeat":"","ocean_post_title_bg_image_size":"","ocean_post_title_height":0,"ocean_post_title_bg_overlay":0.5,"ocean_post_title_bg_overlay_color":"","ocean_disable_breadcrumbs":"default","ocean_breadcrumbs_color":"","ocean_breadcrumbs_separator_color":"","ocean_breadcrumbs_links_color":"","ocean_breadcrumbs_links_hover_color":"","ocean_display_footer_widgets":"default","ocean_display_footer_bottom":"default","ocean_custom_footer_template":"","ocean_post_oembed":"","ocean_post_self_hosted_media":"","ocean_post_video_embed":"","ocean_link_format":"","ocean_link_format_target":"self","ocean_quote_format":"","ocean_quote_format_link":"post","ocean_gallery_link_images":"on","ocean_gallery_id":[]},"categories":[9],"tags":[2804,75,2574,82],"acf":[],"_links":{"self":[{"href":"https:\/\/www.simepe.com.br\/novo\/wp-json\/wp\/v2\/posts\/50252"}],"collection":[{"href":"https:\/\/www.simepe.com.br\/novo\/wp-json\/wp\/v2\/posts"}],"about":[{"href":"https:\/\/www.simepe.com.br\/novo\/wp-json\/wp\/v2\/types\/post"}],"author":[{"embeddable":true,"href":"https:\/\/www.simepe.com.br\/novo\/wp-json\/wp\/v2\/users\/1"}],"replies":[{"embeddable":true,"href":"https:\/\/www.simepe.com.br\/novo\/wp-json\/wp\/v2\/comments?post=50252"}],"version-history":[{"count":1,"href":"https:\/\/www.simepe.com.br\/novo\/wp-json\/wp\/v2\/posts\/50252\/revisions"}],"predecessor-version":[{"id":50255,"href":"https:\/\/www.simepe.com.br\/novo\/wp-json\/wp\/v2\/posts\/50252\/revisions\/50255"}],"wp:attachment":[{"href":"https:\/\/www.simepe.com.br\/novo\/wp-json\/wp\/v2\/media?parent=50252"}],"wp:term":[{"taxonomy":"category","embeddable":true,"href":"https:\/\/www.simepe.com.br\/novo\/wp-json\/wp\/v2\/categories?post=50252"},{"taxonomy":"post_tag","embeddable":true,"href":"https:\/\/www.simepe.com.br\/novo\/wp-json\/wp\/v2\/tags?post=50252"}],"curies":[{"name":"wp","href":"https:\/\/api.w.org\/{rel}","templated":true}]}}