{"id":50256,"date":"2018-12-07T08:57:29","date_gmt":"2018-12-07T11:57:29","guid":{"rendered":"http:\/\/www.simepe.com.br\/novo\/?p=50256"},"modified":"2018-12-07T08:57:29","modified_gmt":"2018-12-07T11:57:29","slug":"campanha-dezembro-laranja-informa-sobre-o-cancer-de-pele","status":"publish","type":"post","link":"https:\/\/www.simepe.com.br\/novo\/campanha-dezembro-laranja-informa-sobre-o-cancer-de-pele\/","title":{"rendered":"Campanha Dezembro Laranja informa sobre o c\u00e2ncer de pele"},"content":{"rendered":"<p style=\"text-align: justify;\">De acordo com o Instituto Nacional do C\u00e2ncer (Inca), 30% de todos os tumores malignos do Brasil correspondem ao c\u00e2ncer de pele<\/p>\n<p style=\"text-align: justify;\">A Sociedade Brasileira de Dermatologia (SBD) lan\u00e7ou no in\u00edcio do m\u00eas a campanha Dezembro Laranja. O objetivo \u00e9 estimular a popula\u00e7\u00e3o para a preven\u00e7\u00e3o e o diagn\u00f3stico do c\u00e2ncer de pele, o mais comum no Brasil. Em 2018, o tema da campanha \u00e9 \u201cSe exponha, mas n\u00e3o se queime\u201d. As a\u00e7\u00f5es da campanha incluem ilumina\u00e7\u00e3o de monumentos, iniciativas de conscientiza\u00e7\u00e3o em praias e parques com distribui\u00e7\u00e3o de filtro solar, entre outras.<\/p>\n<p style=\"text-align: justify;\">De acordo com o Instituto Nacional do C\u00e2ncer (Inca), 30% de todos os tumores malignos do Brasil correspondem ao c\u00e2ncer de pele. Para o bi\u00eanio 2018 a 2019, a estimativa \u00e9 de 165.580 mil novos casos de c\u00e2ncer de pele n\u00e3o melanoma \u2013 uma redu\u00e7\u00e3o de 10 mil casos em rela\u00e7\u00e3o ao bi\u00eanio anterior. A expectativa \u00e9 que a doen\u00e7a acometa mais homens (85.170 mil) do que mulheres (80.410 mil).<\/p>\n<p style=\"text-align: justify;\">Segundo a SBD, de dezembro deste ano a mar\u00e7o de 2019, durante todo o ver\u00e3o, ser\u00e3o promovidas a\u00e7\u00f5es e atividades de informa\u00e7\u00e3o na internet, ruas, praias e parques. As recomenda\u00e7\u00f5es b\u00e1sicas incluem a ado\u00e7\u00e3o de medidas fotoprotetoras, como evitar os hor\u00e1rios de maior incid\u00eancia solar (das 10h \u00e0s 16h); utilizar chap\u00e9us de abas largas, \u00f3culos de sol com prote\u00e7\u00e3o UV e roupas que cubram boa parte do corpo; procurar locais de sombra e manter hidrata\u00e7\u00e3o corporal. \u00c9 necess\u00e1rio ainda usar protetor solar com fator 30 (no m\u00ednimo) diariamente, reaplicando a cada duas a tr\u00eas horas ou depois de longos per\u00edodos na \u00e1gua.<\/p>\n<p style=\"text-align: justify;\">De acordo com o m\u00e9dico dermatologista da SBD, Curt Treu, existem diferentes tipos da doen\u00e7a que podem se manifestar de formas distintas, sendo os mais comuns denominados carcinoma basocelular e carcinoma espinocelular (chamados de c\u00e2ncer n\u00e3o melanoma) e o terceiro tipo, o melanoma, que n\u00e3o \u00e9 o mais incidente, mas \u00e9 o mais agressivo e letal.<\/p>\n<p style=\"text-align: justify;\">\u201cSe diagnosticado precocemente pode ter uma chance de cura superior a 90%. Mas normalmente o tratamento \u00e9 cir\u00fargico, removendo a les\u00e3o com uma margem de seguran\u00e7a adequada. Para alguns tipos iniciais e superficiais h\u00e1 outros tratamentos n\u00e3o cir\u00fargicos, como uma curetagem, uma crioterapia (com nitrog\u00eanio l\u00edquido), ou fotodin\u00e2mica, no qual \u00e9 usado um medicamento absorvido pelo tumor e em seguida \u00e9 colocada uma luz espec\u00edfica que queima o tumor\u201d, disse.<\/p>\n<p style=\"text-align: justify;\">Em todos os tipos de c\u00e2ncer de pele a principal causa \u00e9 a exposi\u00e7\u00e3o excessiva ao sol. O c\u00e2ncer de pele pode aparecer como uma mancha ou pinta de cor castanha a escura, como um n\u00f3dulo avermelhado, cor da pele e brilhoso, ou como uma ferida nova que n\u00e3o cicatriza, ou que machuca at\u00e9 mesmo com a passada de uma toalha.<\/p>\n<p style=\"text-align: justify;\">Segundo Treu, existe uma regra, chamada pelos dermatologistas de ABCDE, que ajuda a avaliar se a les\u00e3o sinaliza um poss\u00edvel c\u00e2ncer de pele. Quando h\u00e1 assimetria e metade da pinta n\u00e3o combina com a outra metade, com formato e cor diferentes; bordas irregulares, dentadas, com sulcos ou interrup\u00e7\u00f5es abruptas na cor; cor diferente em toda pinta, quando muito escuras podem indicar malignidade; di\u00e2metro, quando a les\u00e3o cresce r\u00e1pido e ultrapassa os seis mil\u00edmetros; e a evolu\u00e7\u00e3o da pinta em curto per\u00edodo de tempo, normalmente de um a tr\u00eas meses.<\/p>\n<p style=\"text-align: justify;\">\u201cOs fatores gen\u00e9ticos tamb\u00e9m podem causar o c\u00e2ncer de pele, mas o principal fator \u00e9 a exposi\u00e7\u00e3o aos raios ultravioleta. As pessoas muito claras, loiras ou ruivas de olhos claros, s\u00e3o as mais propensas a ter a doen\u00e7a. Tamb\u00e9m aquelas que tiveram intensa exposi\u00e7\u00e3o acumulada ao sol, com atividades de trabalho ou recreacionais no sol.\u201d<\/p>\n<p style=\"text-align: justify;\">A SBD alerta ainda para a necessidade de prote\u00e7\u00e3o mesmo em dias nublados, al\u00e9m de consultas regulares ao dermatologista. \u00c9 importante ainda examinar os familiares, porque as les\u00f5es podem aparecer em locais imposs\u00edveis de ver sozinho.<\/p>\n<p style=\"text-align: justify;\">\n<p style=\"text-align: justify;\">Fonte: Leia J\u00e1<\/p>\n","protected":false},"excerpt":{"rendered":"<p>De acordo com o Instituto Nacional do C\u00e2ncer (Inca), 30% de todos os tumores malignos do Brasil correspondem ao c\u00e2ncer de pele A Sociedade Brasileira de Dermatologia (SBD) lan\u00e7ou no in\u00edcio do m\u00eas a campanha Dezembro Laranja. O objetivo \u00e9 estimular a popula\u00e7\u00e3o para a preven\u00e7\u00e3o e o diagn\u00f3stico do c\u00e2ncer de pele, o mais [&hellip;]<\/p>\n","protected":false},"author":1,"featured_media":50257,"comment_status":"open","ping_status":"open","sticky":false,"template":"","format":"standard","meta":{"ocean_post_layout":"","ocean_both_sidebars_style":"","ocean_both_sidebars_content_width":0,"ocean_both_sidebars_sidebars_width":0,"ocean_sidebar":"","ocean_second_sidebar":"","ocean_disable_margins":"enable","ocean_add_body_class":"","ocean_shortcode_before_top_bar":"","ocean_shortcode_after_top_bar":"","ocean_shortcode_before_header":"","ocean_shortcode_after_header":"","ocean_has_shortcode":"","ocean_shortcode_after_title":"","ocean_shortcode_before_footer_widgets":"","ocean_shortcode_after_footer_widgets":"","ocean_shortcode_before_footer_bottom":"","ocean_shortcode_after_footer_bottom":"","ocean_display_top_bar":"default","ocean_display_header":"default","ocean_header_style":"","ocean_center_header_left_menu":"","ocean_custom_header_template":"","ocean_custom_logo":0,"ocean_custom_retina_logo":0,"ocean_custom_logo_max_width":0,"ocean_custom_logo_tablet_max_width":0,"ocean_custom_logo_mobile_max_width":0,"ocean_custom_logo_max_height":0,"ocean_custom_logo_tablet_max_height":0,"ocean_custom_logo_mobile_max_height":0,"ocean_header_custom_menu":"","ocean_menu_typo_font_family":"","ocean_menu_typo_font_subset":"","ocean_menu_typo_font_size":0,"ocean_menu_typo_font_size_tablet":0,"ocean_menu_typo_font_size_mobile":0,"ocean_menu_typo_font_size_unit":"px","ocean_menu_typo_font_weight":"","ocean_menu_typo_font_weight_tablet":"","ocean_menu_typo_font_weight_mobile":"","ocean_menu_typo_transform":"","ocean_menu_typo_transform_tablet":"","ocean_menu_typo_transform_mobile":"","ocean_menu_typo_line_height":0,"ocean_menu_typo_line_height_tablet":0,"ocean_menu_typo_line_height_mobile":0,"ocean_menu_typo_line_height_unit":"","ocean_menu_typo_spacing":0,"ocean_menu_typo_spacing_tablet":0,"ocean_menu_typo_spacing_mobile":0,"ocean_menu_typo_spacing_unit":"","ocean_menu_link_color":"","ocean_menu_link_color_hover":"","ocean_menu_link_color_active":"","ocean_menu_link_background":"","ocean_menu_link_hover_background":"","ocean_menu_link_active_background":"","ocean_menu_social_links_bg":"","ocean_menu_social_hover_links_bg":"","ocean_menu_social_links_color":"","ocean_menu_social_hover_links_color":"","ocean_disable_title":"default","ocean_disable_heading":"default","ocean_post_title":"","ocean_post_subheading":"","ocean_post_title_style":"","ocean_post_title_background_color":"","ocean_post_title_background":0,"ocean_post_title_bg_image_position":"","ocean_post_title_bg_image_attachment":"","ocean_post_title_bg_image_repeat":"","ocean_post_title_bg_image_size":"","ocean_post_title_height":0,"ocean_post_title_bg_overlay":0.5,"ocean_post_title_bg_overlay_color":"","ocean_disable_breadcrumbs":"default","ocean_breadcrumbs_color":"","ocean_breadcrumbs_separator_color":"","ocean_breadcrumbs_links_color":"","ocean_breadcrumbs_links_hover_color":"","ocean_display_footer_widgets":"default","ocean_display_footer_bottom":"default","ocean_custom_footer_template":"","ocean_post_oembed":"","ocean_post_self_hosted_media":"","ocean_post_video_embed":"","ocean_link_format":"","ocean_link_format_target":"self","ocean_quote_format":"","ocean_quote_format_link":"post","ocean_gallery_link_images":"on","ocean_gallery_id":[]},"categories":[1],"tags":[3326,2532,3325,586,82],"acf":[],"_links":{"self":[{"href":"https:\/\/www.simepe.com.br\/novo\/wp-json\/wp\/v2\/posts\/50256"}],"collection":[{"href":"https:\/\/www.simepe.com.br\/novo\/wp-json\/wp\/v2\/posts"}],"about":[{"href":"https:\/\/www.simepe.com.br\/novo\/wp-json\/wp\/v2\/types\/post"}],"author":[{"embeddable":true,"href":"https:\/\/www.simepe.com.br\/novo\/wp-json\/wp\/v2\/users\/1"}],"replies":[{"embeddable":true,"href":"https:\/\/www.simepe.com.br\/novo\/wp-json\/wp\/v2\/comments?post=50256"}],"version-history":[{"count":1,"href":"https:\/\/www.simepe.com.br\/novo\/wp-json\/wp\/v2\/posts\/50256\/revisions"}],"predecessor-version":[{"id":50258,"href":"https:\/\/www.simepe.com.br\/novo\/wp-json\/wp\/v2\/posts\/50256\/revisions\/50258"}],"wp:featuredmedia":[{"embeddable":true,"href":"https:\/\/www.simepe.com.br\/novo\/wp-json\/wp\/v2\/media\/50257"}],"wp:attachment":[{"href":"https:\/\/www.simepe.com.br\/novo\/wp-json\/wp\/v2\/media?parent=50256"}],"wp:term":[{"taxonomy":"category","embeddable":true,"href":"https:\/\/www.simepe.com.br\/novo\/wp-json\/wp\/v2\/categories?post=50256"},{"taxonomy":"post_tag","embeddable":true,"href":"https:\/\/www.simepe.com.br\/novo\/wp-json\/wp\/v2\/tags?post=50256"}],"curies":[{"name":"wp","href":"https:\/\/api.w.org\/{rel}","templated":true}]}}