{"id":50262,"date":"2018-12-07T09:04:20","date_gmt":"2018-12-07T12:04:20","guid":{"rendered":"http:\/\/www.simepe.com.br\/novo\/?p=50262"},"modified":"2018-12-07T09:04:20","modified_gmt":"2018-12-07T12:04:20","slug":"forca-tarefa-nacional-fiscaliza-hospitais-psiquiatricos-pelo-brasil","status":"publish","type":"post","link":"https:\/\/www.simepe.com.br\/novo\/forca-tarefa-nacional-fiscaliza-hospitais-psiquiatricos-pelo-brasil\/","title":{"rendered":"For\u00e7a-tarefa nacional fiscaliza hospitais psiqui\u00e1tricos pelo Brasil"},"content":{"rendered":"<p style=\"text-align: justify;\"><img src=\"http:\/\/www.cremepe.org.br\/wp-content\/uploads\/2018\/12\/20181205_120044-300x225.jpg\" alt=\"\" \/><\/p>\n<p style=\"text-align: justify;\">Em a\u00e7\u00e3o articulada pelo Conselho Nacional do Minist\u00e9rio P\u00fablico (CNMP), diversos \u00f3rg\u00e3os e entidades, entre eles, o Minist\u00e9rio P\u00fablico do Trabalho (MPT), realizaram for\u00e7a-tarefa em hospitais psiqui\u00e1tricos espalhados em todo o Brasil. Em Pernambuco, a a\u00e7\u00e3o ocorreu nesta quarta-feira (5), no Hospital de Cust\u00f3dia Col\u00f4nia Vicente Gomes de Matos, na cidade de Barreiros, a 109 quil\u00f4metros do Recife. A unidade, que \u00e9 administrada pelo Governo do Estado, apresentou problemas, seja com rela\u00e7\u00e3o ao tratamento dos pacientes, seja nas condi\u00e7\u00f5es de trabalho dos empregados.<\/p>\n<p style=\"text-align: justify;\">O grupo de trabalho em Pernambuco foi formado por representantes da Ag\u00eancia Pernambucana de Vigil\u00e2ncia Sanit\u00e1ria (Apevisa), dos Conselhos Regionais de Enfermagem (Coren), Medicina (Cremepe) e Psicologia (CRP), do Minist\u00e9rio P\u00fablico do Trabalho (MPT), do Minist\u00e9rio P\u00fablico do Estado (MPPE) e pela Superintend\u00eancia Regional do Trabalho e Emprego (SRTE\/Minist\u00e9rio do Trabalho). A equipe contou com o apoio da Pol\u00edcia Rodovi\u00e1ria Federal (PRF).<\/p>\n<p style=\"text-align: justify;\">De acordo com as entidades presentes, a situa\u00e7\u00e3o encontrada merece a aten\u00e7\u00e3o de todos os \u00f3rg\u00e3os envolvidos. As condi\u00e7\u00f5es apontam principalmente para viola\u00e7\u00f5es aos direitos de sa\u00fade e ao trabalho digno. A a\u00e7\u00e3o beneficiou diretamente 90 pacientes e 120 profissionais da \u00e1rea de sa\u00fade, entre servidores p\u00fablicos e terceirizados das empresas Adlim, Real e Solu\u00e7\u00f5es.<\/p>\n<p style=\"text-align: justify;\"><strong>Hospital de Cust\u00f3dia Col\u00f4nia Vicente Gomes de Matos<\/strong><\/p>\n<p style=\"text-align: justify;\">Segundo informa\u00e7\u00f5es fornecidas em p\u00e1gina do Governo do Estado, o Hospital Col\u00f4nia Vicente Gomes de Matos disp\u00f5e de 122 leitos e abriga pacientes psiqui\u00e1tricos cr\u00f4nicos do sexo masculino, que recebem todo o acompanhamento psicol\u00f3gico e de sa\u00fade. Dentro do processo terap\u00eautico a longo prazo, eles s\u00e3o estimulados em atividades como passeios ou compras na cidade, num trabalho de reinser\u00e7\u00e3o social. A unidade n\u00e3o realiza marca\u00e7\u00e3o de consultas, pois o foco \u00e9 o tratamento de pacientes internos.<\/p>\n<p style=\"text-align: justify;\"><strong>For\u00e7a-tarefa nacional<\/strong><\/p>\n<p style=\"text-align: justify;\">As inspe\u00e7\u00f5es, que terminam nesta sexta-feira, dia 7, alcan\u00e7ar\u00e3o 40 unidades de interna\u00e7\u00e3o psiqui\u00e1tricas p\u00fablicas e privadas, com leitos SUS (Sistema \u00danico de Sa\u00fade) em funcionamento, em 17 estados e um universo de mais de 6,2 mil profissionais da sa\u00fade.<\/p>\n<p style=\"text-align: justify;\">As inspe\u00e7\u00f5es est\u00e3o sendo realizadas nos seguintes estados: Acre, Alagoas, Amazonas, Bahia, Cear\u00e1, Esp\u00edrito Santo, Goi\u00e1s, Maranh\u00e3o, Minas Gerais, Mato Grosso, Para\u00edba, Pernambuco, Paran\u00e1, Rio de Janeiro, Rio Grande do Sul, Santa Catarina e S\u00e3o Paulo.<\/p>\n<p style=\"text-align: justify;\">Essas visitas visam a identificar poss\u00edveis viola\u00e7\u00f5es de direitos humanos e tratamentos cru\u00e9is, desumanos e degradantes praticados contra os pacientes internados em hospitais psiqui\u00e1tricos e poss\u00edveis viola\u00e7\u00f5es de direitos promovidos pelos trabalhadores dessas institui\u00e7\u00f5es ou contra eles.<\/p>\n<p style=\"text-align: justify;\">A a\u00e7\u00e3o nacional objetiva ainda verificar as condi\u00e7\u00f5es de infraestrutura e funcionamento dos hospitais psiqui\u00e1tricos e condi\u00e7\u00f5es de sa\u00fade e seguran\u00e7a dos profissionais de sa\u00fade. Al\u00e9m disso, busca a identifica\u00e7\u00e3o de pacientes que permanecem internados indevidamente nas unidades, promovendo a desinstitucionaliza\u00e7\u00e3o e\/ou encaminhamento a outros equipamentos da Rede de Aten\u00e7\u00e3o Psicossocial (RAPS), conforme a Pol\u00edtica Nacional de Sa\u00fade Mental do Minist\u00e9rio da Sa\u00fade, al\u00e9m de contribuir para o fortalecimento e amplia\u00e7\u00e3o dessa rede, onde ela se mostra insuficiente ou ineficiente.<\/p>\n<p style=\"text-align: justify;\">As inspe\u00e7\u00f5es decorrem de articula\u00e7\u00e3o iniciada entre a Comiss\u00e3o Extraordin\u00e1ria de Sa\u00fade do CNMP e o Mecanismo Nacional de Preven\u00e7\u00e3o e Combate \u00e0 Tortura (MNPCT), \u00f3rg\u00e3o vinculado ao Minist\u00e9rio dos Direitos Humanos e que faz parte do Sistema Nacional de Preven\u00e7\u00e3o e Combate \u00e0 Tortura. Contou com a ades\u00e3o do Minist\u00e9rio P\u00fablico do Trabalho e Conselho Federal de Psicologia. Cada entidade possui pauta de atua\u00e7\u00e3o pr\u00f3pria, por\u00e9m convergente na tutela de direitos humanos e coletivos. As trocas de informa\u00e7\u00f5es potencializaram as atua\u00e7\u00f5es espec\u00edficas de cada entidade al\u00e9m de permitir uma vis\u00e3o multidisciplinar.<\/p>\n<p style=\"text-align: justify;\">\n<p style=\"text-align: justify;\">Fonte: Assessoria de Comunica\u00e7\u00e3o do Cremepe<\/p>\n","protected":false},"excerpt":{"rendered":"<p>Em a\u00e7\u00e3o articulada pelo Conselho Nacional do Minist\u00e9rio P\u00fablico (CNMP), diversos \u00f3rg\u00e3os e entidades, entre eles, o Minist\u00e9rio P\u00fablico do Trabalho (MPT), realizaram for\u00e7a-tarefa em hospitais psiqui\u00e1tricos espalhados em todo o Brasil. Em Pernambuco, a a\u00e7\u00e3o ocorreu nesta quarta-feira (5), no Hospital de Cust\u00f3dia Col\u00f4nia Vicente Gomes de Matos, na cidade de Barreiros, a 109 [&hellip;]<\/p>\n","protected":false},"author":1,"featured_media":0,"comment_status":"open","ping_status":"open","sticky":false,"template":"","format":"standard","meta":{"ocean_post_layout":"","ocean_both_sidebars_style":"","ocean_both_sidebars_content_width":0,"ocean_both_sidebars_sidebars_width":0,"ocean_sidebar":"","ocean_second_sidebar":"","ocean_disable_margins":"enable","ocean_add_body_class":"","ocean_shortcode_before_top_bar":"","ocean_shortcode_after_top_bar":"","ocean_shortcode_before_header":"","ocean_shortcode_after_header":"","ocean_has_shortcode":"","ocean_shortcode_after_title":"","ocean_shortcode_before_footer_widgets":"","ocean_shortcode_after_footer_widgets":"","ocean_shortcode_before_footer_bottom":"","ocean_shortcode_after_footer_bottom":"","ocean_display_top_bar":"default","ocean_display_header":"default","ocean_header_style":"","ocean_center_header_left_menu":"","ocean_custom_header_template":"","ocean_custom_logo":0,"ocean_custom_retina_logo":0,"ocean_custom_logo_max_width":0,"ocean_custom_logo_tablet_max_width":0,"ocean_custom_logo_mobile_max_width":0,"ocean_custom_logo_max_height":0,"ocean_custom_logo_tablet_max_height":0,"ocean_custom_logo_mobile_max_height":0,"ocean_header_custom_menu":"","ocean_menu_typo_font_family":"","ocean_menu_typo_font_subset":"","ocean_menu_typo_font_size":0,"ocean_menu_typo_font_size_tablet":0,"ocean_menu_typo_font_size_mobile":0,"ocean_menu_typo_font_size_unit":"px","ocean_menu_typo_font_weight":"","ocean_menu_typo_font_weight_tablet":"","ocean_menu_typo_font_weight_mobile":"","ocean_menu_typo_transform":"","ocean_menu_typo_transform_tablet":"","ocean_menu_typo_transform_mobile":"","ocean_menu_typo_line_height":0,"ocean_menu_typo_line_height_tablet":0,"ocean_menu_typo_line_height_mobile":0,"ocean_menu_typo_line_height_unit":"","ocean_menu_typo_spacing":0,"ocean_menu_typo_spacing_tablet":0,"ocean_menu_typo_spacing_mobile":0,"ocean_menu_typo_spacing_unit":"","ocean_menu_link_color":"","ocean_menu_link_color_hover":"","ocean_menu_link_color_active":"","ocean_menu_link_background":"","ocean_menu_link_hover_background":"","ocean_menu_link_active_background":"","ocean_menu_social_links_bg":"","ocean_menu_social_hover_links_bg":"","ocean_menu_social_links_color":"","ocean_menu_social_hover_links_color":"","ocean_disable_title":"default","ocean_disable_heading":"default","ocean_post_title":"","ocean_post_subheading":"","ocean_post_title_style":"","ocean_post_title_background_color":"","ocean_post_title_background":0,"ocean_post_title_bg_image_position":"","ocean_post_title_bg_image_attachment":"","ocean_post_title_bg_image_repeat":"","ocean_post_title_bg_image_size":"","ocean_post_title_height":0,"ocean_post_title_bg_overlay":0.5,"ocean_post_title_bg_overlay_color":"","ocean_disable_breadcrumbs":"default","ocean_breadcrumbs_color":"","ocean_breadcrumbs_separator_color":"","ocean_breadcrumbs_links_color":"","ocean_breadcrumbs_links_hover_color":"","ocean_display_footer_widgets":"default","ocean_display_footer_bottom":"default","ocean_custom_footer_template":"","ocean_post_oembed":"","ocean_post_self_hosted_media":"","ocean_post_video_embed":"","ocean_link_format":"","ocean_link_format_target":"self","ocean_quote_format":"","ocean_quote_format_link":"post","ocean_gallery_link_images":"on","ocean_gallery_id":[]},"categories":[9],"tags":[221,187,82,424],"acf":[],"_links":{"self":[{"href":"https:\/\/www.simepe.com.br\/novo\/wp-json\/wp\/v2\/posts\/50262"}],"collection":[{"href":"https:\/\/www.simepe.com.br\/novo\/wp-json\/wp\/v2\/posts"}],"about":[{"href":"https:\/\/www.simepe.com.br\/novo\/wp-json\/wp\/v2\/types\/post"}],"author":[{"embeddable":true,"href":"https:\/\/www.simepe.com.br\/novo\/wp-json\/wp\/v2\/users\/1"}],"replies":[{"embeddable":true,"href":"https:\/\/www.simepe.com.br\/novo\/wp-json\/wp\/v2\/comments?post=50262"}],"version-history":[{"count":1,"href":"https:\/\/www.simepe.com.br\/novo\/wp-json\/wp\/v2\/posts\/50262\/revisions"}],"predecessor-version":[{"id":50263,"href":"https:\/\/www.simepe.com.br\/novo\/wp-json\/wp\/v2\/posts\/50262\/revisions\/50263"}],"wp:attachment":[{"href":"https:\/\/www.simepe.com.br\/novo\/wp-json\/wp\/v2\/media?parent=50262"}],"wp:term":[{"taxonomy":"category","embeddable":true,"href":"https:\/\/www.simepe.com.br\/novo\/wp-json\/wp\/v2\/categories?post=50262"},{"taxonomy":"post_tag","embeddable":true,"href":"https:\/\/www.simepe.com.br\/novo\/wp-json\/wp\/v2\/tags?post=50262"}],"curies":[{"name":"wp","href":"https:\/\/api.w.org\/{rel}","templated":true}]}}