{"id":50266,"date":"2018-12-07T09:09:36","date_gmt":"2018-12-07T12:09:36","guid":{"rendered":"http:\/\/www.simepe.com.br\/novo\/?p=50266"},"modified":"2018-12-07T09:09:36","modified_gmt":"2018-12-07T12:09:36","slug":"oroco-tem-seis-postos-de-saude-inaugurados-mas-nenhum-medico","status":"publish","type":"post","link":"https:\/\/www.simepe.com.br\/novo\/oroco-tem-seis-postos-de-saude-inaugurados-mas-nenhum-medico\/","title":{"rendered":"Oroc\u00f3 tem seis postos de sa\u00fade inaugurados, mas nenhum m\u00e9dico"},"content":{"rendered":"<p style=\"text-align: justify;\">Uma cidade com postos de sa\u00fade novos, mas sem m\u00e9dicos para atender \u00e0 popula\u00e7\u00e3o. Essa \u00e9 a situa\u00e7\u00e3o de Oroc\u00f3, no Sert\u00e3o de Pernambuco, que vive uma crise de assist\u00eancia b\u00e1sica. A cidade tem 13 mil habitantes e fica a 570 quil\u00f4metros do Recife.<\/p>\n<p style=\"text-align: justify;\">L\u00e1, h\u00e1 seis postos de sa\u00fade, mas nenhum deles tem m\u00e9dico. At\u00e9 julho deste ano, eram seis profissionais que faziam o atendimento \u00e0 popula\u00e7\u00e3o local, tr\u00eas m\u00e9dicos brasileiros contratados, dois brasileiros efetivos e uma m\u00e9dica cubana, do programa Mais M\u00e9dicos. Com a determina\u00e7\u00e3o do Minist\u00e9rio P\u00fablico da carga-hor\u00e1ria integral de trabalho dos profissionais de sa\u00fade, os cinco m\u00e9dicos brasileiros deixaram o munic\u00edpio, e a cubana foi retirada.<\/p>\n<p style=\"text-align: justify;\">Sem as unidades b\u00e1sicas funcionando, a \u00fanica alternativa da popula\u00e7\u00e3o de Oroc\u00f3 \u00e9 o Hospital Ulisses de Novaes Bione, \u00fanico hospital da cidade. A unidade de sa\u00fade est\u00e1 sobrecarregada, atendendo 40% mais pessoas que o habitual. No local, antes dos m\u00e9dicos brasileiros deixarem os postos de sa\u00fade, atendiam-se de 60 a 70 pessoas por dia. Atualmente, o n\u00famero chega a 100.<\/p>\n<p style=\"text-align: justify;\">As consultas s\u00e3o feitas por um m\u00e9dico plantonista, e muitas delas poderiam ser resolvidas sem a necessidade de ir ao hospital, apenas em postos de sa\u00fade. A situa\u00e7\u00e3o ainda \u00e9 mais cr\u00edtica na regi\u00e3o rural de Oroc\u00f3, longe do hospital.<\/p>\n<p style=\"text-align: justify;\"><img src=\"https:\/\/img1.ne10.uol.com.br\/tvjornal\/imagem\/noticia\/normal\/2018\/12\/06\/e6c1aced65541e9058afeacd287082d8.jpg\" alt=\"\" \/><\/p>\n<p style=\"text-align: justify;\"><strong>Prefeitura de Oroc\u00f3<\/strong><br \/>\nO prefeito de Oroc\u00f3, George Gueber, informou que a cidade segue sem m\u00e9dicos e que n\u00e3o h\u00e1 previs\u00e3o para regularizar a situa\u00e7\u00e3o, por falta de candidatos ao cargo.<\/p>\n<p style=\"text-align: justify;\">Com a retirada dos m\u00e9dicos cubanos do programa Mais M\u00e9dicos, que vinha sendo realizado desde 2013 refor\u00e7ando o atendimento de pacientes pelo Sistema \u00danico de Sa\u00fade (SUS), ao menos 414 profissionais precisaram deixar Pernambuco. O Governo Federal, no entanto, prometeu abrir novas vagas para que outros profissionais se candidatassem aos cargos.<\/p>\n<p style=\"text-align: justify;\">As inscri\u00e7\u00f5es da convoca\u00e7\u00e3o para o programa v\u00e3o at\u00e9 esta sexta-feira (7), prazo para os interessados aderirem e escolherem o munic\u00edpio de atua\u00e7\u00e3o. Podem se inscrever somente m\u00e9dicos com registro no Brasil. Os profissionais t\u00eam at\u00e9 o dia 14 deste m\u00eas para apresenta\u00e7\u00e3o nos munic\u00edpios. Pelo cronograma, 18 de dezembro \u00e9 a data para a publica\u00e7\u00e3o da lista dos m\u00e9dicos homologados, para iniciarem as atividades.<\/p>\n<p style=\"text-align: justify;\"><strong>S\u00e9rie<\/strong><br \/>\nEssa foi a segunda reportagem da s\u00e9rie Sa\u00fade Fora do Eixo, exibida pela TV Jornal. Nessa quarta-feira (5), a mat\u00e9ria exibida falava sobre o desequil\u00edbrio entre as necessidades dos moradores do interior e o que oferece, atualmente, o Sistema de Sa\u00fade.<\/p>\n<p style=\"text-align: justify;\">Nesta sexta-feira (7), ser\u00e1 mostrada a \u00faltima reportagem da s\u00e9rie, que ir\u00e1 falar sobre os cursos medicina que est\u00e3o chegando ao interior de Pernambuco.<\/p>\n<p style=\"text-align: justify;\">\n<p style=\"text-align: justify;\">Fonte: TV Jornal<\/p>\n","protected":false},"excerpt":{"rendered":"<p>Uma cidade com postos de sa\u00fade novos, mas sem m\u00e9dicos para atender \u00e0 popula\u00e7\u00e3o. Essa \u00e9 a situa\u00e7\u00e3o de Oroc\u00f3, no Sert\u00e3o de Pernambuco, que vive uma crise de assist\u00eancia b\u00e1sica. A cidade tem 13 mil habitantes e fica a 570 quil\u00f4metros do Recife. L\u00e1, h\u00e1 seis postos de sa\u00fade, mas nenhum deles tem m\u00e9dico. [&hellip;]<\/p>\n","protected":false},"author":1,"featured_media":0,"comment_status":"open","ping_status":"open","sticky":false,"template":"","format":"standard","meta":{"ocean_post_layout":"","ocean_both_sidebars_style":"","ocean_both_sidebars_content_width":0,"ocean_both_sidebars_sidebars_width":0,"ocean_sidebar":"","ocean_second_sidebar":"","ocean_disable_margins":"enable","ocean_add_body_class":"","ocean_shortcode_before_top_bar":"","ocean_shortcode_after_top_bar":"","ocean_shortcode_before_header":"","ocean_shortcode_after_header":"","ocean_has_shortcode":"","ocean_shortcode_after_title":"","ocean_shortcode_before_footer_widgets":"","ocean_shortcode_after_footer_widgets":"","ocean_shortcode_before_footer_bottom":"","ocean_shortcode_after_footer_bottom":"","ocean_display_top_bar":"default","ocean_display_header":"default","ocean_header_style":"","ocean_center_header_left_menu":"","ocean_custom_header_template":"","ocean_custom_logo":0,"ocean_custom_retina_logo":0,"ocean_custom_logo_max_width":0,"ocean_custom_logo_tablet_max_width":0,"ocean_custom_logo_mobile_max_width":0,"ocean_custom_logo_max_height":0,"ocean_custom_logo_tablet_max_height":0,"ocean_custom_logo_mobile_max_height":0,"ocean_header_custom_menu":"","ocean_menu_typo_font_family":"","ocean_menu_typo_font_subset":"","ocean_menu_typo_font_size":0,"ocean_menu_typo_font_size_tablet":0,"ocean_menu_typo_font_size_mobile":0,"ocean_menu_typo_font_size_unit":"px","ocean_menu_typo_font_weight":"","ocean_menu_typo_font_weight_tablet":"","ocean_menu_typo_font_weight_mobile":"","ocean_menu_typo_transform":"","ocean_menu_typo_transform_tablet":"","ocean_menu_typo_transform_mobile":"","ocean_menu_typo_line_height":0,"ocean_menu_typo_line_height_tablet":0,"ocean_menu_typo_line_height_mobile":0,"ocean_menu_typo_line_height_unit":"","ocean_menu_typo_spacing":0,"ocean_menu_typo_spacing_tablet":0,"ocean_menu_typo_spacing_mobile":0,"ocean_menu_typo_spacing_unit":"","ocean_menu_link_color":"","ocean_menu_link_color_hover":"","ocean_menu_link_color_active":"","ocean_menu_link_background":"","ocean_menu_link_hover_background":"","ocean_menu_link_active_background":"","ocean_menu_social_links_bg":"","ocean_menu_social_hover_links_bg":"","ocean_menu_social_links_color":"","ocean_menu_social_hover_links_color":"","ocean_disable_title":"default","ocean_disable_heading":"default","ocean_post_title":"","ocean_post_subheading":"","ocean_post_title_style":"","ocean_post_title_background_color":"","ocean_post_title_background":0,"ocean_post_title_bg_image_position":"","ocean_post_title_bg_image_attachment":"","ocean_post_title_bg_image_repeat":"","ocean_post_title_bg_image_size":"","ocean_post_title_height":0,"ocean_post_title_bg_overlay":0.5,"ocean_post_title_bg_overlay_color":"","ocean_disable_breadcrumbs":"default","ocean_breadcrumbs_color":"","ocean_breadcrumbs_separator_color":"","ocean_breadcrumbs_links_color":"","ocean_breadcrumbs_links_hover_color":"","ocean_display_footer_widgets":"default","ocean_display_footer_bottom":"default","ocean_custom_footer_template":"","ocean_post_oembed":"","ocean_post_self_hosted_media":"","ocean_post_video_embed":"","ocean_link_format":"","ocean_link_format_target":"self","ocean_quote_format":"","ocean_quote_format_link":"post","ocean_gallery_link_images":"on","ocean_gallery_id":[]},"categories":[9],"tags":[30,3329,141],"acf":[],"_links":{"self":[{"href":"https:\/\/www.simepe.com.br\/novo\/wp-json\/wp\/v2\/posts\/50266"}],"collection":[{"href":"https:\/\/www.simepe.com.br\/novo\/wp-json\/wp\/v2\/posts"}],"about":[{"href":"https:\/\/www.simepe.com.br\/novo\/wp-json\/wp\/v2\/types\/post"}],"author":[{"embeddable":true,"href":"https:\/\/www.simepe.com.br\/novo\/wp-json\/wp\/v2\/users\/1"}],"replies":[{"embeddable":true,"href":"https:\/\/www.simepe.com.br\/novo\/wp-json\/wp\/v2\/comments?post=50266"}],"version-history":[{"count":1,"href":"https:\/\/www.simepe.com.br\/novo\/wp-json\/wp\/v2\/posts\/50266\/revisions"}],"predecessor-version":[{"id":50267,"href":"https:\/\/www.simepe.com.br\/novo\/wp-json\/wp\/v2\/posts\/50266\/revisions\/50267"}],"wp:attachment":[{"href":"https:\/\/www.simepe.com.br\/novo\/wp-json\/wp\/v2\/media?parent=50266"}],"wp:term":[{"taxonomy":"category","embeddable":true,"href":"https:\/\/www.simepe.com.br\/novo\/wp-json\/wp\/v2\/categories?post=50266"},{"taxonomy":"post_tag","embeddable":true,"href":"https:\/\/www.simepe.com.br\/novo\/wp-json\/wp\/v2\/tags?post=50266"}],"curies":[{"name":"wp","href":"https:\/\/api.w.org\/{rel}","templated":true}]}}