{"id":50342,"date":"2018-12-12T09:35:42","date_gmt":"2018-12-12T12:35:42","guid":{"rendered":"http:\/\/www.simepe.com.br\/novo\/?p=50342"},"modified":"2018-12-12T09:35:42","modified_gmt":"2018-12-12T12:35:42","slug":"mais-medicos-106-vagas-nao-foram-preenchidas-86-delas-no-amazonas","status":"publish","type":"post","link":"https:\/\/www.simepe.com.br\/novo\/mais-medicos-106-vagas-nao-foram-preenchidas-86-delas-no-amazonas\/","title":{"rendered":"Mais M\u00e9dicos: 106 vagas n\u00e3o foram preenchidas, 86 delas no Amazonas"},"content":{"rendered":"<p style=\"text-align: justify;\"><strong>Ag\u00eancia Brasil<\/strong> \u2013 Balan\u00e7o divulgado nesta segunda-feira (10) pelo Minist\u00e9rio da Sa\u00fade mostra que, do total de 8.517 vagas ofertadas no \u00faltimo edital do programa Mais M\u00e9dicos, 98,7% foram preenchidas (8.411). Ainda est\u00e3o abertas 106 vagas em 29 localidades para as pr\u00f3ximas etapas da convoca\u00e7\u00e3o, a maior parte delas (86 vagas), no Estado do Amazonas. Tamb\u00e9m restaram 20 vagas no Amap\u00e1 e no Par\u00e1.<\/p>\n<p style=\"text-align: justify;\">Do total de vagas n\u00e3o preenchidas, 63 est\u00e3o em distritos sanit\u00e1rios especiais ind\u00edgenas. Somente no Dsei Alto Solim\u00f5es, ainda h\u00e1 22 vagas; no Alto Rio Negro, sobraram 11 vagas. Ambos ficam no estado do Amazonas.<\/p>\n<p style=\"text-align: justify;\">O Minist\u00e9rio da Sa\u00fade informou que, at\u00e9 as 11h desta segunda-feira (10), 53% dos profissionais com registro no Brasil que se inscreveram no edital de convoca\u00e7\u00e3o do Mais M\u00e9dicos j\u00e1 tinham se apresentado ou iniciado suas atividades nas localidades escolhidas. Eles somam 4.508 m\u00e9dicos, de acordo com o balan\u00e7o divulgado hoje pela pasta.<\/p>\n<p style=\"text-align: justify;\">O prazo final para que os m\u00e9dicos inscritos se apresentem nos munic\u00edpios \u00e9 sexta-feira (14). O dia de in\u00edcio do trabalho ser\u00e1 definido com o gestor local.<\/p>\n<p style=\"text-align: justify;\">Na pr\u00f3xima segunda-feira (17), ser\u00e1 feito um novo balan\u00e7o das vagas dispon\u00edveis, incluindo a soma das desist\u00eancias verificadas at\u00e9 dia 14 e as vagas para as quais n\u00e3o houve inscritos. Nos dias 18 e 19, os m\u00e9dicos com registro no pa\u00eds ter\u00e3o mais uma chance para escolher vagas nos munic\u00edpios que ainda estiverem dispon\u00edveis.<\/p>\n<p style=\"text-align: justify;\">Por meio da assessoria de imprensa, o Minist\u00e9rio da Sa\u00fade tamb\u00e9m informou que, caso haja muitas desist\u00eancias e as vagas n\u00e3o sejam preenchidas, ser\u00e3o feitas novas chamadas at\u00e9 que se complete o quadro de vagas do programa.<\/p>\n<p style=\"text-align: justify;\"><strong>M\u00e9dicos sem CRM<\/strong><br \/>\nPara participar do Mais M\u00e9dicos, os m\u00e9dicos brasileiros e estrangeiros formados no exterior e que n\u00e3o t\u00eam registro profissional no Brasil precisam atender \u00e0 exig\u00eancia de apresentar 17 documentos ao Minist\u00e9rio da Sa\u00fade, entre eles o reconhecimento da institui\u00e7\u00e3o de ensino pela representa\u00e7\u00e3o do pa\u00eds onde os profissionais se graduaram. Os interessados ter\u00e3o prazo de amanh\u00e3 (11) at\u00e9 sexta-feira (14) para se cadastrarem no sistema e tornarem-se aptos para validar a inscri\u00e7\u00e3o junto ao Minist\u00e9rio.<\/p>\n<p style=\"text-align: justify;\">A partir do dia 20, m\u00e9dicos brasileiros sem registro no pa\u00eds poder\u00e3o se inscrever para as vagas dispon\u00edveis. No dia 26, as vagas remanescentes ser\u00e3o abertas tamb\u00e9m aos estrangeiros formados no exterior.<\/p>\n<p style=\"text-align: justify;\"><a href=\"http:\/\/mais-medicos.saude.gov.br\/images\/PDF\">Para consultar o cronograma de inscri\u00e7\u00e3o no Mais M\u00e9dicos, acesse o link do programa.<\/a><\/p>\n<p style=\"text-align: justify;\"><strong>O programa<\/strong><br \/>\nO Mais M\u00e9dicos foi criado em 2013 para ampliar o acesso ao atendimento m\u00e9dico na aten\u00e7\u00e3o b\u00e1sica de sa\u00fade no Brasil ao levar m\u00e9dicos para regi\u00f5es carentes de profissionais. Com 18.240 vagas em mais de 4 mil munic\u00edpios e 34 distritos sanit\u00e1rios especiais ind\u00edgenas, o programa atende 63 milh\u00f5es de brasileiros.<\/p>\n<p style=\"text-align: justify;\">Os profissionais do Mais M\u00e9dicos ganham R$ 11,8 mil de bolsa-forma\u00e7\u00e3o e recebem ajuda de custo inicial entre R$ 10 mil e R$ 35 mil para deslocamento ao munic\u00edpio em que v\u00e3o trabalhar. Al\u00e9m disso, todos t\u00eam moradia e alimenta\u00e7\u00e3o custeadas pelas prefeituras.<\/p>\n<p style=\"text-align: justify;\">Desde o ano passado, a bolsa dos m\u00e9dicos participantes \u00e9 reajustada anualmente. Os profissionais tamb\u00e9m receberam um acr\u00e9scimo de 10% no valor dos aux\u00edlios para moradia e alimenta\u00e7\u00e3o de profissionais alocados em DSEIs.<\/p>\n<p style=\"text-align: justify;\"><strong>Sa\u00edda de cubanos<\/strong><br \/>\nEm novembro, o governo de Cuba informou o rompimento do acordo de coopera\u00e7\u00e3o com o governo brasileiro para o programa Mais M\u00e9dicos, alegando discord\u00e2ncia das exig\u00eancias feitas pelo presidente eleito, Jair Bolsonaro, como a necessidade de seus profissionais se submeterem ao Revalida \u2013 prova de verifica\u00e7\u00e3o de conhecimentos.<\/p>\n<p style=\"text-align: justify;\">Com a sa\u00edda dos cubanos, foram abertas mais de 8,5 mil vagas no programa.<\/p>\n<p style=\"text-align: justify;\">\n<p style=\"text-align: justify;\">Fonte: Casa Saud\u00e1vel (JC)<\/p>\n","protected":false},"excerpt":{"rendered":"<p>Ag\u00eancia Brasil \u2013 Balan\u00e7o divulgado nesta segunda-feira (10) pelo Minist\u00e9rio da Sa\u00fade mostra que, do total de 8.517 vagas ofertadas no \u00faltimo edital do programa Mais M\u00e9dicos, 98,7% foram preenchidas (8.411). Ainda est\u00e3o abertas 106 vagas em 29 localidades para as pr\u00f3ximas etapas da convoca\u00e7\u00e3o, a maior parte delas (86 vagas), no Estado do Amazonas. [&hellip;]<\/p>\n","protected":false},"author":1,"featured_media":0,"comment_status":"open","ping_status":"open","sticky":false,"template":"","format":"standard","meta":{"ocean_post_layout":"","ocean_both_sidebars_style":"","ocean_both_sidebars_content_width":0,"ocean_both_sidebars_sidebars_width":0,"ocean_sidebar":"","ocean_second_sidebar":"","ocean_disable_margins":"enable","ocean_add_body_class":"","ocean_shortcode_before_top_bar":"","ocean_shortcode_after_top_bar":"","ocean_shortcode_before_header":"","ocean_shortcode_after_header":"","ocean_has_shortcode":"","ocean_shortcode_after_title":"","ocean_shortcode_before_footer_widgets":"","ocean_shortcode_after_footer_widgets":"","ocean_shortcode_before_footer_bottom":"","ocean_shortcode_after_footer_bottom":"","ocean_display_top_bar":"default","ocean_display_header":"default","ocean_header_style":"","ocean_center_header_left_menu":"","ocean_custom_header_template":"","ocean_custom_logo":0,"ocean_custom_retina_logo":0,"ocean_custom_logo_max_width":0,"ocean_custom_logo_tablet_max_width":0,"ocean_custom_logo_mobile_max_width":0,"ocean_custom_logo_max_height":0,"ocean_custom_logo_tablet_max_height":0,"ocean_custom_logo_mobile_max_height":0,"ocean_header_custom_menu":"","ocean_menu_typo_font_family":"","ocean_menu_typo_font_subset":"","ocean_menu_typo_font_size":0,"ocean_menu_typo_font_size_tablet":0,"ocean_menu_typo_font_size_mobile":0,"ocean_menu_typo_font_size_unit":"px","ocean_menu_typo_font_weight":"","ocean_menu_typo_font_weight_tablet":"","ocean_menu_typo_font_weight_mobile":"","ocean_menu_typo_transform":"","ocean_menu_typo_transform_tablet":"","ocean_menu_typo_transform_mobile":"","ocean_menu_typo_line_height":0,"ocean_menu_typo_line_height_tablet":0,"ocean_menu_typo_line_height_mobile":0,"ocean_menu_typo_line_height_unit":"","ocean_menu_typo_spacing":0,"ocean_menu_typo_spacing_tablet":0,"ocean_menu_typo_spacing_mobile":0,"ocean_menu_typo_spacing_unit":"","ocean_menu_link_color":"","ocean_menu_link_color_hover":"","ocean_menu_link_color_active":"","ocean_menu_link_background":"","ocean_menu_link_hover_background":"","ocean_menu_link_active_background":"","ocean_menu_social_links_bg":"","ocean_menu_social_hover_links_bg":"","ocean_menu_social_links_color":"","ocean_menu_social_hover_links_color":"","ocean_disable_title":"default","ocean_disable_heading":"default","ocean_post_title":"","ocean_post_subheading":"","ocean_post_title_style":"","ocean_post_title_background_color":"","ocean_post_title_background":0,"ocean_post_title_bg_image_position":"","ocean_post_title_bg_image_attachment":"","ocean_post_title_bg_image_repeat":"","ocean_post_title_bg_image_size":"","ocean_post_title_height":0,"ocean_post_title_bg_overlay":0.5,"ocean_post_title_bg_overlay_color":"","ocean_disable_breadcrumbs":"default","ocean_breadcrumbs_color":"","ocean_breadcrumbs_separator_color":"","ocean_breadcrumbs_links_color":"","ocean_breadcrumbs_links_hover_color":"","ocean_display_footer_widgets":"default","ocean_display_footer_bottom":"default","ocean_custom_footer_template":"","ocean_post_oembed":"","ocean_post_self_hosted_media":"","ocean_post_video_embed":"","ocean_link_format":"","ocean_link_format_target":"self","ocean_quote_format":"","ocean_quote_format_link":"post","ocean_gallery_link_images":"on","ocean_gallery_id":[]},"categories":[9],"tags":[1232,1577,82],"acf":[],"_links":{"self":[{"href":"https:\/\/www.simepe.com.br\/novo\/wp-json\/wp\/v2\/posts\/50342"}],"collection":[{"href":"https:\/\/www.simepe.com.br\/novo\/wp-json\/wp\/v2\/posts"}],"about":[{"href":"https:\/\/www.simepe.com.br\/novo\/wp-json\/wp\/v2\/types\/post"}],"author":[{"embeddable":true,"href":"https:\/\/www.simepe.com.br\/novo\/wp-json\/wp\/v2\/users\/1"}],"replies":[{"embeddable":true,"href":"https:\/\/www.simepe.com.br\/novo\/wp-json\/wp\/v2\/comments?post=50342"}],"version-history":[{"count":1,"href":"https:\/\/www.simepe.com.br\/novo\/wp-json\/wp\/v2\/posts\/50342\/revisions"}],"predecessor-version":[{"id":50343,"href":"https:\/\/www.simepe.com.br\/novo\/wp-json\/wp\/v2\/posts\/50342\/revisions\/50343"}],"wp:attachment":[{"href":"https:\/\/www.simepe.com.br\/novo\/wp-json\/wp\/v2\/media?parent=50342"}],"wp:term":[{"taxonomy":"category","embeddable":true,"href":"https:\/\/www.simepe.com.br\/novo\/wp-json\/wp\/v2\/categories?post=50342"},{"taxonomy":"post_tag","embeddable":true,"href":"https:\/\/www.simepe.com.br\/novo\/wp-json\/wp\/v2\/tags?post=50342"}],"curies":[{"name":"wp","href":"https:\/\/api.w.org\/{rel}","templated":true}]}}