{"id":50344,"date":"2018-12-12T09:38:19","date_gmt":"2018-12-12T12:38:19","guid":{"rendered":"http:\/\/www.simepe.com.br\/novo\/?p=50344"},"modified":"2018-12-12T09:38:19","modified_gmt":"2018-12-12T12:38:19","slug":"paciente-tem-surto-durante-consulta-pega-arma-de-medico-e-atira-contra-ele-em-olinda","status":"publish","type":"post","link":"https:\/\/www.simepe.com.br\/novo\/paciente-tem-surto-durante-consulta-pega-arma-de-medico-e-atira-contra-ele-em-olinda\/","title":{"rendered":"Paciente tem surto durante consulta, pega arma de m\u00e9dico e atira contra ele em Olinda"},"content":{"rendered":"<p style=\"text-align: justify;\">Homem de 21 anos entrou em luta corporal com m\u00e9dico e tomou a pistola do profissional de 72 anos, na manh\u00e3 desta ter\u00e7a-feira (11), no bairro de Guadalupe.<\/p>\n<p style=\"text-align: justify;\">Um homem de 21 anos teve um surto durante uma consulta psiqui\u00e1trica e atirou contra o m\u00e9dico que o atendia, na manh\u00e3 desta ter\u00e7a (11), em Olinda, de acordo com a Pol\u00edcia Civil.<\/p>\n<p style=\"text-align: justify;\">O caso ocorreu no bairro de Guadalupe e o paciente tem defici\u00eancia intelectual, ainda segundo a corpora\u00e7\u00e3o. Nenhum dos disparos atingiu o psiquiatra, que tem 72 anos.<\/p>\n<p style=\"text-align: justify;\">Por volta das 8h30, o homem entrou em luta corporal com o m\u00e9dico, que \u00e9 policial aposentado e tem porte legal de arma, de acordo com a Pol\u00edcia Civil. O paciente tomou a pistola do profissional e efetuou disparos no local, mas os tiros n\u00e3o atingiram ningu\u00e9m.<\/p>\n<p style=\"text-align: justify;\">O jovem foi imobilizado e a pol\u00edcia foi acionada para a ocorr\u00eancia. Policiais do 1\u00ba Batalh\u00e3o da PM detiveram o homem, que foi encaminhado \u00e0 Central e Plant\u00f5es da Capital (Ceplanc), no bairro de Campo Grande, na Zona Norte do Recife.<\/p>\n<p style=\"text-align: justify;\">A Pol\u00edcia Civil investiga a tentativa de homic\u00eddio e informou que o jovem preso passa por audi\u00eancia de cust\u00f3dia na quarta-feira (12).<\/p>\n<p style=\"text-align: justify;\">\n<p style=\"text-align: justify;\">Fonte: G1<\/p>\n","protected":false},"excerpt":{"rendered":"<p>Homem de 21 anos entrou em luta corporal com m\u00e9dico e tomou a pistola do profissional de 72 anos, na manh\u00e3 desta ter\u00e7a-feira (11), no bairro de Guadalupe. Um homem de 21 anos teve um surto durante uma consulta psiqui\u00e1trica e atirou contra o m\u00e9dico que o atendia, na manh\u00e3 desta ter\u00e7a (11), em Olinda, [&hellip;]<\/p>\n","protected":false},"author":1,"featured_media":0,"comment_status":"open","ping_status":"open","sticky":false,"template":"","format":"standard","meta":{"ocean_post_layout":"","ocean_both_sidebars_style":"","ocean_both_sidebars_content_width":0,"ocean_both_sidebars_sidebars_width":0,"ocean_sidebar":"","ocean_second_sidebar":"","ocean_disable_margins":"enable","ocean_add_body_class":"","ocean_shortcode_before_top_bar":"","ocean_shortcode_after_top_bar":"","ocean_shortcode_before_header":"","ocean_shortcode_after_header":"","ocean_has_shortcode":"","ocean_shortcode_after_title":"","ocean_shortcode_before_footer_widgets":"","ocean_shortcode_after_footer_widgets":"","ocean_shortcode_before_footer_bottom":"","ocean_shortcode_after_footer_bottom":"","ocean_display_top_bar":"default","ocean_display_header":"default","ocean_header_style":"","ocean_center_header_left_menu":"","ocean_custom_header_template":"","ocean_custom_logo":0,"ocean_custom_retina_logo":0,"ocean_custom_logo_max_width":0,"ocean_custom_logo_tablet_max_width":0,"ocean_custom_logo_mobile_max_width":0,"ocean_custom_logo_max_height":0,"ocean_custom_logo_tablet_max_height":0,"ocean_custom_logo_mobile_max_height":0,"ocean_header_custom_menu":"","ocean_menu_typo_font_family":"","ocean_menu_typo_font_subset":"","ocean_menu_typo_font_size":0,"ocean_menu_typo_font_size_tablet":0,"ocean_menu_typo_font_size_mobile":0,"ocean_menu_typo_font_size_unit":"px","ocean_menu_typo_font_weight":"","ocean_menu_typo_font_weight_tablet":"","ocean_menu_typo_font_weight_mobile":"","ocean_menu_typo_transform":"","ocean_menu_typo_transform_tablet":"","ocean_menu_typo_transform_mobile":"","ocean_menu_typo_line_height":0,"ocean_menu_typo_line_height_tablet":0,"ocean_menu_typo_line_height_mobile":0,"ocean_menu_typo_line_height_unit":"","ocean_menu_typo_spacing":0,"ocean_menu_typo_spacing_tablet":0,"ocean_menu_typo_spacing_mobile":0,"ocean_menu_typo_spacing_unit":"","ocean_menu_link_color":"","ocean_menu_link_color_hover":"","ocean_menu_link_color_active":"","ocean_menu_link_background":"","ocean_menu_link_hover_background":"","ocean_menu_link_active_background":"","ocean_menu_social_links_bg":"","ocean_menu_social_hover_links_bg":"","ocean_menu_social_links_color":"","ocean_menu_social_hover_links_color":"","ocean_disable_title":"default","ocean_disable_heading":"default","ocean_post_title":"","ocean_post_subheading":"","ocean_post_title_style":"","ocean_post_title_background_color":"","ocean_post_title_background":0,"ocean_post_title_bg_image_position":"","ocean_post_title_bg_image_attachment":"","ocean_post_title_bg_image_repeat":"","ocean_post_title_bg_image_size":"","ocean_post_title_height":0,"ocean_post_title_bg_overlay":0.5,"ocean_post_title_bg_overlay_color":"","ocean_disable_breadcrumbs":"default","ocean_breadcrumbs_color":"","ocean_breadcrumbs_separator_color":"","ocean_breadcrumbs_links_color":"","ocean_breadcrumbs_links_hover_color":"","ocean_display_footer_widgets":"default","ocean_display_footer_bottom":"default","ocean_custom_footer_template":"","ocean_post_oembed":"","ocean_post_self_hosted_media":"","ocean_post_video_embed":"","ocean_link_format":"","ocean_link_format_target":"self","ocean_quote_format":"","ocean_quote_format_link":"post","ocean_gallery_link_images":"on","ocean_gallery_id":[]},"categories":[9],"tags":[3336,30,980,82,639],"acf":[],"_links":{"self":[{"href":"https:\/\/www.simepe.com.br\/novo\/wp-json\/wp\/v2\/posts\/50344"}],"collection":[{"href":"https:\/\/www.simepe.com.br\/novo\/wp-json\/wp\/v2\/posts"}],"about":[{"href":"https:\/\/www.simepe.com.br\/novo\/wp-json\/wp\/v2\/types\/post"}],"author":[{"embeddable":true,"href":"https:\/\/www.simepe.com.br\/novo\/wp-json\/wp\/v2\/users\/1"}],"replies":[{"embeddable":true,"href":"https:\/\/www.simepe.com.br\/novo\/wp-json\/wp\/v2\/comments?post=50344"}],"version-history":[{"count":1,"href":"https:\/\/www.simepe.com.br\/novo\/wp-json\/wp\/v2\/posts\/50344\/revisions"}],"predecessor-version":[{"id":50345,"href":"https:\/\/www.simepe.com.br\/novo\/wp-json\/wp\/v2\/posts\/50344\/revisions\/50345"}],"wp:attachment":[{"href":"https:\/\/www.simepe.com.br\/novo\/wp-json\/wp\/v2\/media?parent=50344"}],"wp:term":[{"taxonomy":"category","embeddable":true,"href":"https:\/\/www.simepe.com.br\/novo\/wp-json\/wp\/v2\/categories?post=50344"},{"taxonomy":"post_tag","embeddable":true,"href":"https:\/\/www.simepe.com.br\/novo\/wp-json\/wp\/v2\/tags?post=50344"}],"curies":[{"name":"wp","href":"https:\/\/api.w.org\/{rel}","templated":true}]}}