{"id":50408,"date":"2018-12-14T09:12:15","date_gmt":"2018-12-14T12:12:15","guid":{"rendered":"http:\/\/www.simepe.com.br\/novo\/?p=50408"},"modified":"2018-12-14T09:12:15","modified_gmt":"2018-12-14T12:12:15","slug":"alepe-iran-costa-detalha-acoes-da-saude","status":"publish","type":"post","link":"https:\/\/www.simepe.com.br\/novo\/alepe-iran-costa-detalha-acoes-da-saude\/","title":{"rendered":"Alepe: Iran Costa detalha a\u00e7\u00f5es da Sa\u00fade"},"content":{"rendered":"<p style=\"text-align: justify;\"><img src=\"http:\/\/portal.saude.pe.gov.br\/sites\/portal.saude.pe.gov.br\/files\/styles\/destaque_node\/public\/_mg_4966_site.jpg?itok=X8ka_b72\" alt=\"\" \/><\/p>\n<p style=\"text-align: justify;\">O secret\u00e1rio estadual de Sa\u00fade, Iran Costa, apresentou, na manh\u00e3 desta quinta-feira (13\/12), em audi\u00eancia p\u00fablica na Assembleia Legislativa de Pernambuco (Alepe), os dois \u00faltimos relat\u00f3rios de gest\u00e3o referentes aos dois primeiros quadrimestres de 2018. O encontro, que ocorreu no Plenarinho I, no Edif\u00edcio Miguel Arraes de Alencar, foi realizado pela Comiss\u00e3o de Sa\u00fade e Assist\u00eancia Social da Casa, presidida pela deputada Roberta Arraes, com a presen\u00e7a do l\u00edder do Governo, deputado Isaltino Nascimento, al\u00e9m dos deputados Rodrigo Novaes e S\u00e9rgio Leite.<\/p>\n<p style=\"text-align: justify;\">Importante instrumento de planejamento e acompanhamento da gest\u00e3o da Sa\u00fade, o material foi exposto aos \u00f3rg\u00e3os de controle, em cumprimento \u00e0 Lei Complementar Federal n\u00ba 141\/2012, cuja reda\u00e7\u00e3o determina a presta\u00e7\u00e3o de contas peri\u00f3dicas dos servi\u00e7os p\u00fablicos de sa\u00fade. Tamb\u00e9m estavam presentes os secret\u00e1rios executivos de Coordena\u00e7\u00e3o-Geral, Humberto Antunes; Aten\u00e7\u00e3o \u00e0 Sa\u00fade, Cristina Mota; Vigil\u00e2ncia em Sa\u00fade, Luciana Albuquerque; Administra\u00e7\u00e3o e Finan\u00e7as, Adelino dos Santos Neto; Regula\u00e7\u00e3o em Sa\u00fade, Andreza Barkokebas; al\u00e9m de Gest\u00e3o do Trabalho e Educa\u00e7\u00e3o em Sa\u00fade, Ricarda Samara.<\/p>\n<p style=\"text-align: justify;\">Em sua apresenta\u00e7\u00e3o, Iran Costa detalhou o percentual de aplica\u00e7\u00e3o em Sa\u00fade, total de recursos do Governo de Pernambuco com a \u00e1rea, assim como a sua distribui\u00e7\u00e3o, sendo a assist\u00eancia hospitalar e ambulatorial o maior eixo respons\u00e1vel pelos gastos, correspondendo a 85%. Em 2017, os investimentos na Sa\u00fade chegaram ao percentual de 15,16%; e em 2018, 14,02%, superando com folga o m\u00ednimo regulamentado pela Emenda Constitucional 29, \u00e9 de 12% de toda a arrecada\u00e7\u00e3o. Dessa forma, Pernambuco continua ocupando, no Nordeste, o primeiro lugar entre os estados que mais investem no setor.<\/p>\n<p style=\"text-align: justify;\">Foram apresentados tamb\u00e9m dados importantes sobre produ\u00e7\u00e3o ambulatorial, n\u00famero de internamentos na rede estadual, cobertura da Aten\u00e7\u00e3o B\u00e1sica em Pernambuco, procedimentos realizados nas Unidades Pernambucanas de Atendimento Especializado (UPAEs) e Unidades de Pronto Atendimento (UPAs), al\u00e9m de informa\u00e7\u00f5es sobre transplantes de \u00f3rg\u00e3o e a\u00e7\u00f5es de programas bem sucedidos como Sanar, Boa Vis\u00e3o e Vigil\u00e2ncia em Doen\u00e7as Sexualmente Transmiss\u00edveis. Os custos com os acidentados de moto tamb\u00e9m foi mote da audi\u00eancia, j\u00e1 que Pernambuco apresenta uma m\u00e9dia de 40 mil acidentados de transporte terrestre ao ano.<\/p>\n<p style=\"text-align: justify;\">\n<p style=\"text-align: justify;\">Fonte: Assessoria de Comunica\u00e7\u00e3o da Secretaria Estadual de Sa\u00fade (SES)<\/p>\n","protected":false},"excerpt":{"rendered":"<p>O secret\u00e1rio estadual de Sa\u00fade, Iran Costa, apresentou, na manh\u00e3 desta quinta-feira (13\/12), em audi\u00eancia p\u00fablica na Assembleia Legislativa de Pernambuco (Alepe), os dois \u00faltimos relat\u00f3rios de gest\u00e3o referentes aos dois primeiros quadrimestres de 2018. O encontro, que ocorreu no Plenarinho I, no Edif\u00edcio Miguel Arraes de Alencar, foi realizado pela Comiss\u00e3o de Sa\u00fade e [&hellip;]<\/p>\n","protected":false},"author":1,"featured_media":0,"comment_status":"open","ping_status":"open","sticky":false,"template":"","format":"standard","meta":{"ocean_post_layout":"","ocean_both_sidebars_style":"","ocean_both_sidebars_content_width":0,"ocean_both_sidebars_sidebars_width":0,"ocean_sidebar":"","ocean_second_sidebar":"","ocean_disable_margins":"enable","ocean_add_body_class":"","ocean_shortcode_before_top_bar":"","ocean_shortcode_after_top_bar":"","ocean_shortcode_before_header":"","ocean_shortcode_after_header":"","ocean_has_shortcode":"","ocean_shortcode_after_title":"","ocean_shortcode_before_footer_widgets":"","ocean_shortcode_after_footer_widgets":"","ocean_shortcode_before_footer_bottom":"","ocean_shortcode_after_footer_bottom":"","ocean_display_top_bar":"default","ocean_display_header":"default","ocean_header_style":"","ocean_center_header_left_menu":"","ocean_custom_header_template":"","ocean_custom_logo":0,"ocean_custom_retina_logo":0,"ocean_custom_logo_max_width":0,"ocean_custom_logo_tablet_max_width":0,"ocean_custom_logo_mobile_max_width":0,"ocean_custom_logo_max_height":0,"ocean_custom_logo_tablet_max_height":0,"ocean_custom_logo_mobile_max_height":0,"ocean_header_custom_menu":"","ocean_menu_typo_font_family":"","ocean_menu_typo_font_subset":"","ocean_menu_typo_font_size":0,"ocean_menu_typo_font_size_tablet":0,"ocean_menu_typo_font_size_mobile":0,"ocean_menu_typo_font_size_unit":"px","ocean_menu_typo_font_weight":"","ocean_menu_typo_font_weight_tablet":"","ocean_menu_typo_font_weight_mobile":"","ocean_menu_typo_transform":"","ocean_menu_typo_transform_tablet":"","ocean_menu_typo_transform_mobile":"","ocean_menu_typo_line_height":0,"ocean_menu_typo_line_height_tablet":0,"ocean_menu_typo_line_height_mobile":0,"ocean_menu_typo_line_height_unit":"","ocean_menu_typo_spacing":0,"ocean_menu_typo_spacing_tablet":0,"ocean_menu_typo_spacing_mobile":0,"ocean_menu_typo_spacing_unit":"","ocean_menu_link_color":"","ocean_menu_link_color_hover":"","ocean_menu_link_color_active":"","ocean_menu_link_background":"","ocean_menu_link_hover_background":"","ocean_menu_link_active_background":"","ocean_menu_social_links_bg":"","ocean_menu_social_hover_links_bg":"","ocean_menu_social_links_color":"","ocean_menu_social_hover_links_color":"","ocean_disable_title":"default","ocean_disable_heading":"default","ocean_post_title":"","ocean_post_subheading":"","ocean_post_title_style":"","ocean_post_title_background_color":"","ocean_post_title_background":0,"ocean_post_title_bg_image_position":"","ocean_post_title_bg_image_attachment":"","ocean_post_title_bg_image_repeat":"","ocean_post_title_bg_image_size":"","ocean_post_title_height":0,"ocean_post_title_bg_overlay":0.5,"ocean_post_title_bg_overlay_color":"","ocean_disable_breadcrumbs":"default","ocean_breadcrumbs_color":"","ocean_breadcrumbs_separator_color":"","ocean_breadcrumbs_links_color":"","ocean_breadcrumbs_links_hover_color":"","ocean_display_footer_widgets":"default","ocean_display_footer_bottom":"default","ocean_custom_footer_template":"","ocean_post_oembed":"","ocean_post_self_hosted_media":"","ocean_post_video_embed":"","ocean_link_format":"","ocean_link_format_target":"self","ocean_quote_format":"","ocean_quote_format_link":"post","ocean_gallery_link_images":"on","ocean_gallery_id":[]},"categories":[9],"tags":[338,82,2588,24],"acf":[],"_links":{"self":[{"href":"https:\/\/www.simepe.com.br\/novo\/wp-json\/wp\/v2\/posts\/50408"}],"collection":[{"href":"https:\/\/www.simepe.com.br\/novo\/wp-json\/wp\/v2\/posts"}],"about":[{"href":"https:\/\/www.simepe.com.br\/novo\/wp-json\/wp\/v2\/types\/post"}],"author":[{"embeddable":true,"href":"https:\/\/www.simepe.com.br\/novo\/wp-json\/wp\/v2\/users\/1"}],"replies":[{"embeddable":true,"href":"https:\/\/www.simepe.com.br\/novo\/wp-json\/wp\/v2\/comments?post=50408"}],"version-history":[{"count":1,"href":"https:\/\/www.simepe.com.br\/novo\/wp-json\/wp\/v2\/posts\/50408\/revisions"}],"predecessor-version":[{"id":50409,"href":"https:\/\/www.simepe.com.br\/novo\/wp-json\/wp\/v2\/posts\/50408\/revisions\/50409"}],"wp:attachment":[{"href":"https:\/\/www.simepe.com.br\/novo\/wp-json\/wp\/v2\/media?parent=50408"}],"wp:term":[{"taxonomy":"category","embeddable":true,"href":"https:\/\/www.simepe.com.br\/novo\/wp-json\/wp\/v2\/categories?post=50408"},{"taxonomy":"post_tag","embeddable":true,"href":"https:\/\/www.simepe.com.br\/novo\/wp-json\/wp\/v2\/tags?post=50408"}],"curies":[{"name":"wp","href":"https:\/\/api.w.org\/{rel}","templated":true}]}}