{"id":50413,"date":"2018-12-14T09:20:21","date_gmt":"2018-12-14T12:20:21","guid":{"rendered":"http:\/\/www.simepe.com.br\/novo\/?p=50413"},"modified":"2018-12-14T09:20:21","modified_gmt":"2018-12-14T12:20:21","slug":"mais-medicos-tem-66-mil-inscricoes-de-brasileiros-ou-estrangeiros-formados-no-exterior","status":"publish","type":"post","link":"https:\/\/www.simepe.com.br\/novo\/mais-medicos-tem-66-mil-inscricoes-de-brasileiros-ou-estrangeiros-formados-no-exterior\/","title":{"rendered":"Mais M\u00e9dicos tem 6,6 mil inscri\u00e7\u00f5es de brasileiros ou estrangeiros formados no exterior"},"content":{"rendered":"<p style=\"text-align: justify;\">Prazo para formados no exterior enviarem documentos para participar do processo termina na sexta (14). At\u00e9 agora, na 1\u00aa etapa do edital, 62% das 8,5 mil vagas foram preenchidas.<\/p>\n<p style=\"text-align: justify;\">O Minist\u00e9rio da Sa\u00fade informou que, at\u00e9 as 18h desta quinta-feira (13), 6.634 profissionais m\u00e9dicos brasileiros ou estrangeiros formados no exterior completaram a inscri\u00e7\u00e3o de participa\u00e7\u00e3o no Programa Mais M\u00e9dicos.<\/p>\n<p style=\"text-align: justify;\">O prazo para que formados no exterior declarem interesse em participar do programa termina na sexta-feira (14). Para esses profissionais, o governo exige uma lista com 17 documentos, entre eles, o reconhecimento da institui\u00e7\u00e3o de ensino pela representa\u00e7\u00e3o do pa\u00eds onde os profissionais obtiveram a forma\u00e7\u00e3o.<\/p>\n<p style=\"text-align: justify;\">Com essa medida, poder\u00e3o ser contratados m\u00e9dicos que n\u00e3o fizeram o Exame Nacional de Revalida\u00e7\u00e3o de Diplomas M\u00e9dicos Expedidos por Institui\u00e7\u00f5es de Educa\u00e7\u00e3o Superior Estrangeira, conhecido como Revalida.<\/p>\n<p style=\"text-align: justify;\">O chamado para m\u00e9dicos no exterior \u00e9 a segunda fase da sele\u00e7\u00e3o de m\u00e9dicos para substituir os cubanos que deixaram o programa. De acordo com o governo de Cuba, nesta quinta chegou ao pa\u00eds o \u00faltimo grupo de m\u00e9dicos que ainda atuava no Brasil.<\/p>\n<p style=\"text-align: justify;\"><strong>Cronograma da 2\u00aa etapa de sele\u00e7\u00e3o<\/strong><br \/>\nDia 14 \u2013 \u00daltimo dia para os profissionais com registro no pa\u00eds inscritos no primeiro edital se apresentarem nos munic\u00edpios<\/p>\n<p style=\"text-align: justify;\">Dia 17\u2013 Ser\u00e1 feito um balan\u00e7o das vagas dispon\u00edveis, o que soma as desist\u00eancias e as aquelas que n\u00e3o tiveram procura<\/p>\n<p style=\"text-align: justify;\">Dia 18 e 19 \u2013 Os profissionais com registro no pa\u00eds ter\u00e3o nova oportunidade para se inscrever no programa e escolher os munic\u00edpios dispon\u00edveis.<\/p>\n<p style=\"text-align: justify;\">Dias 20 a 22 \u2013 Os m\u00e9dicos brasileiros formados no exterior e sem registro no pa\u00eds que tenham a inscri\u00e7\u00e3o previamente validada poder\u00e3o escolher os munic\u00edpios remanescentes<\/p>\n<p style=\"text-align: justify;\">Dias 26 a 28 \u2013 Os estrangeiros formados no exterior e sem registro no pa\u00eds, que tenham a inscri\u00e7\u00e3o previamente validada, poder\u00e3o escolher as vagas remanescentes<\/p>\n<p style=\"text-align: justify;\"><strong>Apresenta\u00e7\u00e3o nas cidades<\/strong><br \/>\nO minist\u00e9rio divulgou ainda um balan\u00e7o da primeira fase do edital, na qual a pasta buscava preencher 8.517 vagas com profissionais com registro (CRM) no Brasil. At\u00e9 agora, 5.352 m\u00e9dicos compareceram ou iniciaram as atividades nas localidades. O \u00edndice representa 62% de ocupa\u00e7\u00e3o efetiva das vagas. Os profissionais t\u00eam at\u00e9 esta sexta-feira (14) para apresenta\u00e7\u00e3o nas cidades selecionadas.<\/p>\n<p style=\"text-align: justify;\">\n<p style=\"text-align: justify;\">Fonte: G1<\/p>\n","protected":false},"excerpt":{"rendered":"<p>Prazo para formados no exterior enviarem documentos para participar do processo termina na sexta (14). At\u00e9 agora, na 1\u00aa etapa do edital, 62% das 8,5 mil vagas foram preenchidas. O Minist\u00e9rio da Sa\u00fade informou que, at\u00e9 as 18h desta quinta-feira (13), 6.634 profissionais m\u00e9dicos brasileiros ou estrangeiros formados no exterior completaram a inscri\u00e7\u00e3o de participa\u00e7\u00e3o [&hellip;]<\/p>\n","protected":false},"author":1,"featured_media":50414,"comment_status":"open","ping_status":"open","sticky":false,"template":"","format":"standard","meta":{"ocean_post_layout":"","ocean_both_sidebars_style":"","ocean_both_sidebars_content_width":0,"ocean_both_sidebars_sidebars_width":0,"ocean_sidebar":"","ocean_second_sidebar":"","ocean_disable_margins":"enable","ocean_add_body_class":"","ocean_shortcode_before_top_bar":"","ocean_shortcode_after_top_bar":"","ocean_shortcode_before_header":"","ocean_shortcode_after_header":"","ocean_has_shortcode":"","ocean_shortcode_after_title":"","ocean_shortcode_before_footer_widgets":"","ocean_shortcode_after_footer_widgets":"","ocean_shortcode_before_footer_bottom":"","ocean_shortcode_after_footer_bottom":"","ocean_display_top_bar":"default","ocean_display_header":"default","ocean_header_style":"","ocean_center_header_left_menu":"","ocean_custom_header_template":"","ocean_custom_logo":0,"ocean_custom_retina_logo":0,"ocean_custom_logo_max_width":0,"ocean_custom_logo_tablet_max_width":0,"ocean_custom_logo_mobile_max_width":0,"ocean_custom_logo_max_height":0,"ocean_custom_logo_tablet_max_height":0,"ocean_custom_logo_mobile_max_height":0,"ocean_header_custom_menu":"","ocean_menu_typo_font_family":"","ocean_menu_typo_font_subset":"","ocean_menu_typo_font_size":0,"ocean_menu_typo_font_size_tablet":0,"ocean_menu_typo_font_size_mobile":0,"ocean_menu_typo_font_size_unit":"px","ocean_menu_typo_font_weight":"","ocean_menu_typo_font_weight_tablet":"","ocean_menu_typo_font_weight_mobile":"","ocean_menu_typo_transform":"","ocean_menu_typo_transform_tablet":"","ocean_menu_typo_transform_mobile":"","ocean_menu_typo_line_height":0,"ocean_menu_typo_line_height_tablet":0,"ocean_menu_typo_line_height_mobile":0,"ocean_menu_typo_line_height_unit":"","ocean_menu_typo_spacing":0,"ocean_menu_typo_spacing_tablet":0,"ocean_menu_typo_spacing_mobile":0,"ocean_menu_typo_spacing_unit":"","ocean_menu_link_color":"","ocean_menu_link_color_hover":"","ocean_menu_link_color_active":"","ocean_menu_link_background":"","ocean_menu_link_hover_background":"","ocean_menu_link_active_background":"","ocean_menu_social_links_bg":"","ocean_menu_social_hover_links_bg":"","ocean_menu_social_links_color":"","ocean_menu_social_hover_links_color":"","ocean_disable_title":"default","ocean_disable_heading":"default","ocean_post_title":"","ocean_post_subheading":"","ocean_post_title_style":"","ocean_post_title_background_color":"","ocean_post_title_background":0,"ocean_post_title_bg_image_position":"","ocean_post_title_bg_image_attachment":"","ocean_post_title_bg_image_repeat":"","ocean_post_title_bg_image_size":"","ocean_post_title_height":0,"ocean_post_title_bg_overlay":0.5,"ocean_post_title_bg_overlay_color":"","ocean_disable_breadcrumbs":"default","ocean_breadcrumbs_color":"","ocean_breadcrumbs_separator_color":"","ocean_breadcrumbs_links_color":"","ocean_breadcrumbs_links_hover_color":"","ocean_display_footer_widgets":"default","ocean_display_footer_bottom":"default","ocean_custom_footer_template":"","ocean_post_oembed":"","ocean_post_self_hosted_media":"","ocean_post_video_embed":"","ocean_link_format":"","ocean_link_format_target":"self","ocean_quote_format":"","ocean_quote_format_link":"post","ocean_gallery_link_images":"on","ocean_gallery_id":[]},"categories":[9],"tags":[422,1232,75,460,1577,82],"acf":[],"_links":{"self":[{"href":"https:\/\/www.simepe.com.br\/novo\/wp-json\/wp\/v2\/posts\/50413"}],"collection":[{"href":"https:\/\/www.simepe.com.br\/novo\/wp-json\/wp\/v2\/posts"}],"about":[{"href":"https:\/\/www.simepe.com.br\/novo\/wp-json\/wp\/v2\/types\/post"}],"author":[{"embeddable":true,"href":"https:\/\/www.simepe.com.br\/novo\/wp-json\/wp\/v2\/users\/1"}],"replies":[{"embeddable":true,"href":"https:\/\/www.simepe.com.br\/novo\/wp-json\/wp\/v2\/comments?post=50413"}],"version-history":[{"count":1,"href":"https:\/\/www.simepe.com.br\/novo\/wp-json\/wp\/v2\/posts\/50413\/revisions"}],"predecessor-version":[{"id":50415,"href":"https:\/\/www.simepe.com.br\/novo\/wp-json\/wp\/v2\/posts\/50413\/revisions\/50415"}],"wp:featuredmedia":[{"embeddable":true,"href":"https:\/\/www.simepe.com.br\/novo\/wp-json\/wp\/v2\/media\/50414"}],"wp:attachment":[{"href":"https:\/\/www.simepe.com.br\/novo\/wp-json\/wp\/v2\/media?parent=50413"}],"wp:term":[{"taxonomy":"category","embeddable":true,"href":"https:\/\/www.simepe.com.br\/novo\/wp-json\/wp\/v2\/categories?post=50413"},{"taxonomy":"post_tag","embeddable":true,"href":"https:\/\/www.simepe.com.br\/novo\/wp-json\/wp\/v2\/tags?post=50413"}],"curies":[{"name":"wp","href":"https:\/\/api.w.org\/{rel}","templated":true}]}}