{"id":50426,"date":"2018-12-14T09:41:37","date_gmt":"2018-12-14T12:41:37","guid":{"rendered":"http:\/\/www.simepe.com.br\/novo\/?p=50426"},"modified":"2018-12-14T09:41:37","modified_gmt":"2018-12-14T12:41:37","slug":"sindicato-dos-medicos-denuncia-toque-de-recolher-em-posto-de-saude-no-bairro-quintino-cunha","status":"publish","type":"post","link":"https:\/\/www.simepe.com.br\/novo\/sindicato-dos-medicos-denuncia-toque-de-recolher-em-posto-de-saude-no-bairro-quintino-cunha\/","title":{"rendered":"Sindicato dos M\u00e9dicos denuncia toque de recolher em Posto de Sa\u00fade no bairro Quintino Cunha"},"content":{"rendered":"<p style=\"text-align: justify;\">O Sindicato dos M\u00e9dicos do Cear\u00e1 recebeu, na noite dessa quarta-feira (12), den\u00fancias graves relacionadas a mais um caso de viol\u00eancia em Fortaleza. O posto de sa\u00fade George Benevides de Medeiros, localizado no bairro Quintino Cunha, est\u00e1 sob toque de recolher devido \u00e0 guerra entre fac\u00e7\u00f5es rivais que dominam a \u00e1rea. A unidade, que funciona at\u00e9 \u00e0s 19 horas, est\u00e1 sendo obrigada a encerrar as atividades \u00e0s 17 horas. Profissionais e pacientes sofrem com a inseguran\u00e7a constante no local, tendo em vista que o posto de sa\u00fade n\u00e3o conta com equipe de seguran\u00e7a, possuindo apenas um porteiro.<\/p>\n<p style=\"text-align: justify;\">Em novembro deste ano, ap\u00f3s paralisa\u00e7\u00f5es dos m\u00e9dicos da Aten\u00e7\u00e3o B\u00e1sica, solicitando seguran\u00e7a nos postos de sa\u00fade, a Prefeitura n\u00e3o atendeu aos apelos do Sindicato para que as equipes de seguran\u00e7a retornassem \u00e0s unidades. Durante a reuni\u00e3o, o prefeito prop\u00f4s que apenas 10 das 112 unidades de aten\u00e7\u00e3o b\u00e1sica fossem contempladas com seguran\u00e7a, sendo selecionadas, segundo ele, pelo crit\u00e9rio do n\u00famero de registros de ocorr\u00eancias criminosas. Assim, 102 postos de sa\u00fade de Fortaleza seguiriam sem seguran\u00e7a, colocando em risco a vida de m\u00e9dicos, demais profissionais da sa\u00fade e pacientes.<\/p>\n<p style=\"text-align: justify;\">Diante de mais um caso grave de viol\u00eancia, o Sindicato questionou \u00e0 Prefeitura, cuja resposta foi que \u201cTodos os profissionais j\u00e1 foram evacuados. Estamos tomando as provid\u00eancias necess\u00e1rias\u201d. A entidade enviar\u00e1, nesta quinta-feira (13), of\u00edcio ao secret\u00e1rio de Seguran\u00e7a P\u00fablica e Defesa Social do Estado (SSPDS), Andr\u00e9 Costa, solicitando reuni\u00e3o para que sejam implementadas medidas urgentes a fim de garantir a preserva\u00e7\u00e3o da vida de profissionais e pacientes. Al\u00e9m disso, a Prefeitura de Fortaleza ser\u00e1 novamente oficiada para que reveja a decis\u00e3o de que apenas 10 postos contem com equipes de seguran\u00e7a e reanalise o hor\u00e1rio de funcionamento das unidades.<\/p>\n<p style=\"text-align: justify;\"><strong>Paralisa\u00e7\u00f5es<\/strong><br \/>\nEm setembro deste ano, m\u00e9dicos e profissionais da Aten\u00e7\u00e3o B\u00e1sica de Fortaleza paralisaram as atividades nos postos de sa\u00fade e promoveram atos de protesto em frente ao Pa\u00e7o Municipal, \u00e0 sede da Secretaria Municipal de Sa\u00fade (SMS) e \u00e0 C\u00e2mara dos Vereadores. As mobiliza\u00e7\u00f5es aconteceram em virtude da in\u00e9rcia da Prefeitura diante do Of\u00edcio n\u00b0 083\/2018, enviado pelo Sindicato dos M\u00e9dicos, em 20 de julho, no qual foram dispostas importantes pautas relacionadas, sobretudo, \u00e0 inseguran\u00e7a nas unidades de sa\u00fade, locais de constantes atos de viol\u00eancia contra profissionais e pacientes.<\/p>\n<p style=\"text-align: justify;\"><strong>Sa\u00fade precisa de seguran\u00e7a<\/strong><br \/>\nA importante mobiliza\u00e7\u00e3o ganhou for\u00e7a \u00e0 medida que a Prefeitura n\u00e3o apresentou proposta sobre a pauta de reivindica\u00e7\u00f5es da categoria, a despeito das in\u00fameras tentativas de negocia\u00e7\u00e3o dos profissionais com a gest\u00e3o, via atua\u00e7\u00e3o do Sindicato, por meio do di\u00e1logo propositivo, mobiliza\u00e7\u00f5es e a\u00e7\u00f5es da Campanha Sa\u00fade Precisa de Seguran\u00e7a, cujo objetivo \u00e9 alertar as autoridades e a sociedade sobre a inseguran\u00e7a de pacientes e m\u00e9dicos no exerc\u00edcio da profiss\u00e3o. Inclusive, ciente da gravidade da situa\u00e7\u00e3o, o Sindicato solicitou, em julho de 2017, \u00e0 Secretaria de Seguran\u00e7a P\u00fablica e Defesa Social do Estado (SSPDS), a inclus\u00e3o de unidades de sa\u00fade \u2013 com recorrentes casos de viol\u00eancia registrados \u2013 no Programa \u201cCear\u00e1 Pac\u00edfico\u201d.<\/p>\n<p style=\"text-align: justify;\">\n<p style=\"text-align: justify;\">Fonte: Assessoria de Comunica\u00e7\u00e3o do Sindicato dos M\u00e9dicos do Cear\u00e1 (Simec)<\/p>\n","protected":false},"excerpt":{"rendered":"<p>O Sindicato dos M\u00e9dicos do Cear\u00e1 recebeu, na noite dessa quarta-feira (12), den\u00fancias graves relacionadas a mais um caso de viol\u00eancia em Fortaleza. O posto de sa\u00fade George Benevides de Medeiros, localizado no bairro Quintino Cunha, est\u00e1 sob toque de recolher devido \u00e0 guerra entre fac\u00e7\u00f5es rivais que dominam a \u00e1rea. A unidade, que funciona [&hellip;]<\/p>\n","protected":false},"author":1,"featured_media":50427,"comment_status":"open","ping_status":"open","sticky":false,"template":"","format":"standard","meta":{"ocean_post_layout":"","ocean_both_sidebars_style":"","ocean_both_sidebars_content_width":0,"ocean_both_sidebars_sidebars_width":0,"ocean_sidebar":"","ocean_second_sidebar":"","ocean_disable_margins":"enable","ocean_add_body_class":"","ocean_shortcode_before_top_bar":"","ocean_shortcode_after_top_bar":"","ocean_shortcode_before_header":"","ocean_shortcode_after_header":"","ocean_has_shortcode":"","ocean_shortcode_after_title":"","ocean_shortcode_before_footer_widgets":"","ocean_shortcode_after_footer_widgets":"","ocean_shortcode_before_footer_bottom":"","ocean_shortcode_after_footer_bottom":"","ocean_display_top_bar":"default","ocean_display_header":"default","ocean_header_style":"","ocean_center_header_left_menu":"","ocean_custom_header_template":"","ocean_custom_logo":0,"ocean_custom_retina_logo":0,"ocean_custom_logo_max_width":0,"ocean_custom_logo_tablet_max_width":0,"ocean_custom_logo_mobile_max_width":0,"ocean_custom_logo_max_height":0,"ocean_custom_logo_tablet_max_height":0,"ocean_custom_logo_mobile_max_height":0,"ocean_header_custom_menu":"","ocean_menu_typo_font_family":"","ocean_menu_typo_font_subset":"","ocean_menu_typo_font_size":0,"ocean_menu_typo_font_size_tablet":0,"ocean_menu_typo_font_size_mobile":0,"ocean_menu_typo_font_size_unit":"px","ocean_menu_typo_font_weight":"","ocean_menu_typo_font_weight_tablet":"","ocean_menu_typo_font_weight_mobile":"","ocean_menu_typo_transform":"","ocean_menu_typo_transform_tablet":"","ocean_menu_typo_transform_mobile":"","ocean_menu_typo_line_height":0,"ocean_menu_typo_line_height_tablet":0,"ocean_menu_typo_line_height_mobile":0,"ocean_menu_typo_line_height_unit":"","ocean_menu_typo_spacing":0,"ocean_menu_typo_spacing_tablet":0,"ocean_menu_typo_spacing_mobile":0,"ocean_menu_typo_spacing_unit":"","ocean_menu_link_color":"","ocean_menu_link_color_hover":"","ocean_menu_link_color_active":"","ocean_menu_link_background":"","ocean_menu_link_hover_background":"","ocean_menu_link_active_background":"","ocean_menu_social_links_bg":"","ocean_menu_social_hover_links_bg":"","ocean_menu_social_links_color":"","ocean_menu_social_hover_links_color":"","ocean_disable_title":"default","ocean_disable_heading":"default","ocean_post_title":"","ocean_post_subheading":"","ocean_post_title_style":"","ocean_post_title_background_color":"","ocean_post_title_background":0,"ocean_post_title_bg_image_position":"","ocean_post_title_bg_image_attachment":"","ocean_post_title_bg_image_repeat":"","ocean_post_title_bg_image_size":"","ocean_post_title_height":0,"ocean_post_title_bg_overlay":0.5,"ocean_post_title_bg_overlay_color":"","ocean_disable_breadcrumbs":"default","ocean_breadcrumbs_color":"","ocean_breadcrumbs_separator_color":"","ocean_breadcrumbs_links_color":"","ocean_breadcrumbs_links_hover_color":"","ocean_display_footer_widgets":"default","ocean_display_footer_bottom":"default","ocean_custom_footer_template":"","ocean_post_oembed":"","ocean_post_self_hosted_media":"","ocean_post_video_embed":"","ocean_link_format":"","ocean_link_format_target":"self","ocean_quote_format":"","ocean_quote_format_link":"post","ocean_gallery_link_images":"on","ocean_gallery_id":[]},"categories":[1],"tags":[],"acf":[],"_links":{"self":[{"href":"https:\/\/www.simepe.com.br\/novo\/wp-json\/wp\/v2\/posts\/50426"}],"collection":[{"href":"https:\/\/www.simepe.com.br\/novo\/wp-json\/wp\/v2\/posts"}],"about":[{"href":"https:\/\/www.simepe.com.br\/novo\/wp-json\/wp\/v2\/types\/post"}],"author":[{"embeddable":true,"href":"https:\/\/www.simepe.com.br\/novo\/wp-json\/wp\/v2\/users\/1"}],"replies":[{"embeddable":true,"href":"https:\/\/www.simepe.com.br\/novo\/wp-json\/wp\/v2\/comments?post=50426"}],"version-history":[{"count":1,"href":"https:\/\/www.simepe.com.br\/novo\/wp-json\/wp\/v2\/posts\/50426\/revisions"}],"predecessor-version":[{"id":50428,"href":"https:\/\/www.simepe.com.br\/novo\/wp-json\/wp\/v2\/posts\/50426\/revisions\/50428"}],"wp:featuredmedia":[{"embeddable":true,"href":"https:\/\/www.simepe.com.br\/novo\/wp-json\/wp\/v2\/media\/50427"}],"wp:attachment":[{"href":"https:\/\/www.simepe.com.br\/novo\/wp-json\/wp\/v2\/media?parent=50426"}],"wp:term":[{"taxonomy":"category","embeddable":true,"href":"https:\/\/www.simepe.com.br\/novo\/wp-json\/wp\/v2\/categories?post=50426"},{"taxonomy":"post_tag","embeddable":true,"href":"https:\/\/www.simepe.com.br\/novo\/wp-json\/wp\/v2\/tags?post=50426"}],"curies":[{"name":"wp","href":"https:\/\/api.w.org\/{rel}","templated":true}]}}