{"id":50432,"date":"2018-12-14T09:44:29","date_gmt":"2018-12-14T12:44:29","guid":{"rendered":"http:\/\/www.simepe.com.br\/novo\/?p=50432"},"modified":"2018-12-14T09:44:29","modified_gmt":"2018-12-14T12:44:29","slug":"14-de-dezembro-dia-do-medico-alergista","status":"publish","type":"post","link":"https:\/\/www.simepe.com.br\/novo\/14-de-dezembro-dia-do-medico-alergista\/","title":{"rendered":"14 de dezembro \u2013 Dia do M\u00e9dico Alergista"},"content":{"rendered":"<p style=\"text-align: justify;\">14 de dezembro \u00e9 o dia do M\u00e9dico Alergista, per\u00edodo que coincide com a funda\u00e7\u00e3o da Associa\u00e7\u00e3o Brasileira de Alergia e Imunologia (ASBAI), em 1946. As doen\u00e7as al\u00e9rgicas podem aparecer em qualquer idade e fatores heredit\u00e1rios exercem um papel chave no seu desenvolvimento. O filho de um paciente com qualquer tipo de doen\u00e7a al\u00e9rgica tem risco de 48% de apresentar alguma doen\u00e7a al\u00e9rgica, subindo para 70% caso os dois pais sejam al\u00e9rgicos.<\/p>\n<p style=\"text-align: justify;\">O m\u00e9dico Alergista prepara-se para a preven\u00e7\u00e3o, o diagn\u00f3stico e tratamento dos problemas relacionados ao sistema imunol\u00f3gico, como as doen\u00e7as al\u00e9rgicas, a asma, as defici\u00eancias imunol\u00f3gicas cong\u00eanitas, as doen\u00e7as autoimunes, entre outras. Ao contr\u00e1rio do resfriado comum, uma doen\u00e7a al\u00e9rgica n\u00e3o \u00e9 uma condi\u00e7\u00e3o passageira, pela qual o paciente passar\u00e1 inc\u00f3lume. A ajuda m\u00e9dica contribui para reduzir a frequ\u00eancia com a qual os pacientes precisam ficar em casa, sem ir \u00e0 escola ou ao trabalho, devido aos sintomas al\u00e9rgicos.<\/p>\n<p style=\"text-align: justify;\">Estudos revelam que pacientes em acompanhamento com um m\u00e9dico Alergista apresentam menor necessidade de procurar atendimento em pronto socorro, al\u00e9m de aprenderem a conviver com a doen\u00e7a al\u00e9rgica.<\/p>\n<p style=\"text-align: justify;\">Os tipos mais comuns de rea\u00e7\u00f5es al\u00e9rgicas s\u00e3o rinite al\u00e9rgica, asma, sinusite e otite m\u00e9dia, dermatite at\u00f3pica, anafilaxia, dentre outras.<\/p>\n<p style=\"text-align: justify;\">\u2013 Rinite Al\u00e9rgica: estima-se que nos Estados Unidos, 35 milh\u00f5es de pessoas sofram desse tipo de doen\u00e7a al\u00e9rgica. Ela se caracteriza por sintomas como espirros, congest\u00e3o nasal, coceira e coriza, al\u00e9m de lacrimejamento, vermelhid\u00e3o e coceira nos olhos.<\/p>\n<p style=\"text-align: justify;\">\u2013 Asma: doen\u00e7a pulmonar cr\u00f4nica, caracterizada por tosse, opress\u00e3o tor\u00e1cica, dificuldade para respirar e chiadeira tor\u00e1cica. Afeta mais de 17 milh\u00f5es de norte-americanos, com tend\u00eancia a aumento a cada ano. Os sintomas de asma podem ser desencadeados por al\u00e9rgicos ou outros est\u00edmulos n\u00e3o-al\u00e9rgicos, como infec\u00e7\u00f5es do sistema respirat\u00f3rio, ar frio e fuma\u00e7a do tabaco.<\/p>\n<p style=\"text-align: justify;\">\u2013 Sinusite e otite m\u00e9dia: s\u00e3o infec\u00e7\u00f5es comuns, frequentemente desencadeadas por rinite al\u00e9rgica. A sinusite \u00e9 a inflama\u00e7\u00e3o dos seios paranasais, os quais s\u00e3o cavidades vazias preenchidas por ar, nos ossos da face, encontradas ao lado do nariz, na testa e entre os olhos. A sinusite afeta boa parte da popula\u00e7\u00e3o. A otite m\u00e9dia \u2013 ou infec\u00e7\u00e3o comum dos ouvidos \u2013 \u00e9 uma das infec\u00e7\u00f5es infantis que mais comumente leva \u00e0 necessidade de atendimento m\u00e9dico.<\/p>\n<p style=\"text-align: justify;\">\u2013 Dermatite at\u00f3pica: tamb\u00e9m chamada de eczema, caracteriza-se por sintomas relacionados \u00e0 pele, como coceira, vermelhid\u00e3o, descama\u00e7\u00e3o da pele. Essas les\u00f5es s\u00e3o comumente encontradas em crian\u00e7as pequenas, mas podem ocorrer mais tardiamente, em indiv\u00edduos com hist\u00f3ria pessoal ou familiar de atopia, ou seja, asma ou rinite al\u00e9rgica.<\/p>\n<p style=\"text-align: justify;\">\u2013 Urtic\u00e1ria: s\u00e3o les\u00f5es de pele caracterizadas por coceira, protuber\u00e2ncias avermelhadas que surgem na superf\u00edcie da pele. Podem ocorrer em grupos, apresentando tamanho vari\u00e1vel. Al\u00e9m disso, pode ser cr\u00f4nica (aparecendo e desaparecendo sem motivo) ou aguda. Os desencadeantes da urtic\u00e1ria costumam ser infec\u00e7\u00e3o e ingest\u00e3o de alimentos ou medicamentos.<\/p>\n<p style=\"text-align: justify;\">\u2013 Anafilaxia: \u00e9 uma rea\u00e7\u00e3o al\u00e9rgica sist\u00eamica grave, geralmente causada por subst\u00e2ncias injetadas ou ingeridas, incluindo alimentos e medica\u00e7\u00f5es, picadas de insetos e l\u00e1tex. Os sintomas podem incluir sensa\u00e7\u00e3o de calor, rubor, formigamento na boca, les\u00f5es cut\u00e2neas avermelhadas e com coceira importante, sensa\u00e7\u00e3o de fraqueza e desmaio, \u201cfalta de ar\u201d, cheira tor\u00e1cica, nervosismo, c\u00f3licas abdominais, v\u00f4mitos e diarr\u00e9ia. Nos casos mais graves, pode levar \u00e0 queda da press\u00e3o arterial, com perda da consci\u00eancia (desmaio). Pode ser fatal, caso n\u00e3o seja tratada a tempo. Trata-se de uma emerg\u00eancia m\u00e9dica.<\/p>\n<p style=\"text-align: justify;\">Fonte: Assessoria de Comunica\u00e7\u00e3o do Sindicato dos M\u00e9dicos do\u00a0Estado de Santa Catarina (Simesc)<\/p>\n","protected":false},"excerpt":{"rendered":"<p>14 de dezembro \u00e9 o dia do M\u00e9dico Alergista, per\u00edodo que coincide com a funda\u00e7\u00e3o da Associa\u00e7\u00e3o Brasileira de Alergia e Imunologia (ASBAI), em 1946. As doen\u00e7as al\u00e9rgicas podem aparecer em qualquer idade e fatores heredit\u00e1rios exercem um papel chave no seu desenvolvimento. O filho de um paciente com qualquer tipo de doen\u00e7a al\u00e9rgica tem [&hellip;]<\/p>\n","protected":false},"author":1,"featured_media":50433,"comment_status":"open","ping_status":"open","sticky":false,"template":"","format":"standard","meta":{"ocean_post_layout":"","ocean_both_sidebars_style":"","ocean_both_sidebars_content_width":0,"ocean_both_sidebars_sidebars_width":0,"ocean_sidebar":"","ocean_second_sidebar":"","ocean_disable_margins":"enable","ocean_add_body_class":"","ocean_shortcode_before_top_bar":"","ocean_shortcode_after_top_bar":"","ocean_shortcode_before_header":"","ocean_shortcode_after_header":"","ocean_has_shortcode":"","ocean_shortcode_after_title":"","ocean_shortcode_before_footer_widgets":"","ocean_shortcode_after_footer_widgets":"","ocean_shortcode_before_footer_bottom":"","ocean_shortcode_after_footer_bottom":"","ocean_display_top_bar":"default","ocean_display_header":"default","ocean_header_style":"","ocean_center_header_left_menu":"","ocean_custom_header_template":"","ocean_custom_logo":0,"ocean_custom_retina_logo":0,"ocean_custom_logo_max_width":0,"ocean_custom_logo_tablet_max_width":0,"ocean_custom_logo_mobile_max_width":0,"ocean_custom_logo_max_height":0,"ocean_custom_logo_tablet_max_height":0,"ocean_custom_logo_mobile_max_height":0,"ocean_header_custom_menu":"","ocean_menu_typo_font_family":"","ocean_menu_typo_font_subset":"","ocean_menu_typo_font_size":0,"ocean_menu_typo_font_size_tablet":0,"ocean_menu_typo_font_size_mobile":0,"ocean_menu_typo_font_size_unit":"px","ocean_menu_typo_font_weight":"","ocean_menu_typo_font_weight_tablet":"","ocean_menu_typo_font_weight_mobile":"","ocean_menu_typo_transform":"","ocean_menu_typo_transform_tablet":"","ocean_menu_typo_transform_mobile":"","ocean_menu_typo_line_height":0,"ocean_menu_typo_line_height_tablet":0,"ocean_menu_typo_line_height_mobile":0,"ocean_menu_typo_line_height_unit":"","ocean_menu_typo_spacing":0,"ocean_menu_typo_spacing_tablet":0,"ocean_menu_typo_spacing_mobile":0,"ocean_menu_typo_spacing_unit":"","ocean_menu_link_color":"","ocean_menu_link_color_hover":"","ocean_menu_link_color_active":"","ocean_menu_link_background":"","ocean_menu_link_hover_background":"","ocean_menu_link_active_background":"","ocean_menu_social_links_bg":"","ocean_menu_social_hover_links_bg":"","ocean_menu_social_links_color":"","ocean_menu_social_hover_links_color":"","ocean_disable_title":"default","ocean_disable_heading":"default","ocean_post_title":"","ocean_post_subheading":"","ocean_post_title_style":"","ocean_post_title_background_color":"","ocean_post_title_background":0,"ocean_post_title_bg_image_position":"","ocean_post_title_bg_image_attachment":"","ocean_post_title_bg_image_repeat":"","ocean_post_title_bg_image_size":"","ocean_post_title_height":0,"ocean_post_title_bg_overlay":0.5,"ocean_post_title_bg_overlay_color":"","ocean_disable_breadcrumbs":"default","ocean_breadcrumbs_color":"","ocean_breadcrumbs_separator_color":"","ocean_breadcrumbs_links_color":"","ocean_breadcrumbs_links_hover_color":"","ocean_display_footer_widgets":"default","ocean_display_footer_bottom":"default","ocean_custom_footer_template":"","ocean_post_oembed":"","ocean_post_self_hosted_media":"","ocean_post_video_embed":"","ocean_link_format":"","ocean_link_format_target":"self","ocean_quote_format":"","ocean_quote_format_link":"post","ocean_gallery_link_images":"on","ocean_gallery_id":[]},"categories":[1],"tags":[],"acf":[],"_links":{"self":[{"href":"https:\/\/www.simepe.com.br\/novo\/wp-json\/wp\/v2\/posts\/50432"}],"collection":[{"href":"https:\/\/www.simepe.com.br\/novo\/wp-json\/wp\/v2\/posts"}],"about":[{"href":"https:\/\/www.simepe.com.br\/novo\/wp-json\/wp\/v2\/types\/post"}],"author":[{"embeddable":true,"href":"https:\/\/www.simepe.com.br\/novo\/wp-json\/wp\/v2\/users\/1"}],"replies":[{"embeddable":true,"href":"https:\/\/www.simepe.com.br\/novo\/wp-json\/wp\/v2\/comments?post=50432"}],"version-history":[{"count":1,"href":"https:\/\/www.simepe.com.br\/novo\/wp-json\/wp\/v2\/posts\/50432\/revisions"}],"predecessor-version":[{"id":50434,"href":"https:\/\/www.simepe.com.br\/novo\/wp-json\/wp\/v2\/posts\/50432\/revisions\/50434"}],"wp:featuredmedia":[{"embeddable":true,"href":"https:\/\/www.simepe.com.br\/novo\/wp-json\/wp\/v2\/media\/50433"}],"wp:attachment":[{"href":"https:\/\/www.simepe.com.br\/novo\/wp-json\/wp\/v2\/media?parent=50432"}],"wp:term":[{"taxonomy":"category","embeddable":true,"href":"https:\/\/www.simepe.com.br\/novo\/wp-json\/wp\/v2\/categories?post=50432"},{"taxonomy":"post_tag","embeddable":true,"href":"https:\/\/www.simepe.com.br\/novo\/wp-json\/wp\/v2\/tags?post=50432"}],"curies":[{"name":"wp","href":"https:\/\/api.w.org\/{rel}","templated":true}]}}