{"id":50517,"date":"2018-12-20T08:42:55","date_gmt":"2018-12-20T11:42:55","guid":{"rendered":"http:\/\/www.simepe.com.br\/novo\/?p=50517"},"modified":"2018-12-20T08:42:55","modified_gmt":"2018-12-20T11:42:55","slug":"quedas-em-idosos-um-problema-de-saude-publica","status":"publish","type":"post","link":"https:\/\/www.simepe.com.br\/novo\/quedas-em-idosos-um-problema-de-saude-publica\/","title":{"rendered":"Quedas em idosos: um problema de sa\u00fade p\u00fablica"},"content":{"rendered":"<p style=\"text-align: justify;\">Independentemente da idade, todas as pessoas correm o risco de cair. Por\u00e9m, para a pessoa idosa, uma queda pode representar um problema grave, levando inclusive a limita\u00e7\u00f5es funcionais que antes n\u00e3o existiam. Assim, um idoso que era ativo passa a depender de cuidados de outras pessoas.<\/p>\n<p style=\"text-align: justify;\">Entre as consequ\u00eancias das quedas, a fratura de f\u00eamur \u00e9 uma das mais graves nas pessoas acima de 60 anos. Por ser o maior osso do corpo humano, esse rompimento pode causar perda da funcionalidade e aumento da mortalidade na popula\u00e7\u00e3o idosa.<\/p>\n<p style=\"text-align: justify;\">S\u00e3o v\u00e1rias as causas relacionadas a quedas. H\u00e1 fatores pr\u00f3prios da pessoa, como a perda da massa muscular, e quest\u00f5es do ambiente, como uma cal\u00e7ada quebrada ou um tapete solto.<\/p>\n<p style=\"text-align: justify;\">O consultor t\u00e9cnico da Coordena\u00e7\u00e3o de Sa\u00fade da Pessoa Idosa do Minist\u00e9rio da Sa\u00fade Wendel Pimentel explica que a preven\u00e7\u00e3o deve envolver gestores p\u00fablicos, profissionais de sa\u00fade e a popula\u00e7\u00e3o.<\/p>\n<p style=\"text-align: justify;\">\u201cA preval\u00eancia de quedas \u00e9 alta e os fatores associados s\u00e3o multidimensionais. Ou seja, s\u00e3o problemas relacionados \u00e0 sa\u00fade dos idosos ou a quest\u00f5es ambientais, o que nos mostra a import\u00e2ncia da realiza\u00e7\u00e3o de a\u00e7\u00f5es de preven\u00e7\u00e3o que v\u00e3o al\u00e9m do setor da sa\u00fade. \u00c9 preciso entender que as quedas em pessoas idosas n\u00e3o s\u00e3o uma situa\u00e7\u00e3o normal. Ao contr\u00e1rio, elas podem sinalizar que algo n\u00e3o est\u00e1 bem na sa\u00fade dos idosos, ou no ambiente em que eles vivem. Por isso, \u00e9 importante \u00e0 aten\u00e7\u00e3o por parte de gestores, profissionais de sa\u00fade, familiares, pessoas idosas e sociedade em geral, para o assunto\u201d, alerta.<\/p>\n<p style=\"text-align: justify;\"><strong>Fatores associados<\/strong><br \/>\nUm dos respons\u00e1veis pelo Estudo Longitudinal da Sa\u00fade dos Idosos Brasileiros (ELSI-Brasil), que analisou a preval\u00eancia e os fatores associados a quedas entre idosos brasileiros em \u00e1reas urbanas, Pimentel ressalta que os resultados encontrados s\u00e3o preocupantes. O ELSI-Brasil mostrou que entre 4.174 idosos 25% j\u00e1 tiveram uma queda. A maior ocorr\u00eancia foi em mulheres a partir dos 75 anos. O estudo foi financiado pelos minist\u00e9rios da Sa\u00fade e da Ci\u00eancia, Tecnologia, Inova\u00e7\u00e3o e Comunica\u00e7\u00e3o,<\/p>\n<p style=\"text-align: justify;\">De acordo com o estudo, os principais fatores associados a quedas, al\u00e9m do aumento da idade e do g\u00eanero, s\u00e3o:<\/p>\n<p style=\"text-align: justify;\">&#8211; Medo de cair devido a defeitos nos passeios;<br \/>\n&#8211; Medo de atravessar a rua;<br \/>\n&#8211; Artrite ou reumatismo;<br \/>\n&#8211; Depress\u00e3o;<br \/>\n&#8211; Diabetes.<\/p>\n<p style=\"text-align: justify;\">Pimentel esclarece que os fatores associados a queda de uma pessoa idosa devem ser observados com cuidado. \u201cNo caso da diabetes, complica\u00e7\u00f5es como a diminui\u00e7\u00e3o da vis\u00e3o podem levar os idosos a diminuir suas atividades e aumentar as chances de cair. Outro fato curioso \u00e9 a maior ocorr\u00eancia de quedas entres aqueles que relataram medo de cair por defeitos nos passeios e medo de atravessar a rua. Por isso, a import\u00e2ncia da integralidade no planejamento de medidas preventivas, que verifique, al\u00e9m de quest\u00f5es ambientais, tamb\u00e9m problemas relacionados \u00e0 sa\u00fade das pessoas idosas\u201d, esclarece.<\/p>\n<p style=\"text-align: justify;\"><strong>Como prevenir quedas<\/strong><br \/>\nPara evitar quedas, a pessoa idosa deve adotar cuidados com a pr\u00f3pria sa\u00fade, como praticar atividade f\u00edsica de fortalecimento muscular e equil\u00edbrio e fazer um acompanhamento regular da sa\u00fade integral da pessoa idosa, para identificar problemas relacionados, como diabetes e outros fatores associados.<\/p>\n<p style=\"text-align: justify;\">Para evitar quedas em casa, a Caderneta de Sa\u00fade da Pessoa Idosa lista 11 medidas de preven\u00e7\u00e3o de quedas:<\/p>\n<p style=\"text-align: justify;\">1. Evitar tapetes soltos<br \/>\n2. Escadas e corredores devem ter corrim\u00e3o nos dois lados<br \/>\n3. Usar sapatos fechados com solado de borracha<br \/>\n4. Colocar tapete antiderrapante no banheiro<br \/>\n5. Evitar andar em \u00e1reas com piso \u00famido<br \/>\n6. Evitar encerar a casa<br \/>\n7. Evitar m\u00f3veis e objetos espalhados pela casa<br \/>\n8. Deixar uma luz acesa \u00e0 noite, para o caso de precisar se levantar<br \/>\n9. Esperar que o \u00f4nibus pare completamente para voc\u00ea subir ou descer<br \/>\n10. Utilizar sempre a faixa de pedestre<br \/>\n11. Se necess\u00e1rio, usar bengalas, muletas ou outros instrumentos de apoio.<\/p>\n<p style=\"text-align: justify;\">\nA Caderneta de Sa\u00fade da Pessoa Idosa orienta uma maior aten\u00e7\u00e3o \u00e0 seguran\u00e7a dentro de casa. A maioria das quedas que ocasionam incapacidade permanente ocorre dentro de casa. A caderneta explica como identificar o risco de queda, as consequ\u00eancias para a sa\u00fade do idoso e orienta para a preven\u00e7\u00e3o, com ilustra\u00e7\u00f5es.<\/p>\n<p style=\"text-align: justify;\">\n<p style=\"text-align: justify;\">Fonte: Blog da Sa\u00fade (Minist\u00e9rio da Sa\u00fade)<\/p>\n","protected":false},"excerpt":{"rendered":"<p>Independentemente da idade, todas as pessoas correm o risco de cair. Por\u00e9m, para a pessoa idosa, uma queda pode representar um problema grave, levando inclusive a limita\u00e7\u00f5es funcionais que antes n\u00e3o existiam. Assim, um idoso que era ativo passa a depender de cuidados de outras pessoas. Entre as consequ\u00eancias das quedas, a fratura de f\u00eamur [&hellip;]<\/p>\n","protected":false},"author":1,"featured_media":50518,"comment_status":"open","ping_status":"open","sticky":false,"template":"","format":"standard","meta":{"ocean_post_layout":"","ocean_both_sidebars_style":"","ocean_both_sidebars_content_width":0,"ocean_both_sidebars_sidebars_width":0,"ocean_sidebar":"","ocean_second_sidebar":"","ocean_disable_margins":"enable","ocean_add_body_class":"","ocean_shortcode_before_top_bar":"","ocean_shortcode_after_top_bar":"","ocean_shortcode_before_header":"","ocean_shortcode_after_header":"","ocean_has_shortcode":"","ocean_shortcode_after_title":"","ocean_shortcode_before_footer_widgets":"","ocean_shortcode_after_footer_widgets":"","ocean_shortcode_before_footer_bottom":"","ocean_shortcode_after_footer_bottom":"","ocean_display_top_bar":"default","ocean_display_header":"default","ocean_header_style":"","ocean_center_header_left_menu":"","ocean_custom_header_template":"","ocean_custom_logo":0,"ocean_custom_retina_logo":0,"ocean_custom_logo_max_width":0,"ocean_custom_logo_tablet_max_width":0,"ocean_custom_logo_mobile_max_width":0,"ocean_custom_logo_max_height":0,"ocean_custom_logo_tablet_max_height":0,"ocean_custom_logo_mobile_max_height":0,"ocean_header_custom_menu":"","ocean_menu_typo_font_family":"","ocean_menu_typo_font_subset":"","ocean_menu_typo_font_size":0,"ocean_menu_typo_font_size_tablet":0,"ocean_menu_typo_font_size_mobile":0,"ocean_menu_typo_font_size_unit":"px","ocean_menu_typo_font_weight":"","ocean_menu_typo_font_weight_tablet":"","ocean_menu_typo_font_weight_mobile":"","ocean_menu_typo_transform":"","ocean_menu_typo_transform_tablet":"","ocean_menu_typo_transform_mobile":"","ocean_menu_typo_line_height":0,"ocean_menu_typo_line_height_tablet":0,"ocean_menu_typo_line_height_mobile":0,"ocean_menu_typo_line_height_unit":"","ocean_menu_typo_spacing":0,"ocean_menu_typo_spacing_tablet":0,"ocean_menu_typo_spacing_mobile":0,"ocean_menu_typo_spacing_unit":"","ocean_menu_link_color":"","ocean_menu_link_color_hover":"","ocean_menu_link_color_active":"","ocean_menu_link_background":"","ocean_menu_link_hover_background":"","ocean_menu_link_active_background":"","ocean_menu_social_links_bg":"","ocean_menu_social_hover_links_bg":"","ocean_menu_social_links_color":"","ocean_menu_social_hover_links_color":"","ocean_disable_title":"default","ocean_disable_heading":"default","ocean_post_title":"","ocean_post_subheading":"","ocean_post_title_style":"","ocean_post_title_background_color":"","ocean_post_title_background":0,"ocean_post_title_bg_image_position":"","ocean_post_title_bg_image_attachment":"","ocean_post_title_bg_image_repeat":"","ocean_post_title_bg_image_size":"","ocean_post_title_height":0,"ocean_post_title_bg_overlay":0.5,"ocean_post_title_bg_overlay_color":"","ocean_disable_breadcrumbs":"default","ocean_breadcrumbs_color":"","ocean_breadcrumbs_separator_color":"","ocean_breadcrumbs_links_color":"","ocean_breadcrumbs_links_hover_color":"","ocean_display_footer_widgets":"default","ocean_display_footer_bottom":"default","ocean_custom_footer_template":"","ocean_post_oembed":"","ocean_post_self_hosted_media":"","ocean_post_video_embed":"","ocean_link_format":"","ocean_link_format_target":"self","ocean_quote_format":"","ocean_quote_format_link":"post","ocean_gallery_link_images":"on","ocean_gallery_id":[]},"categories":[1],"tags":[759,2753,82],"acf":[],"_links":{"self":[{"href":"https:\/\/www.simepe.com.br\/novo\/wp-json\/wp\/v2\/posts\/50517"}],"collection":[{"href":"https:\/\/www.simepe.com.br\/novo\/wp-json\/wp\/v2\/posts"}],"about":[{"href":"https:\/\/www.simepe.com.br\/novo\/wp-json\/wp\/v2\/types\/post"}],"author":[{"embeddable":true,"href":"https:\/\/www.simepe.com.br\/novo\/wp-json\/wp\/v2\/users\/1"}],"replies":[{"embeddable":true,"href":"https:\/\/www.simepe.com.br\/novo\/wp-json\/wp\/v2\/comments?post=50517"}],"version-history":[{"count":1,"href":"https:\/\/www.simepe.com.br\/novo\/wp-json\/wp\/v2\/posts\/50517\/revisions"}],"predecessor-version":[{"id":50519,"href":"https:\/\/www.simepe.com.br\/novo\/wp-json\/wp\/v2\/posts\/50517\/revisions\/50519"}],"wp:featuredmedia":[{"embeddable":true,"href":"https:\/\/www.simepe.com.br\/novo\/wp-json\/wp\/v2\/media\/50518"}],"wp:attachment":[{"href":"https:\/\/www.simepe.com.br\/novo\/wp-json\/wp\/v2\/media?parent=50517"}],"wp:term":[{"taxonomy":"category","embeddable":true,"href":"https:\/\/www.simepe.com.br\/novo\/wp-json\/wp\/v2\/categories?post=50517"},{"taxonomy":"post_tag","embeddable":true,"href":"https:\/\/www.simepe.com.br\/novo\/wp-json\/wp\/v2\/tags?post=50517"}],"curies":[{"name":"wp","href":"https:\/\/api.w.org\/{rel}","templated":true}]}}