{"id":50530,"date":"2018-12-21T07:59:10","date_gmt":"2018-12-21T10:59:10","guid":{"rendered":"http:\/\/www.simepe.com.br\/novo\/?p=50530"},"modified":"2018-12-21T07:59:10","modified_gmt":"2018-12-21T10:59:10","slug":"pernambuco-recebe-mais-de-r-66-mi-para-a-saude","status":"publish","type":"post","link":"https:\/\/www.simepe.com.br\/novo\/pernambuco-recebe-mais-de-r-66-mi-para-a-saude\/","title":{"rendered":"Pernambuco recebe mais de R$ 66 mi para a sa\u00fade"},"content":{"rendered":"<p style=\"text-align: justify;\"><img src=\"http:\/\/portal.saude.pe.gov.br\/sites\/portal.saude.pe.gov.br\/files\/styles\/destaque_node\/public\/governador_paulo_camara_em_acoes_com_o_ministerio_da_saude14.jpg?itok=KvUOb6hk\" alt=\"\" \/><\/p>\n<p style=\"text-align: justify;\">O governador Paulo C\u00e2mara e o ministro Gilberto Occhi assinaram, nesta quinta-feira (20.12), conv\u00eanios entre o Governo de Pernambuco e o Minist\u00e9rio da Sa\u00fade para o repasse de R$ 66,3 milh\u00f5es ao or\u00e7amento do Sistema \u00danico de Sa\u00fade (SUS) do Estado. Destes, R$ 40,4 milh\u00f5es ser\u00e3o destinados anualmente para a qualifica\u00e7\u00e3o da assist\u00eancia na rede de tratamento do c\u00e2ncer e nefrologia em Pernambuco. Outros R$ 19 milh\u00f5es ser\u00e3o repassados ainda este ano, em parcela \u00fanica, por emenda parlamentar, para ampliar o teto de M\u00e9dia e Alta Complexidade da Secretaria Estadual de Sa\u00fade. Na ocasi\u00e3o, tamb\u00e9m foram assinados os termos de doa\u00e7\u00e3o de ve\u00edculos adaptados para apoio aos Centros Especializados em Reabilita\u00e7\u00e3o e para o combate ao mosquito Aedes Aegypti; e anunciada a implanta\u00e7\u00e3o de 32 novas Academias de Sa\u00fade no Estado.<\/p>\n<p style=\"text-align: justify;\">\u201cHoje, junto com o ministro Gilberto Occhi, divulgamos um conjunto importante de a\u00e7\u00f5es de aten\u00e7\u00e3o b\u00e1sica aos munic\u00edpios, que envolve desde o aporte de recurso por custeio ainda em 2018, na ordem de R$ 19 milh\u00f5es, como tamb\u00e9m novos incrementos de servi\u00e7os na oncologia e nefrologia. A\u00e7\u00f5es que v\u00e3o garantir a expans\u00e3o desses servi\u00e7os essenciais, para que os tratamentos possam ocorrer para um maior de pessoas, que \u00e9 o nosso maior foco: ampliar o servi\u00e7o e melhorar, cada vez mais, a qualidade. O ministro aproveitou tamb\u00e9m para entregar ve\u00edculos, que v\u00e3o ajudar, principalmente, a combater os mosquitos Aedes Aegypti, para que n\u00e3o tenhamos outros surtos como tivemos num passado recente, seja da pr\u00f3pria dengue, seja da Chikungunya, seja do Zika V\u00edrus. Ent\u00e3o, \u00e9 um conjunto importante para come\u00e7armos 2019 com condi\u00e7\u00f5es de ampliar e melhorar nossos servi\u00e7os de sa\u00fade em todo o Estado\u201d, destacou Paulo C\u00e2mara.<\/p>\n<p style=\"text-align: justify;\">Do valor total a ser repassado por ano pelo Governo Federal ao Estado, R$ 28 milh\u00f5es ser\u00e3o aplicados em procedimentos realizados nas Unidades de Assist\u00eancia de Alta Complexidade em Oncologia (Unacon), instaladas no IMIP; Hospital de C\u00e2ncer de Pernambuco; Real Hospital Portugu\u00eas; e Hospital Dom Tom\u00e1s, em Petrolina. Al\u00e9m disso, Pernambuco ser\u00e1 contemplado com o refor\u00e7o de mais de R$ 12,4 milh\u00f5es por ano para habilita\u00e7\u00e3o do Hospital de Santo Amaro, ligado \u00e0 Santa Casa de Miseric\u00f3rdia, como unidade especializada em hemodi\u00e1lise. A verba ir\u00e1 permitir o incremento de mais de 60 m\u00e1quinas de terapia renal substitutiva, o que significa uma amplia\u00e7\u00e3o de mais de 360 vagas no tratamento aos pacientes do SUS no Estado. J\u00e1 os R$ 19 milh\u00f5es a serem recebidos em parcela \u00fanica, ser\u00e3o destinados ao custeio e manuten\u00e7\u00e3o da grande rede de urg\u00eancias e emerg\u00eancias de Alta e M\u00e9dia Complexidade do Estado. O recurso \u00e9 proveniente de emenda parlamentar do deputado federal Fernando Monteiro.<\/p>\n<p style=\"text-align: justify;\">O secret\u00e1rio estadual de Sa\u00fade, Iran Costa, explicou que os novos investimentos v\u00e3o estreitar dist\u00e2ncias e ampliar o atendimento aos pacientes pernambucanos. \u201cS\u00e3o repasses mensais que v\u00e3o possibilitar a habilita\u00e7\u00e3o de um hospital em Petrolina, onde os pacientes n\u00e3o v\u00e3o mais precisar percorrer 700 quil\u00f4metros para fazer quimioterapia. Isso d\u00e1 um afago a dois gigantes, que \u00e9 o IMIP e o Hospital do C\u00e2ncer. Os dois, juntos, atendem praticamente 70% de toda a oncologia do Estado. Ent\u00e3o \u00e9 um momento festivo\u201d, disse.<\/p>\n<p style=\"text-align: justify;\">\u201cO sentimento de quem trabalha na \u00e1rea da sa\u00fade se resume em uma \u00fanica palavra para a nossa popula\u00e7\u00e3o mais carente: esperan\u00e7a. \u00c9 dessa maneira que as pessoas buscam pelos hospitais, pelas UPAs, buscam uma unidade de sa\u00fade. \u00c9 na esperan\u00e7a de serem atendidas e serem curadas, de terem uma vida melhor. Ent\u00e3o a nossa responsabilidade \u00e9 muito grande. Espero que a gente tenha dado, hoje, uma contribui\u00e7\u00e3o ao Estado de Pernambuco, para que possamos renovar cada vez mais essa esperan\u00e7a que o povo tem em cada um de n\u00f3s. Ser\u00e1 um montante em torno de R$ 66 milh\u00f5es, no qual boa parte ser\u00e1 para o custeio do funcionamento da sa\u00fade na rede estadual\u201d, frisou o ministro Gilberto Ochhi.<\/p>\n<p style=\"text-align: justify;\"><strong>COMBATE \u00c0S ENDEMIAS<\/strong> \u2013 Durante a cerim\u00f4nia, tamb\u00e9m foi assinado os termos de doa\u00e7\u00e3o de caminhonetes Mitsubishi L200, cabine dupla, modelo 4&#215;4, para auxiliar 17 munic\u00edpios pernambucanos no combate \u00e0s endemias, principalmente, nas a\u00e7\u00f5es de combate ao mosquito Aedes Aegypti. S\u00e3o eles: Afr\u00e2nio, Agrestina, Bom Conselho, Bu\u00edque, Dormentes, Iati, Ilha de Itamarac\u00e1, Inaj\u00e1, Ipubi, Lajedo, Ouricuri, Primavera, Ribeir\u00e3o, Santa Filomena, Salo\u00e1, Serra Talhada e Tupanatinga. Os prefeitos receberam as chaves dos ve\u00edculos durante a solenidade. Na aquisi\u00e7\u00e3o dos ve\u00edculos foram investidos mais de R$ 2,1 milh\u00f5es.<\/p>\n<p style=\"text-align: justify;\"><strong>ACESSIBILIDADE<\/strong> \u2013 Pernambuco tamb\u00e9m foi beneficiado com a doa\u00e7\u00e3o de quatro ve\u00edculos adaptados para ampliar o acesso e promover a qualifica\u00e7\u00e3o dos servi\u00e7os de reabilita\u00e7\u00e3o de pacientes com defici\u00eancia atendidos pelo SUS. Receber\u00e3o os ve\u00edculos as cidades de Ipojuca (01); Limoeiro (01); e Recife (02). Para a aquisi\u00e7\u00e3o dos furg\u00f5es, o Minist\u00e9rio da Sa\u00fade investiu R$ 735,9 mil. Os carros v\u00e3o garantir o acesso da pessoa com defici\u00eancia que n\u00e3o apresentam condi\u00e7\u00f5es de mobilidade e acessibilidade aos pontos de aten\u00e7\u00e3o da Rede de Cuidados no SUS.<\/p>\n<p style=\"text-align: justify;\">O prefeito de Ipubi, Chico Siqueira, falou em nome de todos os gestores municipais presentes e agradeceu pelos investimentos anunciados. &#8220;Recebemos um presente de Natal antecipado com a vinda do ministro ao nosso Estado. Sabemos da nossa responsabilidade como prefeitos e prefeitas de buscar trabalhar ainda mais por todas as \u00e1reas, em especial a sa\u00fade. Ent\u00e3o, esta a\u00e7\u00e3o veio coroar este ano de desafios. \u00c9 um momento de gratid\u00e3o tamb\u00e9m ao governador, por sua parceria e aten\u00e7\u00e3o aos munic\u00edpios&#8221;, salientou.<\/p>\n<p style=\"text-align: justify;\"><strong>PREVEN\u00c7\u00c3O<\/strong> &#8211; Al\u00e9m disso, foi anunciada a libera\u00e7\u00e3o de R$ 4 milh\u00f5es para a constru\u00e7\u00e3o de 32 polos de Academias da Sa\u00fade em 24 munic\u00edpios de Pernambuco. S\u00e3o eles: Afr\u00e2nio (02); Bom Conselho (01); Buique (01); Carna\u00edba (01); Dormentes (01); Cortes (01); Inaj\u00e1 (01); Passira (01); Iati (01); Ipubi (01); Itamb\u00e9 (03); Ouricuri (02); Santa Filomena (02); Garanhuns (01); Jupi (01); Quipap\u00e1 (01); Feira Nova (01); Ita\u00edba (01); Sanhar\u00f3 (02); S\u00e3o Jos\u00e9 do Egito (03); \u00c1guas Belas (01); Gravat\u00e1 (01); Manar\u00ed (01); e Tupanatinga (01). Nesses locais, a popula\u00e7\u00e3o pode contar com uma infraestrutura e equipamentos adequados; e profissionais qualificados para promover pr\u00e1ticas corporais e atividade f\u00edsica, promo\u00e7\u00e3o da alimenta\u00e7\u00e3o saud\u00e1vel e educa\u00e7\u00e3o em sa\u00fade.<\/p>\n<p style=\"text-align: justify;\">\n<p style=\"text-align: justify;\">Fonte: Assessoria de Comunica\u00e7\u00e3o da SES<\/p>\n","protected":false},"excerpt":{"rendered":"<p>O governador Paulo C\u00e2mara e o ministro Gilberto Occhi assinaram, nesta quinta-feira (20.12), conv\u00eanios entre o Governo de Pernambuco e o Minist\u00e9rio da Sa\u00fade para o repasse de R$ 66,3 milh\u00f5es ao or\u00e7amento do Sistema \u00danico de Sa\u00fade (SUS) do Estado. Destes, R$ 40,4 milh\u00f5es ser\u00e3o destinados anualmente para a qualifica\u00e7\u00e3o da assist\u00eancia na rede [&hellip;]<\/p>\n","protected":false},"author":1,"featured_media":0,"comment_status":"open","ping_status":"open","sticky":false,"template":"","format":"standard","meta":{"ocean_post_layout":"","ocean_both_sidebars_style":"","ocean_both_sidebars_content_width":0,"ocean_both_sidebars_sidebars_width":0,"ocean_sidebar":"","ocean_second_sidebar":"","ocean_disable_margins":"enable","ocean_add_body_class":"","ocean_shortcode_before_top_bar":"","ocean_shortcode_after_top_bar":"","ocean_shortcode_before_header":"","ocean_shortcode_after_header":"","ocean_has_shortcode":"","ocean_shortcode_after_title":"","ocean_shortcode_before_footer_widgets":"","ocean_shortcode_after_footer_widgets":"","ocean_shortcode_before_footer_bottom":"","ocean_shortcode_after_footer_bottom":"","ocean_display_top_bar":"default","ocean_display_header":"default","ocean_header_style":"","ocean_center_header_left_menu":"","ocean_custom_header_template":"","ocean_custom_logo":0,"ocean_custom_retina_logo":0,"ocean_custom_logo_max_width":0,"ocean_custom_logo_tablet_max_width":0,"ocean_custom_logo_mobile_max_width":0,"ocean_custom_logo_max_height":0,"ocean_custom_logo_tablet_max_height":0,"ocean_custom_logo_mobile_max_height":0,"ocean_header_custom_menu":"","ocean_menu_typo_font_family":"","ocean_menu_typo_font_subset":"","ocean_menu_typo_font_size":0,"ocean_menu_typo_font_size_tablet":0,"ocean_menu_typo_font_size_mobile":0,"ocean_menu_typo_font_size_unit":"px","ocean_menu_typo_font_weight":"","ocean_menu_typo_font_weight_tablet":"","ocean_menu_typo_font_weight_mobile":"","ocean_menu_typo_transform":"","ocean_menu_typo_transform_tablet":"","ocean_menu_typo_transform_mobile":"","ocean_menu_typo_line_height":0,"ocean_menu_typo_line_height_tablet":0,"ocean_menu_typo_line_height_mobile":0,"ocean_menu_typo_line_height_unit":"","ocean_menu_typo_spacing":0,"ocean_menu_typo_spacing_tablet":0,"ocean_menu_typo_spacing_mobile":0,"ocean_menu_typo_spacing_unit":"","ocean_menu_link_color":"","ocean_menu_link_color_hover":"","ocean_menu_link_color_active":"","ocean_menu_link_background":"","ocean_menu_link_hover_background":"","ocean_menu_link_active_background":"","ocean_menu_social_links_bg":"","ocean_menu_social_hover_links_bg":"","ocean_menu_social_links_color":"","ocean_menu_social_hover_links_color":"","ocean_disable_title":"default","ocean_disable_heading":"default","ocean_post_title":"","ocean_post_subheading":"","ocean_post_title_style":"","ocean_post_title_background_color":"","ocean_post_title_background":0,"ocean_post_title_bg_image_position":"","ocean_post_title_bg_image_attachment":"","ocean_post_title_bg_image_repeat":"","ocean_post_title_bg_image_size":"","ocean_post_title_height":0,"ocean_post_title_bg_overlay":0.5,"ocean_post_title_bg_overlay_color":"","ocean_disable_breadcrumbs":"default","ocean_breadcrumbs_color":"","ocean_breadcrumbs_separator_color":"","ocean_breadcrumbs_links_color":"","ocean_breadcrumbs_links_hover_color":"","ocean_display_footer_widgets":"default","ocean_display_footer_bottom":"default","ocean_custom_footer_template":"","ocean_post_oembed":"","ocean_post_self_hosted_media":"","ocean_post_video_embed":"","ocean_link_format":"","ocean_link_format_target":"self","ocean_quote_format":"","ocean_quote_format_link":"post","ocean_gallery_link_images":"on","ocean_gallery_id":[]},"categories":[9],"tags":[411,460,82,1717],"acf":[],"_links":{"self":[{"href":"https:\/\/www.simepe.com.br\/novo\/wp-json\/wp\/v2\/posts\/50530"}],"collection":[{"href":"https:\/\/www.simepe.com.br\/novo\/wp-json\/wp\/v2\/posts"}],"about":[{"href":"https:\/\/www.simepe.com.br\/novo\/wp-json\/wp\/v2\/types\/post"}],"author":[{"embeddable":true,"href":"https:\/\/www.simepe.com.br\/novo\/wp-json\/wp\/v2\/users\/1"}],"replies":[{"embeddable":true,"href":"https:\/\/www.simepe.com.br\/novo\/wp-json\/wp\/v2\/comments?post=50530"}],"version-history":[{"count":1,"href":"https:\/\/www.simepe.com.br\/novo\/wp-json\/wp\/v2\/posts\/50530\/revisions"}],"predecessor-version":[{"id":50531,"href":"https:\/\/www.simepe.com.br\/novo\/wp-json\/wp\/v2\/posts\/50530\/revisions\/50531"}],"wp:attachment":[{"href":"https:\/\/www.simepe.com.br\/novo\/wp-json\/wp\/v2\/media?parent=50530"}],"wp:term":[{"taxonomy":"category","embeddable":true,"href":"https:\/\/www.simepe.com.br\/novo\/wp-json\/wp\/v2\/categories?post=50530"},{"taxonomy":"post_tag","embeddable":true,"href":"https:\/\/www.simepe.com.br\/novo\/wp-json\/wp\/v2\/tags?post=50530"}],"curies":[{"name":"wp","href":"https:\/\/api.w.org\/{rel}","templated":true}]}}