{"id":50545,"date":"2018-12-21T08:19:55","date_gmt":"2018-12-21T11:19:55","guid":{"rendered":"http:\/\/www.simepe.com.br\/novo\/?p=50545"},"modified":"2018-12-21T08:19:55","modified_gmt":"2018-12-21T11:19:55","slug":"medico-diz-que-houve-sindrome-toxica-em-caso-de-pacientes-que-perderam-a-visao-apos-cirurgia-de-catarata","status":"publish","type":"post","link":"https:\/\/www.simepe.com.br\/novo\/medico-diz-que-houve-sindrome-toxica-em-caso-de-pacientes-que-perderam-a-visao-apos-cirurgia-de-catarata\/","title":{"rendered":"M\u00e9dico diz que houve s\u00edndrome t\u00f3xica em caso de pacientes que perderam a vis\u00e3o ap\u00f3s cirurgia de catarata"},"content":{"rendered":"<p style=\"text-align: justify;\">MPPE oficiou cl\u00ednica respons\u00e1vel por cirurgias de catarata e Secretaria de Sa\u00fade do Recife para dar explica\u00e7\u00f5es sobre perda de vis\u00e3o sofrida por pacientes<\/p>\n<p style=\"text-align: justify;\">O Minist\u00e9rio P\u00fablico de Pernambuco (MPPE) oficiou a Secretaria de Sa\u00fade do Recife e os respons\u00e1veis t\u00e9cnicos pela cl\u00ednica onde foram realizadas as cirurgias de catarata cujos resultados levaram a den\u00fancias sobre supostas infec\u00e7\u00f5es. A partir disso, os \u00f3rg\u00e3os ter\u00e3o dez dias para prestar esclarecimentos sobre o que pode ter levado pacientes a ficarem com a vis\u00e3o escura ap\u00f3s o procedimento. Em entrevista ao Diario, o respons\u00e1vel t\u00e9cnico pelo posto Oftalmologistas Associados, o professor e pesquisador da Universidade Federal de Pernambuco (UFPE) Francisco Cordeiro garantiu que n\u00e3o houve infec\u00e7\u00e3o nos olhos cirurgiados, mas uma s\u00edndrome t\u00f3xica do segmento anterior, ou seja, uma inflama\u00e7\u00e3o p\u00f3s-operat\u00f3ria.<\/p>\n<p style=\"text-align: justify;\">De acordo com ele, logo ap\u00f3s o ocorrido, foram tomadas as provid\u00eancias para investiga\u00e7\u00e3o. \u201cForam feitas todas as condutas poss\u00edveis e imagin\u00e1veis, mas a ci\u00eancia n\u00e3o mostrou nenhum sinal de infec\u00e7\u00e3o. Os pacientes, inclusive, j\u00e1 tinham feito antes a cirurgia no outro olho e tiveram bons resultados. O processo infeccioso n\u00e3o existe ou foi curado no primeiro dia, quando houve a prescri\u00e7\u00e3o de antibi\u00f3ticos\u201d, comentou o m\u00e9dico.<\/p>\n<p style=\"text-align: justify;\">O profissional voltou a ressaltar a qualidade t\u00e9cnica do m\u00e9dico que realizou as cirurgias e ressaltou que tem trabalhado dia e noite, desde as cirurgias, acompanhando os pacientes. \u201cMeu objetivo \u00e9 o reestabelecimento desses pacientes. Quero ser humilde para que eles tenham o melhor resultado poss\u00edvel dentro de 10 a 15 dias\u201d, disse ele, que prometeu esclarecer pessoalmente com o MPPE o caso.<\/p>\n<p style=\"text-align: justify;\">O presidente do Conselho Regional de Medicina de Pernambuco (Cremepe), M\u00e1rio Fernando da Silva Lins, explicou que nem sempre casos relacionados a den\u00fancias p\u00f3s-procedimentos t\u00eam correla\u00e7\u00e3o com a conduta profissional. Podem tamb\u00e9m estar vinculados \u00e0 contamina\u00e7\u00e3o de produtos utilizados nos estabelecimentos.<\/p>\n<p style=\"text-align: justify;\">\u201cOs m\u00e9dicos nem sempre t\u00eam como saber previamente disso. Cabe \u00e0s organiza\u00e7\u00f5es de vigil\u00e2ncia sanit\u00e1ria investigar. Da nossa parte, cabe apurar a responsabilidade do m\u00e9dico\u201d, comentou. Segundo ele, qualquer sindic\u00e2ncia aberta pelo Conselho corre sob sigilo. \u201cTemos 180 dias para concluir, podendo prorrogar por mais 180. Depois de analisado \u00e9 que decidimos se abrimos um processo \u00e9tico-profissional. Temos que ouvir os dois lados, o do denunciante e o do denunciado.\u201d<\/p>\n<p style=\"text-align: justify;\">M\u00e1rio Fernando da Silva Lins aproveitou para esclarecer que a popula\u00e7\u00e3o, quando tiver d\u00favidas ou receios, pode acessar o pr\u00f3prio site do Cremepe para obter informa\u00e7\u00f5es sobre os profissionais com os quais pretende se consultar. \u201c\u00c9 poss\u00edvel ver se ele est\u00e1 devidamente registrado no conselho, verificar o n\u00famero de CRM e a foto. Mesmo aqueles que v\u00eam de outro estado para atuar aqui t\u00eam um registro secund\u00e1rio no Cremepe\u201d, disse. Tanto o respons\u00e1vel t\u00e9cnico pela cl\u00ednica quanto o m\u00e9dico que realizou as cirurgias est\u00e3o devidamente inscritos no \u00f3rg\u00e3o.<\/p>\n<p style=\"text-align: justify;\"><strong>Entenda o caso<\/strong><br \/>\nA cl\u00ednica conveniada \u00e0 rede de sa\u00fade do Recife teve os procedimentos suspensos depois que a Prefeitura do Recife recebeu quatro den\u00fancias relacionadas a um mutir\u00e3o de cirurgias de cataratas realizado no \u00faltimo dia 5 de dezembro. De acordo com as queixas apuradas pelo Diario, ao retirar o tamp\u00e3o do olho operado, pelo menos 15 pessoas estariam com a vis\u00e3o emba\u00e7ada ou completamente escura, al\u00e9m das p\u00e1lpebras roxas. Elas teriam voltado ao bloco cir\u00fargico para fazer uma lavagem no olho no dia seguinte e, desde ent\u00e3o, ainda n\u00e3o teriam recuperado por completo a vis\u00e3o. Ontem, a filha de uma paciente afetada informou que a m\u00e3e ter\u00e1 que fazer uma cirurgia ao custo de R$ 15,4 mil na rede particular para tentar recobrar a vis\u00e3o plena.\n<\/p>\n<p style=\"text-align: justify;\">Fonte: Diario de Pernambuco<\/p>\n","protected":false},"excerpt":{"rendered":"<p>MPPE oficiou cl\u00ednica respons\u00e1vel por cirurgias de catarata e Secretaria de Sa\u00fade do Recife para dar explica\u00e7\u00f5es sobre perda de vis\u00e3o sofrida por pacientes O Minist\u00e9rio P\u00fablico de Pernambuco (MPPE) oficiou a Secretaria de Sa\u00fade do Recife e os respons\u00e1veis t\u00e9cnicos pela cl\u00ednica onde foram realizadas as cirurgias de catarata cujos resultados levaram a den\u00fancias [&hellip;]<\/p>\n","protected":false},"author":1,"featured_media":50546,"comment_status":"open","ping_status":"open","sticky":false,"template":"","format":"standard","meta":{"ocean_post_layout":"","ocean_both_sidebars_style":"","ocean_both_sidebars_content_width":0,"ocean_both_sidebars_sidebars_width":0,"ocean_sidebar":"","ocean_second_sidebar":"","ocean_disable_margins":"enable","ocean_add_body_class":"","ocean_shortcode_before_top_bar":"","ocean_shortcode_after_top_bar":"","ocean_shortcode_before_header":"","ocean_shortcode_after_header":"","ocean_has_shortcode":"","ocean_shortcode_after_title":"","ocean_shortcode_before_footer_widgets":"","ocean_shortcode_after_footer_widgets":"","ocean_shortcode_before_footer_bottom":"","ocean_shortcode_after_footer_bottom":"","ocean_display_top_bar":"default","ocean_display_header":"default","ocean_header_style":"","ocean_center_header_left_menu":"","ocean_custom_header_template":"","ocean_custom_logo":0,"ocean_custom_retina_logo":0,"ocean_custom_logo_max_width":0,"ocean_custom_logo_tablet_max_width":0,"ocean_custom_logo_mobile_max_width":0,"ocean_custom_logo_max_height":0,"ocean_custom_logo_tablet_max_height":0,"ocean_custom_logo_mobile_max_height":0,"ocean_header_custom_menu":"","ocean_menu_typo_font_family":"","ocean_menu_typo_font_subset":"","ocean_menu_typo_font_size":0,"ocean_menu_typo_font_size_tablet":0,"ocean_menu_typo_font_size_mobile":0,"ocean_menu_typo_font_size_unit":"px","ocean_menu_typo_font_weight":"","ocean_menu_typo_font_weight_tablet":"","ocean_menu_typo_font_weight_mobile":"","ocean_menu_typo_transform":"","ocean_menu_typo_transform_tablet":"","ocean_menu_typo_transform_mobile":"","ocean_menu_typo_line_height":0,"ocean_menu_typo_line_height_tablet":0,"ocean_menu_typo_line_height_mobile":0,"ocean_menu_typo_line_height_unit":"","ocean_menu_typo_spacing":0,"ocean_menu_typo_spacing_tablet":0,"ocean_menu_typo_spacing_mobile":0,"ocean_menu_typo_spacing_unit":"","ocean_menu_link_color":"","ocean_menu_link_color_hover":"","ocean_menu_link_color_active":"","ocean_menu_link_background":"","ocean_menu_link_hover_background":"","ocean_menu_link_active_background":"","ocean_menu_social_links_bg":"","ocean_menu_social_hover_links_bg":"","ocean_menu_social_links_color":"","ocean_menu_social_hover_links_color":"","ocean_disable_title":"default","ocean_disable_heading":"default","ocean_post_title":"","ocean_post_subheading":"","ocean_post_title_style":"","ocean_post_title_background_color":"","ocean_post_title_background":0,"ocean_post_title_bg_image_position":"","ocean_post_title_bg_image_attachment":"","ocean_post_title_bg_image_repeat":"","ocean_post_title_bg_image_size":"","ocean_post_title_height":0,"ocean_post_title_bg_overlay":0.5,"ocean_post_title_bg_overlay_color":"","ocean_disable_breadcrumbs":"default","ocean_breadcrumbs_color":"","ocean_breadcrumbs_separator_color":"","ocean_breadcrumbs_links_color":"","ocean_breadcrumbs_links_hover_color":"","ocean_display_footer_widgets":"default","ocean_display_footer_bottom":"default","ocean_custom_footer_template":"","ocean_post_oembed":"","ocean_post_self_hosted_media":"","ocean_post_video_embed":"","ocean_link_format":"","ocean_link_format_target":"self","ocean_quote_format":"","ocean_quote_format_link":"post","ocean_gallery_link_images":"on","ocean_gallery_id":[]},"categories":[9],"tags":[471,55,105,484,82,3364,529],"acf":[],"_links":{"self":[{"href":"https:\/\/www.simepe.com.br\/novo\/wp-json\/wp\/v2\/posts\/50545"}],"collection":[{"href":"https:\/\/www.simepe.com.br\/novo\/wp-json\/wp\/v2\/posts"}],"about":[{"href":"https:\/\/www.simepe.com.br\/novo\/wp-json\/wp\/v2\/types\/post"}],"author":[{"embeddable":true,"href":"https:\/\/www.simepe.com.br\/novo\/wp-json\/wp\/v2\/users\/1"}],"replies":[{"embeddable":true,"href":"https:\/\/www.simepe.com.br\/novo\/wp-json\/wp\/v2\/comments?post=50545"}],"version-history":[{"count":1,"href":"https:\/\/www.simepe.com.br\/novo\/wp-json\/wp\/v2\/posts\/50545\/revisions"}],"predecessor-version":[{"id":50547,"href":"https:\/\/www.simepe.com.br\/novo\/wp-json\/wp\/v2\/posts\/50545\/revisions\/50547"}],"wp:featuredmedia":[{"embeddable":true,"href":"https:\/\/www.simepe.com.br\/novo\/wp-json\/wp\/v2\/media\/50546"}],"wp:attachment":[{"href":"https:\/\/www.simepe.com.br\/novo\/wp-json\/wp\/v2\/media?parent=50545"}],"wp:term":[{"taxonomy":"category","embeddable":true,"href":"https:\/\/www.simepe.com.br\/novo\/wp-json\/wp\/v2\/categories?post=50545"},{"taxonomy":"post_tag","embeddable":true,"href":"https:\/\/www.simepe.com.br\/novo\/wp-json\/wp\/v2\/tags?post=50545"}],"curies":[{"name":"wp","href":"https:\/\/api.w.org\/{rel}","templated":true}]}}