{"id":50551,"date":"2018-12-21T08:27:03","date_gmt":"2018-12-21T11:27:03","guid":{"rendered":"http:\/\/www.simepe.com.br\/novo\/?p=50551"},"modified":"2018-12-21T08:27:03","modified_gmt":"2018-12-21T11:27:03","slug":"samu-natal-paralisa-atendimentos-por-tempo-indeterminado","status":"publish","type":"post","link":"https:\/\/www.simepe.com.br\/novo\/samu-natal-paralisa-atendimentos-por-tempo-indeterminado\/","title":{"rendered":"SAMU Natal paralisa atendimentos por tempo indeterminado"},"content":{"rendered":"<p style=\"text-align: justify;\">M\u00e9dicos do Servi\u00e7o de Atendimento M\u00f3vel de Urg\u00eancia da prefeitura de Natal aprovaram indicativo de greve em assembleia realizada no Sindicato dos M\u00e9dicos do RN, na \u00faltima quarta-feira. A paralisa\u00e7\u00e3o, chamada de Opera\u00e7\u00e3o Padr\u00e3o, inicia no dia 27 de dezembro sem previs\u00e3o para retorno as atividades.<\/p>\n<p style=\"text-align: justify;\">Os profissionais reivindicam melhores condi\u00e7\u00f5es de trabalho e mudan\u00e7a imediata em todo o sistema de retaguarda da rede de sa\u00fade para que a popula\u00e7\u00e3o tenha um melhor atendimento. Al\u00e9m do reabastecimento dos insumos dos servi\u00e7os de atendimento pr\u00e9-hospitalar (SAMU e UPA) e leitos de UTI.<\/p>\n<p style=\"text-align: justify;\">Outra reivindica\u00e7\u00e3o dos m\u00e9dicos que atuam no SAMU Natal \u00e9 para que a Secretaria de Sa\u00fade corrija a perda salarial de quase dois mil reais que a categoria teve ap\u00f3s a implementa\u00e7\u00e3o do plano de carreira com a retirada de gratifica\u00e7\u00f5es. Ao todo o munic\u00edpio tem 24 m\u00e9dicos estatut\u00e1rios que atuam no SAMU.<\/p>\n<p style=\"text-align: justify;\">Jailson Vale, m\u00e9dico intervencionista, enfatiza que a desestrutura\u00e7\u00e3o da retaguarda hospitalar \u00e9 um dos principais problemas enfrentados pela categoria. \u201cH\u00e1 um aumento do tempo resposta \u2013 do momento da chamada na central at\u00e9 a chegada da ambul\u00e2ncia no local da ocorr\u00eancia \u2013 pela falta de estrutura\u00e7\u00e3o da rede e pela recorrente reten\u00e7\u00e3o do material do SAMU nas unidades\u201d, afirma.<\/p>\n<p style=\"text-align: justify;\">Segundo Jailson Vale, o tempo resposta alargado pode inclusive agravar os casos dos pacientes, que j\u00e1 sofrem com falta de medica\u00e7\u00f5es e de material para socorro, devido \u00e0 demora na assist\u00eancia.<\/p>\n<p style=\"text-align: justify;\">Com rela\u00e7\u00e3o a perda salarial, o Sindicato dos M\u00e9dicos do RN (Sinmed RN) solicita que a secretaria acrescente aos vencimentos dos m\u00e9dicos a Vantagem Individual de Car\u00e1ter Transit\u00f3rio (VICT) para compensar imediatamente as perdas e discuta com a categoria a perman\u00eancia das gratifica\u00e7\u00f5es espec\u00edficas para as fun\u00e7\u00f5es desempenhadas pelo profissional do SAMU.<\/p>\n<p style=\"text-align: justify;\">O sindicato encaminhou of\u00edcio para o secret\u00e1rio de sa\u00fade, George Antunes, solicitando audi\u00eancia para que o pleito da categoria possa ser atendido antes do dia 27, garantindo assim que os natalenses possam ter um final de ano com a assist\u00eancia m\u00e9dica de qualidade garantida.<\/p>\n<p style=\"text-align: justify;\">\n<p style=\"text-align: justify;\">Fonte: Assessoria de Comunica\u00e7\u00e3o do Sindicato dos M\u00e9dicos do Rio Grande do Norte (Sinmed RN)<\/p>\n","protected":false},"excerpt":{"rendered":"<p>M\u00e9dicos do Servi\u00e7o de Atendimento M\u00f3vel de Urg\u00eancia da prefeitura de Natal aprovaram indicativo de greve em assembleia realizada no Sindicato dos M\u00e9dicos do RN, na \u00faltima quarta-feira. A paralisa\u00e7\u00e3o, chamada de Opera\u00e7\u00e3o Padr\u00e3o, inicia no dia 27 de dezembro sem previs\u00e3o para retorno as atividades. Os profissionais reivindicam melhores condi\u00e7\u00f5es de trabalho e mudan\u00e7a [&hellip;]<\/p>\n","protected":false},"author":1,"featured_media":50552,"comment_status":"open","ping_status":"open","sticky":false,"template":"","format":"standard","meta":{"ocean_post_layout":"","ocean_both_sidebars_style":"","ocean_both_sidebars_content_width":0,"ocean_both_sidebars_sidebars_width":0,"ocean_sidebar":"","ocean_second_sidebar":"","ocean_disable_margins":"enable","ocean_add_body_class":"","ocean_shortcode_before_top_bar":"","ocean_shortcode_after_top_bar":"","ocean_shortcode_before_header":"","ocean_shortcode_after_header":"","ocean_has_shortcode":"","ocean_shortcode_after_title":"","ocean_shortcode_before_footer_widgets":"","ocean_shortcode_after_footer_widgets":"","ocean_shortcode_before_footer_bottom":"","ocean_shortcode_after_footer_bottom":"","ocean_display_top_bar":"default","ocean_display_header":"default","ocean_header_style":"","ocean_center_header_left_menu":"","ocean_custom_header_template":"","ocean_custom_logo":0,"ocean_custom_retina_logo":0,"ocean_custom_logo_max_width":0,"ocean_custom_logo_tablet_max_width":0,"ocean_custom_logo_mobile_max_width":0,"ocean_custom_logo_max_height":0,"ocean_custom_logo_tablet_max_height":0,"ocean_custom_logo_mobile_max_height":0,"ocean_header_custom_menu":"","ocean_menu_typo_font_family":"","ocean_menu_typo_font_subset":"","ocean_menu_typo_font_size":0,"ocean_menu_typo_font_size_tablet":0,"ocean_menu_typo_font_size_mobile":0,"ocean_menu_typo_font_size_unit":"px","ocean_menu_typo_font_weight":"","ocean_menu_typo_font_weight_tablet":"","ocean_menu_typo_font_weight_mobile":"","ocean_menu_typo_transform":"","ocean_menu_typo_transform_tablet":"","ocean_menu_typo_transform_mobile":"","ocean_menu_typo_line_height":0,"ocean_menu_typo_line_height_tablet":0,"ocean_menu_typo_line_height_mobile":0,"ocean_menu_typo_line_height_unit":"","ocean_menu_typo_spacing":0,"ocean_menu_typo_spacing_tablet":0,"ocean_menu_typo_spacing_mobile":0,"ocean_menu_typo_spacing_unit":"","ocean_menu_link_color":"","ocean_menu_link_color_hover":"","ocean_menu_link_color_active":"","ocean_menu_link_background":"","ocean_menu_link_hover_background":"","ocean_menu_link_active_background":"","ocean_menu_social_links_bg":"","ocean_menu_social_hover_links_bg":"","ocean_menu_social_links_color":"","ocean_menu_social_hover_links_color":"","ocean_disable_title":"default","ocean_disable_heading":"default","ocean_post_title":"","ocean_post_subheading":"","ocean_post_title_style":"","ocean_post_title_background_color":"","ocean_post_title_background":0,"ocean_post_title_bg_image_position":"","ocean_post_title_bg_image_attachment":"","ocean_post_title_bg_image_repeat":"","ocean_post_title_bg_image_size":"","ocean_post_title_height":0,"ocean_post_title_bg_overlay":0.5,"ocean_post_title_bg_overlay_color":"","ocean_disable_breadcrumbs":"default","ocean_breadcrumbs_color":"","ocean_breadcrumbs_separator_color":"","ocean_breadcrumbs_links_color":"","ocean_breadcrumbs_links_hover_color":"","ocean_display_footer_widgets":"default","ocean_display_footer_bottom":"default","ocean_custom_footer_template":"","ocean_post_oembed":"","ocean_post_self_hosted_media":"","ocean_post_video_embed":"","ocean_link_format":"","ocean_link_format_target":"self","ocean_quote_format":"","ocean_quote_format_link":"post","ocean_gallery_link_images":"on","ocean_gallery_id":[]},"categories":[1],"tags":[],"acf":[],"_links":{"self":[{"href":"https:\/\/www.simepe.com.br\/novo\/wp-json\/wp\/v2\/posts\/50551"}],"collection":[{"href":"https:\/\/www.simepe.com.br\/novo\/wp-json\/wp\/v2\/posts"}],"about":[{"href":"https:\/\/www.simepe.com.br\/novo\/wp-json\/wp\/v2\/types\/post"}],"author":[{"embeddable":true,"href":"https:\/\/www.simepe.com.br\/novo\/wp-json\/wp\/v2\/users\/1"}],"replies":[{"embeddable":true,"href":"https:\/\/www.simepe.com.br\/novo\/wp-json\/wp\/v2\/comments?post=50551"}],"version-history":[{"count":1,"href":"https:\/\/www.simepe.com.br\/novo\/wp-json\/wp\/v2\/posts\/50551\/revisions"}],"predecessor-version":[{"id":50553,"href":"https:\/\/www.simepe.com.br\/novo\/wp-json\/wp\/v2\/posts\/50551\/revisions\/50553"}],"wp:featuredmedia":[{"embeddable":true,"href":"https:\/\/www.simepe.com.br\/novo\/wp-json\/wp\/v2\/media\/50552"}],"wp:attachment":[{"href":"https:\/\/www.simepe.com.br\/novo\/wp-json\/wp\/v2\/media?parent=50551"}],"wp:term":[{"taxonomy":"category","embeddable":true,"href":"https:\/\/www.simepe.com.br\/novo\/wp-json\/wp\/v2\/categories?post=50551"},{"taxonomy":"post_tag","embeddable":true,"href":"https:\/\/www.simepe.com.br\/novo\/wp-json\/wp\/v2\/tags?post=50551"}],"curies":[{"name":"wp","href":"https:\/\/api.w.org\/{rel}","templated":true}]}}