{"id":55902,"date":"2020-02-03T11:42:31","date_gmt":"2020-02-03T14:42:31","guid":{"rendered":"http:\/\/www.simepe.com.br\/novo\/?p=55902"},"modified":"2020-02-03T13:02:08","modified_gmt":"2020-02-03T16:02:08","slug":"pcr-abre-selecao-interna-de-mobilidade-dos-medicos","status":"publish","type":"post","link":"https:\/\/www.simepe.com.br\/novo\/pcr-abre-selecao-interna-de-mobilidade-dos-medicos\/","title":{"rendered":"PCR abre sele\u00e7\u00e3o interna de mobilidade dos m\u00e9dicos"},"content":{"rendered":"<p style=\"text-align: justify;\">A Prefeitura do Recife lan\u00e7ou um edital de sele\u00e7\u00e3o de mobilidade para m\u00e9dicos efetivos da Secretaria de Sa\u00fade (Sesau) do Recife, para preencher mais de 20 vagas existentes para m\u00e9dico 40 horas em unidades de sa\u00fade da fam\u00edlia. O processo seletivo ser\u00e1 realizado atrav\u00e9s de avalia\u00e7\u00e3o curricular, conforme crit\u00e9rios estabelecidos no <a href=\"http:\/\/www2.recife.pe.gov.br\/sites\/default\/files\/edital_de_mobilidade_interna_-_medicos.pdf\">edital publicado no Di\u00e1rio Oficial do munic\u00edpio dessa quinta-feira (30)<\/a>.<\/p>\n<p style=\"text-align: justify;\">As inscri\u00e7\u00f5es s\u00e3o gratuitas e podem ser realizadas at\u00e9 a pr\u00f3xima sexta-feira (7), das 8h \u00e0s 16h, de forma presencial, na sede da Diretoria Executiva de Gest\u00e3o do Trabalho e Educa\u00e7\u00e3o na Sa\u00fade (Degtes), situada na\u00a0<a href=\"https:\/\/www.google.com\/maps\/search\/Rua%0D%0AAlfredo+de+Medeiros,+n%C2%BA+71,+Espinheiro?entry=gmail&amp;source=g\" data-saferedirecturl=\"https:\/\/www.google.com\/url?q=https:\/\/www.google.com\/maps\/search\/Rua%250D%250AAlfredo%2Bde%2BMedeiros,%2Bn%25C2%25BA%2B71,%2BEspinheiro?entry%3Dgmail%26source%3Dg&amp;source=gmail&amp;ust=1580589017541000&amp;usg=AFQjCNG1mqHjV2EgQeQpIvRbiFxzS_412A\" data-removefontsize=\"true\" data-originalcomputedfontsize=\"16\">Rua Alfredo de Medeiros, n\u00ba 71, Espinheiro<\/a>.<\/p>\n<p style=\"text-align: justify;\">A sele\u00e7\u00e3o ter\u00e1 validade de seis meses, podendo ser prorrogada por igual per\u00edodo. O resultado final est\u00e1 previsto para o dia 22 de fevereiro.<\/p>\n<p style=\"text-align: justify;\"><a href=\"http:\/\/www2.recife.pe.gov.br\/sites\/default\/files\/edital_de_mobilidade_interna_-_medicos.pdf\" target=\"_blank\">CONFIRA O EDITAL<\/a><\/p>\n<p style=\"text-align: justify;\"><strong>Fonte:<\/strong> Site da PCR<\/p>\n","protected":false},"excerpt":{"rendered":"<p>A Prefeitura do Recife lan\u00e7ou um edital de sele\u00e7\u00e3o de mobilidade para m\u00e9dicos efetivos da Secretaria de Sa\u00fade (Sesau) do Recife, para preencher mais de 20 vagas existentes para m\u00e9dico 40 horas em unidades de sa\u00fade da fam\u00edlia. O processo seletivo ser\u00e1 realizado atrav\u00e9s de avalia\u00e7\u00e3o curricular, conforme crit\u00e9rios estabelecidos no edital publicado no Di\u00e1rio [&hellip;]<\/p>\n","protected":false},"author":1,"featured_media":55906,"comment_status":"open","ping_status":"open","sticky":false,"template":"","format":"standard","meta":{"ocean_post_layout":"","ocean_both_sidebars_style":"","ocean_both_sidebars_content_width":0,"ocean_both_sidebars_sidebars_width":0,"ocean_sidebar":"","ocean_second_sidebar":"","ocean_disable_margins":"enable","ocean_add_body_class":"","ocean_shortcode_before_top_bar":"","ocean_shortcode_after_top_bar":"","ocean_shortcode_before_header":"","ocean_shortcode_after_header":"","ocean_has_shortcode":"","ocean_shortcode_after_title":"","ocean_shortcode_before_footer_widgets":"","ocean_shortcode_after_footer_widgets":"","ocean_shortcode_before_footer_bottom":"","ocean_shortcode_after_footer_bottom":"","ocean_display_top_bar":"default","ocean_display_header":"default","ocean_header_style":"","ocean_center_header_left_menu":"","ocean_custom_header_template":"","ocean_custom_logo":0,"ocean_custom_retina_logo":0,"ocean_custom_logo_max_width":0,"ocean_custom_logo_tablet_max_width":0,"ocean_custom_logo_mobile_max_width":0,"ocean_custom_logo_max_height":0,"ocean_custom_logo_tablet_max_height":0,"ocean_custom_logo_mobile_max_height":0,"ocean_header_custom_menu":"","ocean_menu_typo_font_family":"","ocean_menu_typo_font_subset":"","ocean_menu_typo_font_size":0,"ocean_menu_typo_font_size_tablet":0,"ocean_menu_typo_font_size_mobile":0,"ocean_menu_typo_font_size_unit":"px","ocean_menu_typo_font_weight":"","ocean_menu_typo_font_weight_tablet":"","ocean_menu_typo_font_weight_mobile":"","ocean_menu_typo_transform":"","ocean_menu_typo_transform_tablet":"","ocean_menu_typo_transform_mobile":"","ocean_menu_typo_line_height":0,"ocean_menu_typo_line_height_tablet":0,"ocean_menu_typo_line_height_mobile":0,"ocean_menu_typo_line_height_unit":"","ocean_menu_typo_spacing":0,"ocean_menu_typo_spacing_tablet":0,"ocean_menu_typo_spacing_mobile":0,"ocean_menu_typo_spacing_unit":"","ocean_menu_link_color":"","ocean_menu_link_color_hover":"","ocean_menu_link_color_active":"","ocean_menu_link_background":"","ocean_menu_link_hover_background":"","ocean_menu_link_active_background":"","ocean_menu_social_links_bg":"","ocean_menu_social_hover_links_bg":"","ocean_menu_social_links_color":"","ocean_menu_social_hover_links_color":"","ocean_disable_title":"default","ocean_disable_heading":"default","ocean_post_title":"","ocean_post_subheading":"","ocean_post_title_style":"","ocean_post_title_background_color":"","ocean_post_title_background":0,"ocean_post_title_bg_image_position":"","ocean_post_title_bg_image_attachment":"","ocean_post_title_bg_image_repeat":"","ocean_post_title_bg_image_size":"","ocean_post_title_height":0,"ocean_post_title_bg_overlay":0.5,"ocean_post_title_bg_overlay_color":"","ocean_disable_breadcrumbs":"default","ocean_breadcrumbs_color":"","ocean_breadcrumbs_separator_color":"","ocean_breadcrumbs_links_color":"","ocean_breadcrumbs_links_hover_color":"","ocean_display_footer_widgets":"default","ocean_display_footer_bottom":"default","ocean_custom_footer_template":"","ocean_post_oembed":"","ocean_post_self_hosted_media":"","ocean_post_video_embed":"","ocean_link_format":"","ocean_link_format_target":"self","ocean_quote_format":"","ocean_quote_format_link":"post","ocean_gallery_link_images":"on","ocean_gallery_id":[]},"categories":[1],"tags":[],"acf":[],"_links":{"self":[{"href":"https:\/\/www.simepe.com.br\/novo\/wp-json\/wp\/v2\/posts\/55902"}],"collection":[{"href":"https:\/\/www.simepe.com.br\/novo\/wp-json\/wp\/v2\/posts"}],"about":[{"href":"https:\/\/www.simepe.com.br\/novo\/wp-json\/wp\/v2\/types\/post"}],"author":[{"embeddable":true,"href":"https:\/\/www.simepe.com.br\/novo\/wp-json\/wp\/v2\/users\/1"}],"replies":[{"embeddable":true,"href":"https:\/\/www.simepe.com.br\/novo\/wp-json\/wp\/v2\/comments?post=55902"}],"version-history":[{"count":2,"href":"https:\/\/www.simepe.com.br\/novo\/wp-json\/wp\/v2\/posts\/55902\/revisions"}],"predecessor-version":[{"id":55907,"href":"https:\/\/www.simepe.com.br\/novo\/wp-json\/wp\/v2\/posts\/55902\/revisions\/55907"}],"wp:featuredmedia":[{"embeddable":true,"href":"https:\/\/www.simepe.com.br\/novo\/wp-json\/wp\/v2\/media\/55906"}],"wp:attachment":[{"href":"https:\/\/www.simepe.com.br\/novo\/wp-json\/wp\/v2\/media?parent=55902"}],"wp:term":[{"taxonomy":"category","embeddable":true,"href":"https:\/\/www.simepe.com.br\/novo\/wp-json\/wp\/v2\/categories?post=55902"},{"taxonomy":"post_tag","embeddable":true,"href":"https:\/\/www.simepe.com.br\/novo\/wp-json\/wp\/v2\/tags?post=55902"}],"curies":[{"name":"wp","href":"https:\/\/api.w.org\/{rel}","templated":true}]}}