{"id":56823,"date":"2021-01-11T13:25:02","date_gmt":"2021-01-11T16:25:02","guid":{"rendered":"https:\/\/www.simepe.com.br\/novo\/?p=56823"},"modified":"2021-01-11T13:25:02","modified_gmt":"2021-01-11T16:25:02","slug":"presidente-do-simers-e-secretaria-estadual-da-saude-se-reunem-para-tratar-sobre-parcerias-para-acoes-de-enfrentamento-a-covid-19","status":"publish","type":"post","link":"https:\/\/www.simepe.com.br\/novo\/presidente-do-simers-e-secretaria-estadual-da-saude-se-reunem-para-tratar-sobre-parcerias-para-acoes-de-enfrentamento-a-covid-19\/","title":{"rendered":"Presidente do Simers e Secret\u00e1ria Estadual da Sa\u00fade se re\u00fanem para tratar sobre parcerias para a\u00e7\u00f5es de enfrentamento \u00e0 Covid-19"},"content":{"rendered":"<p>Na manh\u00e3 desta sexta-feira (8), o presidente do Simers, Marcelo Matias, refor\u00e7ou o apoio da entidade m\u00e9dica nas a\u00e7\u00f5es de enfrentamento \u00e0 Covid-19 durante reuni\u00e3o virtual com a Secret\u00e1ria Estadual de Sa\u00fade, Arita Bergmann. A entidade colocou a estrutura da sua sede e das delegacias regionais \u00e0 disposi\u00e7\u00e3o da gest\u00e3o p\u00fablica para que sejam aplicadas as vacinas em profissionais da sa\u00fade.<\/p>\n<p>A secret\u00e1ria agradeceu ao Simers pela iniciativa, e afirmou ainda n\u00e3o se saber o n\u00famero total de doses que o Rio Grande do Sul ir\u00e1 receber. \u201cPor isso, \u00e9 preciso seguir o cronograma estabelecido pela Secretaria a fim de imunizar os grupos considerados de maior risco. Os primeiros a receber a vacina ser\u00e3o profissionais da sa\u00fade e idosos que residem em asilos\u201d, afirmou Arita.<\/p>\n<p>Tamb\u00e9m presente no encontro, a Coordenadora do Centro Estadual de Vigil\u00e2ncia em Sa\u00fade (CEVS), Cynthia Molina Bastos, falou sobre a import\u00e2ncia de reconhecer o empenho e dedica\u00e7\u00e3o dos m\u00e9dicos que seguem atuando na linha de frente de combate \u00e0 pandemia. Matias lembrou ent\u00e3o que o Simers acaba de lan\u00e7ar uma campanha de valoriza\u00e7\u00e3o e prote\u00e7\u00e3o dos m\u00e9dicos, destacando a necessidade de cuidados com aqueles que seguem trabalhando incansavelmente em prol da sa\u00fade de toda a popula\u00e7\u00e3o.<\/p>\n<p>Desde o in\u00edcio da pandemia, o Simers vem trabalhando em a\u00e7\u00f5es de conscientiza\u00e7\u00e3o e prote\u00e7\u00e3o da popula\u00e7\u00e3o e da categoria m\u00e9dica. Entre elas, a campanha \u201cPrevenir: fa\u00e7a disso um h\u00e1bito\u201d, lan\u00e7ada ainda em fevereiro de 2020 com o objetivo de tratar sobre a preven\u00e7\u00e3o de doen\u00e7as por meio da correta higieniza\u00e7\u00e3o das m\u00e3os; e a campanha \u201cEPI J\u00e1!\u201d, que teve o intuito de garantir os Equipamentos de Prote\u00e7\u00e3o Individual aos profissionais da sa\u00fade.<\/p>\n<p>Fonte: Sindicato dos M\u00e9dicos do Rio Grande do Sul (Simers)<\/p>\n","protected":false},"excerpt":{"rendered":"<p>Na manh\u00e3 desta sexta-feira (8), o presidente do Simers, Marcelo Matias, refor\u00e7ou o apoio da entidade m\u00e9dica nas a\u00e7\u00f5es de enfrentamento \u00e0 Covid-19 durante reuni\u00e3o virtual com a Secret\u00e1ria Estadual de Sa\u00fade, Arita Bergmann. A entidade colocou a estrutura da sua sede e das delegacias regionais \u00e0 disposi\u00e7\u00e3o da gest\u00e3o p\u00fablica para que sejam aplicadas [&hellip;]<\/p>\n","protected":false},"author":1,"featured_media":56824,"comment_status":"open","ping_status":"open","sticky":false,"template":"","format":"standard","meta":{"ocean_post_layout":"","ocean_both_sidebars_style":"","ocean_both_sidebars_content_width":0,"ocean_both_sidebars_sidebars_width":0,"ocean_sidebar":"","ocean_second_sidebar":"","ocean_disable_margins":"enable","ocean_add_body_class":"","ocean_shortcode_before_top_bar":"","ocean_shortcode_after_top_bar":"","ocean_shortcode_before_header":"","ocean_shortcode_after_header":"","ocean_has_shortcode":"","ocean_shortcode_after_title":"","ocean_shortcode_before_footer_widgets":"","ocean_shortcode_after_footer_widgets":"","ocean_shortcode_before_footer_bottom":"","ocean_shortcode_after_footer_bottom":"","ocean_display_top_bar":"default","ocean_display_header":"default","ocean_header_style":"","ocean_center_header_left_menu":"","ocean_custom_header_template":"","ocean_custom_logo":0,"ocean_custom_retina_logo":0,"ocean_custom_logo_max_width":0,"ocean_custom_logo_tablet_max_width":0,"ocean_custom_logo_mobile_max_width":0,"ocean_custom_logo_max_height":0,"ocean_custom_logo_tablet_max_height":0,"ocean_custom_logo_mobile_max_height":0,"ocean_header_custom_menu":"","ocean_menu_typo_font_family":"","ocean_menu_typo_font_subset":"","ocean_menu_typo_font_size":0,"ocean_menu_typo_font_size_tablet":0,"ocean_menu_typo_font_size_mobile":0,"ocean_menu_typo_font_size_unit":"px","ocean_menu_typo_font_weight":"","ocean_menu_typo_font_weight_tablet":"","ocean_menu_typo_font_weight_mobile":"","ocean_menu_typo_transform":"","ocean_menu_typo_transform_tablet":"","ocean_menu_typo_transform_mobile":"","ocean_menu_typo_line_height":0,"ocean_menu_typo_line_height_tablet":0,"ocean_menu_typo_line_height_mobile":0,"ocean_menu_typo_line_height_unit":"","ocean_menu_typo_spacing":0,"ocean_menu_typo_spacing_tablet":0,"ocean_menu_typo_spacing_mobile":0,"ocean_menu_typo_spacing_unit":"","ocean_menu_link_color":"","ocean_menu_link_color_hover":"","ocean_menu_link_color_active":"","ocean_menu_link_background":"","ocean_menu_link_hover_background":"","ocean_menu_link_active_background":"","ocean_menu_social_links_bg":"","ocean_menu_social_hover_links_bg":"","ocean_menu_social_links_color":"","ocean_menu_social_hover_links_color":"","ocean_disable_title":"default","ocean_disable_heading":"default","ocean_post_title":"","ocean_post_subheading":"","ocean_post_title_style":"","ocean_post_title_background_color":"","ocean_post_title_background":0,"ocean_post_title_bg_image_position":"","ocean_post_title_bg_image_attachment":"","ocean_post_title_bg_image_repeat":"","ocean_post_title_bg_image_size":"","ocean_post_title_height":0,"ocean_post_title_bg_overlay":0.5,"ocean_post_title_bg_overlay_color":"","ocean_disable_breadcrumbs":"default","ocean_breadcrumbs_color":"","ocean_breadcrumbs_separator_color":"","ocean_breadcrumbs_links_color":"","ocean_breadcrumbs_links_hover_color":"","ocean_display_footer_widgets":"default","ocean_display_footer_bottom":"default","ocean_custom_footer_template":"","ocean_post_oembed":"","ocean_post_self_hosted_media":"","ocean_post_video_embed":"","ocean_link_format":"","ocean_link_format_target":"self","ocean_quote_format":"","ocean_quote_format_link":"post","ocean_gallery_link_images":"on","ocean_gallery_id":[]},"categories":[1],"tags":[],"acf":[],"_links":{"self":[{"href":"https:\/\/www.simepe.com.br\/novo\/wp-json\/wp\/v2\/posts\/56823"}],"collection":[{"href":"https:\/\/www.simepe.com.br\/novo\/wp-json\/wp\/v2\/posts"}],"about":[{"href":"https:\/\/www.simepe.com.br\/novo\/wp-json\/wp\/v2\/types\/post"}],"author":[{"embeddable":true,"href":"https:\/\/www.simepe.com.br\/novo\/wp-json\/wp\/v2\/users\/1"}],"replies":[{"embeddable":true,"href":"https:\/\/www.simepe.com.br\/novo\/wp-json\/wp\/v2\/comments?post=56823"}],"version-history":[{"count":2,"href":"https:\/\/www.simepe.com.br\/novo\/wp-json\/wp\/v2\/posts\/56823\/revisions"}],"predecessor-version":[{"id":56826,"href":"https:\/\/www.simepe.com.br\/novo\/wp-json\/wp\/v2\/posts\/56823\/revisions\/56826"}],"wp:featuredmedia":[{"embeddable":true,"href":"https:\/\/www.simepe.com.br\/novo\/wp-json\/wp\/v2\/media\/56824"}],"wp:attachment":[{"href":"https:\/\/www.simepe.com.br\/novo\/wp-json\/wp\/v2\/media?parent=56823"}],"wp:term":[{"taxonomy":"category","embeddable":true,"href":"https:\/\/www.simepe.com.br\/novo\/wp-json\/wp\/v2\/categories?post=56823"},{"taxonomy":"post_tag","embeddable":true,"href":"https:\/\/www.simepe.com.br\/novo\/wp-json\/wp\/v2\/tags?post=56823"}],"curies":[{"name":"wp","href":"https:\/\/api.w.org\/{rel}","templated":true}]}}