{"id":56830,"date":"2021-01-11T14:16:20","date_gmt":"2021-01-11T17:16:20","guid":{"rendered":"https:\/\/www.simepe.com.br\/novo\/?p=56830"},"modified":"2021-01-11T14:16:20","modified_gmt":"2021-01-11T17:16:20","slug":"prefeitos-encaram-corrida-na-busca-pela-vacina-contra-covid-19","status":"publish","type":"post","link":"https:\/\/www.simepe.com.br\/novo\/prefeitos-encaram-corrida-na-busca-pela-vacina-contra-covid-19\/","title":{"rendered":"Prefeitos encaram corrida na busca pela vacina contra Covid-19"},"content":{"rendered":"<p>A pandemia revirou os planos pol\u00edticos de todos os chefes de poderes executivos, seja a n\u00edvel municipal, estadual ou federal. Rec\u00e9m eleitos, ou reeleitos, os novos prefeitos t\u00eam buscado resolver a crise sanit\u00e1ria e econ\u00f4mica o mais breve poss\u00edvel. Ap\u00f3s as declara\u00e7\u00f5es desencontradas de v\u00e1rios membros do Governo Federal sobre a compra das vacinas, prefeitos t\u00eam encontrado espa\u00e7o no v\u00e1cuo de lideran\u00e7a deixado pelo presidente Jair Bolsonaro (sem partido), para assumir o protagonismo na corrida pela aquisi\u00e7\u00e3o dos imunizantes.<\/p>\n<p>No Recife, o prefeito Jo\u00e3o Campos (PSB) foi um dos primeiros a se posicionar, tendo formalizado, na \u00faltima sexta-feira, a inten\u00e7\u00e3o de compra de um milh\u00e3o de doses de vacina da Coronavac junto ao Instituto Butantan. A solicita\u00e7\u00e3o aconteceu um dia ap\u00f3s o an\u00fancio de que o imunizante teria efic\u00e1cia de 100% contra os casos graves e de 78% em casos leves. Segundo a Prefeitura do Recife, a compra acontecer\u00e1 caso a vacina n\u00e3o seja distribu\u00edda pelo Governo Federal.<\/p>\n<p>\u201cO Recife tem a responsabilidade da aplica\u00e7\u00e3o da vacina e eu sempre disse que o Recife n\u00e3o ficaria para tr\u00e1s. Ent\u00e3o, se o Minist\u00e9rio da Sa\u00fade n\u00e3o mandar a vacina, a gente vai\u00a0 ter esse memorando para 1 milh\u00e3o de doses para a nossa cidade&#8221;, garantiu. &#8220;A gente fez com o Butant\u00e3 e j\u00e1 estamos em contato com outras institui\u00e7\u00f5es do Brasil e do mundo que podem fazer vendas diretas para o Recife e com isso a gente consegue viabilizar a vacina na cidade e garantir que o Recife vai estar pronto para fazer o recebimento do Minist\u00e9rio ou um plano pr\u00f3prio para a nossa cidade\u201d, afirmou o prefeito socialista.<\/p>\n<p>Al\u00e9m disso, o gestor da Capital tamb\u00e9m assinou um of\u00edcio solicitando formalmente que o Minist\u00e9rio da Sa\u00fade d\u00ea prioridade aos professores no Plano Nacional de Vacina\u00e7\u00e3o, visando garantir o retorno seguro das aulas. \u201cEstamos\u00a0 pedindo ao Minist\u00e9rio da Sa\u00fade que tire os professores da fase 4 e coloque na fase 1, ent\u00e3o os professores e profissionais da educa\u00e7\u00e3o podem ir para a fase 1 para a gente poder providenciar a volta as aulas de forma segura, tanto para o aluno quanto para o profissional da educa\u00e7\u00e3o\u201d, explicou Jo\u00e3o Campos.<\/p>\n<p>No Sert\u00e3o, o prefeito de Petrolina, Miguel Coelho (MDB), tamb\u00e9m se encaixa no time de prefeitos que est\u00e1 se articulando para garantir a vacina para a popula\u00e7\u00e3o local. O emedebista comemorou a efici\u00eancia da vacina brasileira e tamb\u00e9m alega j\u00e1 estar em contato com o Instituto Butantan para a aquisi\u00e7\u00e3o de doses. &#8220;Uma not\u00edcia\u00a0 que traz grande al\u00edvio e muita esperan\u00e7a. Vamos aguardar a aprova\u00e7\u00e3o, o in\u00edcio do plano de imuniza\u00e7\u00e3o, caso n\u00e3o recebamos o suficiente para todos os petrolinenses, j\u00e1 apresentamos ao Instituto Butantan nosso interesse em adquirir. Vamos vencer juntos&#8221;, escreveu Miguel no Twitter.<\/p>\n<p>Tamb\u00e9m na expectativa pelo in\u00edcio da imuniza\u00e7\u00e3o, a prefeitura de Jaboat\u00e3o dos Guararapes, na Regi\u00e3o Metropolitana do Recife, j\u00e1 come\u00e7ou a preparar o esquema de vacina\u00e7\u00e3o e definiu o local de armazenamento das doses. Nas redes sociais, o prefeito Anderson Ferreira escreveu sobre o trabalho que est\u00e1 sendo organizado. &#8220;Estamos preparados para a chegada das doses contra a Covid-19. T\u00e3\u0303o importante quanto termos a vacina em m\u00e3\u0303os e\u0301 garantirmos toda a estrutura logi\u0301stica e equipe t\u00e9cnica necess\u00e1\u0301ria para iniciarmos o processo de imunizac\u0327\u00e3o com seguranc\u0327a&#8221;.<\/p>\n<p>Em Paulista, o prefeito Yves Ribeiro (MDB), tamb\u00e9m tem demonstrado, diariamente, sua expectativa pela aquisi\u00e7\u00e3o de vacinas para a popula\u00e7\u00e3o da Cidade.\u00a0 Na \u00faltima quinta-feira, mesmo dia em que foi anunciado o resultado da efic\u00e1cia da Coronavac, a prefeitura tamb\u00e9m fez parceria importante com o Hospital Nossa Senhora do \u00d3. A parceria com o hospital servir\u00e1 para o tratamento da Covid-19.<\/p>\n<p>Ele tamb\u00e9m cobrou vontade pol\u00edtica para conseguir a aquisi\u00e7\u00e3o de vacinas para o munic\u00edpio. &#8220;A vontade pol\u00edtica faz a diferen\u00e7a na busca da vacina&#8221;, afirmou.<\/p>\n<p>Nesta semana, o governador Paulo C\u00e2mara (PSB) reuniu prefeitos do Litoral para tratar de protocolos sanit\u00e1rios nas praias. Na ocasi\u00e3o, gestores municipais voltaram a expressar sua expectativa pela vacina\u00e7\u00e3o contra a Covid-19. O chefe do Executivo estadual tamb\u00e9m j\u00e1 fez quest\u00e3o de garantir que Pernambuco est\u00e1 com a estrutura de log\u00edstica e materiais prontas para iniciar o processo de imuniza\u00e7\u00e3o da popula\u00e7\u00e3o.<\/p>\n<p>Fonte: Folha de Pernambuco<\/p>\n","protected":false},"excerpt":{"rendered":"<p>A pandemia revirou os planos pol\u00edticos de todos os chefes de poderes executivos, seja a n\u00edvel municipal, estadual ou federal. Rec\u00e9m eleitos, ou reeleitos, os novos prefeitos t\u00eam buscado resolver a crise sanit\u00e1ria e econ\u00f4mica o mais breve poss\u00edvel. Ap\u00f3s as declara\u00e7\u00f5es desencontradas de v\u00e1rios membros do Governo Federal sobre a compra das vacinas, prefeitos [&hellip;]<\/p>\n","protected":false},"author":1,"featured_media":0,"comment_status":"open","ping_status":"open","sticky":false,"template":"","format":"standard","meta":{"ocean_post_layout":"","ocean_both_sidebars_style":"","ocean_both_sidebars_content_width":0,"ocean_both_sidebars_sidebars_width":0,"ocean_sidebar":"","ocean_second_sidebar":"","ocean_disable_margins":"enable","ocean_add_body_class":"","ocean_shortcode_before_top_bar":"","ocean_shortcode_after_top_bar":"","ocean_shortcode_before_header":"","ocean_shortcode_after_header":"","ocean_has_shortcode":"","ocean_shortcode_after_title":"","ocean_shortcode_before_footer_widgets":"","ocean_shortcode_after_footer_widgets":"","ocean_shortcode_before_footer_bottom":"","ocean_shortcode_after_footer_bottom":"","ocean_display_top_bar":"default","ocean_display_header":"default","ocean_header_style":"","ocean_center_header_left_menu":"","ocean_custom_header_template":"","ocean_custom_logo":0,"ocean_custom_retina_logo":0,"ocean_custom_logo_max_width":0,"ocean_custom_logo_tablet_max_width":0,"ocean_custom_logo_mobile_max_width":0,"ocean_custom_logo_max_height":0,"ocean_custom_logo_tablet_max_height":0,"ocean_custom_logo_mobile_max_height":0,"ocean_header_custom_menu":"","ocean_menu_typo_font_family":"","ocean_menu_typo_font_subset":"","ocean_menu_typo_font_size":0,"ocean_menu_typo_font_size_tablet":0,"ocean_menu_typo_font_size_mobile":0,"ocean_menu_typo_font_size_unit":"px","ocean_menu_typo_font_weight":"","ocean_menu_typo_font_weight_tablet":"","ocean_menu_typo_font_weight_mobile":"","ocean_menu_typo_transform":"","ocean_menu_typo_transform_tablet":"","ocean_menu_typo_transform_mobile":"","ocean_menu_typo_line_height":0,"ocean_menu_typo_line_height_tablet":0,"ocean_menu_typo_line_height_mobile":0,"ocean_menu_typo_line_height_unit":"","ocean_menu_typo_spacing":0,"ocean_menu_typo_spacing_tablet":0,"ocean_menu_typo_spacing_mobile":0,"ocean_menu_typo_spacing_unit":"","ocean_menu_link_color":"","ocean_menu_link_color_hover":"","ocean_menu_link_color_active":"","ocean_menu_link_background":"","ocean_menu_link_hover_background":"","ocean_menu_link_active_background":"","ocean_menu_social_links_bg":"","ocean_menu_social_hover_links_bg":"","ocean_menu_social_links_color":"","ocean_menu_social_hover_links_color":"","ocean_disable_title":"default","ocean_disable_heading":"default","ocean_post_title":"","ocean_post_subheading":"","ocean_post_title_style":"","ocean_post_title_background_color":"","ocean_post_title_background":0,"ocean_post_title_bg_image_position":"","ocean_post_title_bg_image_attachment":"","ocean_post_title_bg_image_repeat":"","ocean_post_title_bg_image_size":"","ocean_post_title_height":0,"ocean_post_title_bg_overlay":0.5,"ocean_post_title_bg_overlay_color":"","ocean_disable_breadcrumbs":"default","ocean_breadcrumbs_color":"","ocean_breadcrumbs_separator_color":"","ocean_breadcrumbs_links_color":"","ocean_breadcrumbs_links_hover_color":"","ocean_display_footer_widgets":"default","ocean_display_footer_bottom":"default","ocean_custom_footer_template":"","ocean_post_oembed":"","ocean_post_self_hosted_media":"","ocean_post_video_embed":"","ocean_link_format":"","ocean_link_format_target":"self","ocean_quote_format":"","ocean_quote_format_link":"post","ocean_gallery_link_images":"on","ocean_gallery_id":[]},"categories":[9],"tags":[1420,1490,82],"acf":[],"_links":{"self":[{"href":"https:\/\/www.simepe.com.br\/novo\/wp-json\/wp\/v2\/posts\/56830"}],"collection":[{"href":"https:\/\/www.simepe.com.br\/novo\/wp-json\/wp\/v2\/posts"}],"about":[{"href":"https:\/\/www.simepe.com.br\/novo\/wp-json\/wp\/v2\/types\/post"}],"author":[{"embeddable":true,"href":"https:\/\/www.simepe.com.br\/novo\/wp-json\/wp\/v2\/users\/1"}],"replies":[{"embeddable":true,"href":"https:\/\/www.simepe.com.br\/novo\/wp-json\/wp\/v2\/comments?post=56830"}],"version-history":[{"count":1,"href":"https:\/\/www.simepe.com.br\/novo\/wp-json\/wp\/v2\/posts\/56830\/revisions"}],"predecessor-version":[{"id":56835,"href":"https:\/\/www.simepe.com.br\/novo\/wp-json\/wp\/v2\/posts\/56830\/revisions\/56835"}],"wp:attachment":[{"href":"https:\/\/www.simepe.com.br\/novo\/wp-json\/wp\/v2\/media?parent=56830"}],"wp:term":[{"taxonomy":"category","embeddable":true,"href":"https:\/\/www.simepe.com.br\/novo\/wp-json\/wp\/v2\/categories?post=56830"},{"taxonomy":"post_tag","embeddable":true,"href":"https:\/\/www.simepe.com.br\/novo\/wp-json\/wp\/v2\/tags?post=56830"}],"curies":[{"name":"wp","href":"https:\/\/api.w.org\/{rel}","templated":true}]}}