{"id":56839,"date":"2021-01-12T10:49:35","date_gmt":"2021-01-12T13:49:35","guid":{"rendered":"https:\/\/www.simepe.com.br\/novo\/?p=56839"},"modified":"2021-01-12T10:49:35","modified_gmt":"2021-01-12T13:49:35","slug":"sus-tera-exclusividade-sobre-a-coronavac-afirma-ministerio-da-saude","status":"publish","type":"post","link":"https:\/\/www.simepe.com.br\/novo\/sus-tera-exclusividade-sobre-a-coronavac-afirma-ministerio-da-saude\/","title":{"rendered":"SUS ter\u00e1 exclusividade sobre a CoronaVac, afirma Minist\u00e9rio da Sa\u00fade"},"content":{"rendered":"<p style=\"text-align: justify;\"><em>SUS ter\u00e1 exclusividade sobre a CoronaVac, afirma Minist\u00e9rio da Sa\u00fade<\/em><\/p>\n<p style=\"text-align: justify;\">O Minist\u00e9rio da Sa\u00fade reafirmou, hoje (9), em nota, que todas as doses da vacinas contra o novo coronav\u00edrus que o Instituto Butantan produzir ou importar ser\u00e3o adquiridas pelo governo federal e distribu\u00eddas exclusivamente no Sistema \u00danico de Sa\u00fade (SUS).<\/p>\n<p style=\"text-align: justify;\">Segundo a pasta, t\u00e9cnicos ministeriais e representantes do laborat\u00f3rio paulista reuniram-se ontem (8) para discutir a incorpora\u00e7\u00e3o da CoronaVac ao Plano Nacional de Operacionaliza\u00e7\u00e3o da Vacina\u00e7\u00e3o Contra a Covid-19.<\/p>\n<p style=\"text-align: justify;\">Ao fim do encontro, ficou acertado que o governo federal ter\u00e1 o direito de exclusividade de compra de todo imunizante que o Butantan produzir ou importar. Al\u00e9m disso, caber\u00e1 ao minist\u00e9rio disponibilizar a CoronaVac para os 26 estados brasileiros, mais o Distrito Federal, simultaneamente e proporcionalmente ao tamanho da popula\u00e7\u00e3o de cada unidade federativa.<\/p>\n<p style=\"text-align: justify;\">\u201cAssim, brasileiros de todo o pa\u00eds receber\u00e3o a vacina simultaneamente, dentro da log\u00edstica integrada e tripartite, feita pelo Minist\u00e9rio da Sa\u00fade e as Secretarias Estaduais e Municipais de Sa\u00fade\u201d, destaca a pasta, em nota divulgada nesta tarde.<\/p>\n<p style=\"text-align: justify;\">Na quinta-feira (7), o ministro da Sa\u00fade, Eduardo Pazuello, tinha anunciado a assinatura de um contrato com o Instituto Butantan para adquirir at\u00e9 100 milh\u00f5es de doses da CoronaVac. Esse contrato, no entanto, previa a compra inicial de 46 milh\u00f5es de unidades a serem entregues at\u00e9 abril deste ano e a possibilidade de aquisi\u00e7\u00e3o de mais 54 milh\u00f5es posteriormente.<\/p>\n<p style=\"text-align: justify;\">O valor total da compra passa de R$ 2.677 bilh\u00f5es, inclu\u00eddas todas as despesas ordin\u00e1rias diretas e indiretas decorrentes da execu\u00e7\u00e3o contratual, inclusive tributos e\/ou impostos, encargos sociais, trabalhistas, previdenci\u00e1rios, fiscais e comerciais, taxa de administra\u00e7\u00e3o, frete e seguro, entre outras. O contrato j\u00e1 assinado estabelece que o pagamento seja realizado ap\u00f3s a Ag\u00eancia Nacional de Vigil\u00e2ncia Sanit\u00e1ria (Anvisa) conceder ao laborat\u00f3rio o registro ou a autoriza\u00e7\u00e3o para uso emergencial da vacina.<\/p>\n<p style=\"text-align: justify;\">Nova reuni\u00e3o deve ser realizada nos pr\u00f3ximos dias, com a participa\u00e7\u00e3o do ministro da Sa\u00fade e de representantes do Conselho Nacional de Secret\u00e1rios de Sa\u00fade (Conass) dos estados e do Conselho Nacional de Secretarias Municipais de Sa\u00fade (Conasems). Nesse encontro, ser\u00e3o detalhados os pr\u00f3ximos passos da log\u00edstica e do calend\u00e1rio da campanha de vacina\u00e7\u00e3o.<\/p>\n<p style=\"text-align: justify;\">A CoronaVac \u00e9 produzida pelo Instituto Butantan em parceria com o laborat\u00f3rio farmac\u00eautico chin\u00eas Sinovac.<\/p>\n<p style=\"text-align: justify;\">Ainda na quinta-feira, o governo de S\u00e3o Paulo, ao qual o Butantan \u00e9 vinculado, anunciou que os testes realizados no Brasil demonstram que a taxa de efic\u00e1cia m\u00ednima da vacina contra o novo coronav\u00edrus \u00e9 de 78%. De acordo com o governo paulista, entre os volunt\u00e1rios que participaram dos testes e contra\u00edram a covid-19, nenhum desenvolveu a forma grave da doen\u00e7a. Tamb\u00e9m n\u00e3o foi registrada nenhuma morte entre eles.<\/p>\n<p style=\"text-align: justify;\">Fonte: Ag\u00eancia Brasil<\/p>\n","protected":false},"excerpt":{"rendered":"<p>SUS ter\u00e1 exclusividade sobre a CoronaVac, afirma Minist\u00e9rio da Sa\u00fade O Minist\u00e9rio da Sa\u00fade reafirmou, hoje (9), em nota, que todas as doses da vacinas contra o novo coronav\u00edrus que o Instituto Butantan produzir ou importar ser\u00e3o adquiridas pelo governo federal e distribu\u00eddas exclusivamente no Sistema \u00danico de Sa\u00fade (SUS). Segundo a pasta, t\u00e9cnicos ministeriais [&hellip;]<\/p>\n","protected":false},"author":1,"featured_media":0,"comment_status":"open","ping_status":"open","sticky":false,"template":"","format":"standard","meta":{"ocean_post_layout":"","ocean_both_sidebars_style":"","ocean_both_sidebars_content_width":0,"ocean_both_sidebars_sidebars_width":0,"ocean_sidebar":"","ocean_second_sidebar":"","ocean_disable_margins":"enable","ocean_add_body_class":"","ocean_shortcode_before_top_bar":"","ocean_shortcode_after_top_bar":"","ocean_shortcode_before_header":"","ocean_shortcode_after_header":"","ocean_has_shortcode":"","ocean_shortcode_after_title":"","ocean_shortcode_before_footer_widgets":"","ocean_shortcode_after_footer_widgets":"","ocean_shortcode_before_footer_bottom":"","ocean_shortcode_after_footer_bottom":"","ocean_display_top_bar":"default","ocean_display_header":"default","ocean_header_style":"","ocean_center_header_left_menu":"","ocean_custom_header_template":"","ocean_custom_logo":0,"ocean_custom_retina_logo":0,"ocean_custom_logo_max_width":0,"ocean_custom_logo_tablet_max_width":0,"ocean_custom_logo_mobile_max_width":0,"ocean_custom_logo_max_height":0,"ocean_custom_logo_tablet_max_height":0,"ocean_custom_logo_mobile_max_height":0,"ocean_header_custom_menu":"","ocean_menu_typo_font_family":"","ocean_menu_typo_font_subset":"","ocean_menu_typo_font_size":0,"ocean_menu_typo_font_size_tablet":0,"ocean_menu_typo_font_size_mobile":0,"ocean_menu_typo_font_size_unit":"px","ocean_menu_typo_font_weight":"","ocean_menu_typo_font_weight_tablet":"","ocean_menu_typo_font_weight_mobile":"","ocean_menu_typo_transform":"","ocean_menu_typo_transform_tablet":"","ocean_menu_typo_transform_mobile":"","ocean_menu_typo_line_height":0,"ocean_menu_typo_line_height_tablet":0,"ocean_menu_typo_line_height_mobile":0,"ocean_menu_typo_line_height_unit":"","ocean_menu_typo_spacing":0,"ocean_menu_typo_spacing_tablet":0,"ocean_menu_typo_spacing_mobile":0,"ocean_menu_typo_spacing_unit":"","ocean_menu_link_color":"","ocean_menu_link_color_hover":"","ocean_menu_link_color_active":"","ocean_menu_link_background":"","ocean_menu_link_hover_background":"","ocean_menu_link_active_background":"","ocean_menu_social_links_bg":"","ocean_menu_social_hover_links_bg":"","ocean_menu_social_links_color":"","ocean_menu_social_hover_links_color":"","ocean_disable_title":"default","ocean_disable_heading":"default","ocean_post_title":"","ocean_post_subheading":"","ocean_post_title_style":"","ocean_post_title_background_color":"","ocean_post_title_background":0,"ocean_post_title_bg_image_position":"","ocean_post_title_bg_image_attachment":"","ocean_post_title_bg_image_repeat":"","ocean_post_title_bg_image_size":"","ocean_post_title_height":0,"ocean_post_title_bg_overlay":0.5,"ocean_post_title_bg_overlay_color":"","ocean_disable_breadcrumbs":"default","ocean_breadcrumbs_color":"","ocean_breadcrumbs_separator_color":"","ocean_breadcrumbs_links_color":"","ocean_breadcrumbs_links_hover_color":"","ocean_display_footer_widgets":"default","ocean_display_footer_bottom":"default","ocean_custom_footer_template":"","ocean_post_oembed":"","ocean_post_self_hosted_media":"","ocean_post_video_embed":"","ocean_link_format":"","ocean_link_format_target":"self","ocean_quote_format":"","ocean_quote_format_link":"post","ocean_gallery_link_images":"on","ocean_gallery_id":[]},"categories":[9],"tags":[3844,97,34],"acf":[],"_links":{"self":[{"href":"https:\/\/www.simepe.com.br\/novo\/wp-json\/wp\/v2\/posts\/56839"}],"collection":[{"href":"https:\/\/www.simepe.com.br\/novo\/wp-json\/wp\/v2\/posts"}],"about":[{"href":"https:\/\/www.simepe.com.br\/novo\/wp-json\/wp\/v2\/types\/post"}],"author":[{"embeddable":true,"href":"https:\/\/www.simepe.com.br\/novo\/wp-json\/wp\/v2\/users\/1"}],"replies":[{"embeddable":true,"href":"https:\/\/www.simepe.com.br\/novo\/wp-json\/wp\/v2\/comments?post=56839"}],"version-history":[{"count":1,"href":"https:\/\/www.simepe.com.br\/novo\/wp-json\/wp\/v2\/posts\/56839\/revisions"}],"predecessor-version":[{"id":56840,"href":"https:\/\/www.simepe.com.br\/novo\/wp-json\/wp\/v2\/posts\/56839\/revisions\/56840"}],"wp:attachment":[{"href":"https:\/\/www.simepe.com.br\/novo\/wp-json\/wp\/v2\/media?parent=56839"}],"wp:term":[{"taxonomy":"category","embeddable":true,"href":"https:\/\/www.simepe.com.br\/novo\/wp-json\/wp\/v2\/categories?post=56839"},{"taxonomy":"post_tag","embeddable":true,"href":"https:\/\/www.simepe.com.br\/novo\/wp-json\/wp\/v2\/tags?post=56839"}],"curies":[{"name":"wp","href":"https:\/\/api.w.org\/{rel}","templated":true}]}}