{"id":56931,"date":"2021-01-13T12:01:23","date_gmt":"2021-01-13T15:01:23","guid":{"rendered":"https:\/\/www.simepe.com.br\/novo\/?p=56931"},"modified":"2021-01-13T12:01:23","modified_gmt":"2021-01-13T15:01:23","slug":"mt-so-tem-7-vagas-em-utis-para-criancas-com-covid-19","status":"publish","type":"post","link":"https:\/\/www.simepe.com.br\/novo\/mt-so-tem-7-vagas-em-utis-para-criancas-com-covid-19\/","title":{"rendered":"MT S\u00d3 TEM 7 VAGAS EM UTIS PARA CRIAN\u00c7AS COM COVID-19"},"content":{"rendered":"<p style=\"text-align: justify;\">O Painel Covid-19 da Secretaria de Estado de Sa\u00fade (SES-MT) mostra que Mato Grosso tem, at\u00e9 a manh\u00e3 desta ter\u00e7a-feira (12), somente 15 leitos de Unidades de Terapia Intensiva (UTIs) Pedi\u00e1tricos pelo Sistema \u00danico de Sa\u00fade no Hospital e Pronto-Socorro Municipal de Cuiab\u00e1.<\/p>\n<p style=\"text-align: justify;\">No Pronto-Socorro de Cuiab\u00e1, 53% das UTIs pedi\u00e1tricas est\u00e3o ocupadas. Ou seja, das 15 UTIs pactuadas, 8 delas se encontram com pacientes com idades entre 5 a 10 anos internados.<\/p>\n<p style=\"text-align: justify;\">Mas, a SES informa no Painel Covid-19 que h\u00e1 9 interna\u00e7\u00f5es em leitos de UTIs pedi\u00e1tricos e, assim, que a taxa de ocupa\u00e7\u00e3o de UTIs pedi\u00e1tricas p\u00fablicas est\u00e1 em 60%.<\/p>\n<p style=\"text-align: justify;\">Numa an\u00e1lise detalhada do quadro v\u00ea-se que a nona crian\u00e7a internada em UTI est\u00e1 no Hospital S\u00e3o Luiz em C\u00e1ceres (225km de Cuiab\u00e1) que n\u00e3o tem leitos de UTI pedi\u00e1trica da covid pactuados.<\/p>\n<p style=\"text-align: justify;\">Alguns estudos apontam que as crian\u00e7as e adolescentes s\u00e3o menos suscet\u00edveis \u00e0 infec\u00e7\u00e3o pelo Sars-CoV-2, v\u00edrus causador da covid-19.<\/p>\n<p style=\"text-align: justify;\">Um trabalho de pesquisadores do University College London, do Reino Unido na Inglaterra, destacou que o risco de o p\u00fablico infantojuvenil pegar covid-19 seria 44% menor do que o de pessoas com mais de 20 anos.<\/p>\n<p style=\"text-align: justify;\">Fonte: Sindicato dos M\u00e9dicos do Mato Grosso (Sindimed-MT)<\/p>\n","protected":false},"excerpt":{"rendered":"<p>O Painel Covid-19 da Secretaria de Estado de Sa\u00fade (SES-MT) mostra que Mato Grosso tem, at\u00e9 a manh\u00e3 desta ter\u00e7a-feira (12), somente 15 leitos de Unidades de Terapia Intensiva (UTIs) Pedi\u00e1tricos pelo Sistema \u00danico de Sa\u00fade no Hospital e Pronto-Socorro Municipal de Cuiab\u00e1. No Pronto-Socorro de Cuiab\u00e1, 53% das UTIs pedi\u00e1tricas est\u00e3o ocupadas. Ou seja, [&hellip;]<\/p>\n","protected":false},"author":1,"featured_media":56932,"comment_status":"open","ping_status":"open","sticky":false,"template":"","format":"standard","meta":{"ocean_post_layout":"","ocean_both_sidebars_style":"","ocean_both_sidebars_content_width":0,"ocean_both_sidebars_sidebars_width":0,"ocean_sidebar":"","ocean_second_sidebar":"","ocean_disable_margins":"enable","ocean_add_body_class":"","ocean_shortcode_before_top_bar":"","ocean_shortcode_after_top_bar":"","ocean_shortcode_before_header":"","ocean_shortcode_after_header":"","ocean_has_shortcode":"","ocean_shortcode_after_title":"","ocean_shortcode_before_footer_widgets":"","ocean_shortcode_after_footer_widgets":"","ocean_shortcode_before_footer_bottom":"","ocean_shortcode_after_footer_bottom":"","ocean_display_top_bar":"default","ocean_display_header":"default","ocean_header_style":"","ocean_center_header_left_menu":"","ocean_custom_header_template":"","ocean_custom_logo":0,"ocean_custom_retina_logo":0,"ocean_custom_logo_max_width":0,"ocean_custom_logo_tablet_max_width":0,"ocean_custom_logo_mobile_max_width":0,"ocean_custom_logo_max_height":0,"ocean_custom_logo_tablet_max_height":0,"ocean_custom_logo_mobile_max_height":0,"ocean_header_custom_menu":"","ocean_menu_typo_font_family":"","ocean_menu_typo_font_subset":"","ocean_menu_typo_font_size":0,"ocean_menu_typo_font_size_tablet":0,"ocean_menu_typo_font_size_mobile":0,"ocean_menu_typo_font_size_unit":"px","ocean_menu_typo_font_weight":"","ocean_menu_typo_font_weight_tablet":"","ocean_menu_typo_font_weight_mobile":"","ocean_menu_typo_transform":"","ocean_menu_typo_transform_tablet":"","ocean_menu_typo_transform_mobile":"","ocean_menu_typo_line_height":0,"ocean_menu_typo_line_height_tablet":0,"ocean_menu_typo_line_height_mobile":0,"ocean_menu_typo_line_height_unit":"","ocean_menu_typo_spacing":0,"ocean_menu_typo_spacing_tablet":0,"ocean_menu_typo_spacing_mobile":0,"ocean_menu_typo_spacing_unit":"","ocean_menu_link_color":"","ocean_menu_link_color_hover":"","ocean_menu_link_color_active":"","ocean_menu_link_background":"","ocean_menu_link_hover_background":"","ocean_menu_link_active_background":"","ocean_menu_social_links_bg":"","ocean_menu_social_hover_links_bg":"","ocean_menu_social_links_color":"","ocean_menu_social_hover_links_color":"","ocean_disable_title":"default","ocean_disable_heading":"default","ocean_post_title":"","ocean_post_subheading":"","ocean_post_title_style":"","ocean_post_title_background_color":"","ocean_post_title_background":0,"ocean_post_title_bg_image_position":"","ocean_post_title_bg_image_attachment":"","ocean_post_title_bg_image_repeat":"","ocean_post_title_bg_image_size":"","ocean_post_title_height":0,"ocean_post_title_bg_overlay":0.5,"ocean_post_title_bg_overlay_color":"","ocean_disable_breadcrumbs":"default","ocean_breadcrumbs_color":"","ocean_breadcrumbs_separator_color":"","ocean_breadcrumbs_links_color":"","ocean_breadcrumbs_links_hover_color":"","ocean_display_footer_widgets":"default","ocean_display_footer_bottom":"default","ocean_custom_footer_template":"","ocean_post_oembed":"","ocean_post_self_hosted_media":"","ocean_post_video_embed":"","ocean_link_format":"","ocean_link_format_target":"self","ocean_quote_format":"","ocean_quote_format_link":"post","ocean_gallery_link_images":"on","ocean_gallery_id":[]},"categories":[1],"tags":[],"acf":[],"_links":{"self":[{"href":"https:\/\/www.simepe.com.br\/novo\/wp-json\/wp\/v2\/posts\/56931"}],"collection":[{"href":"https:\/\/www.simepe.com.br\/novo\/wp-json\/wp\/v2\/posts"}],"about":[{"href":"https:\/\/www.simepe.com.br\/novo\/wp-json\/wp\/v2\/types\/post"}],"author":[{"embeddable":true,"href":"https:\/\/www.simepe.com.br\/novo\/wp-json\/wp\/v2\/users\/1"}],"replies":[{"embeddable":true,"href":"https:\/\/www.simepe.com.br\/novo\/wp-json\/wp\/v2\/comments?post=56931"}],"version-history":[{"count":1,"href":"https:\/\/www.simepe.com.br\/novo\/wp-json\/wp\/v2\/posts\/56931\/revisions"}],"predecessor-version":[{"id":56933,"href":"https:\/\/www.simepe.com.br\/novo\/wp-json\/wp\/v2\/posts\/56931\/revisions\/56933"}],"wp:featuredmedia":[{"embeddable":true,"href":"https:\/\/www.simepe.com.br\/novo\/wp-json\/wp\/v2\/media\/56932"}],"wp:attachment":[{"href":"https:\/\/www.simepe.com.br\/novo\/wp-json\/wp\/v2\/media?parent=56931"}],"wp:term":[{"taxonomy":"category","embeddable":true,"href":"https:\/\/www.simepe.com.br\/novo\/wp-json\/wp\/v2\/categories?post=56931"},{"taxonomy":"post_tag","embeddable":true,"href":"https:\/\/www.simepe.com.br\/novo\/wp-json\/wp\/v2\/tags?post=56931"}],"curies":[{"name":"wp","href":"https:\/\/api.w.org\/{rel}","templated":true}]}}