{"id":56935,"date":"2021-01-14T11:25:11","date_gmt":"2021-01-14T14:25:11","guid":{"rendered":"https:\/\/www.simepe.com.br\/novo\/?p=56935"},"modified":"2021-01-14T11:25:11","modified_gmt":"2021-01-14T14:25:11","slug":"ministerio-diz-que-pernambuco-nao-tem-seringas-para-vacinar-grupo-prioritario-estado-nega","status":"publish","type":"post","link":"https:\/\/www.simepe.com.br\/novo\/ministerio-diz-que-pernambuco-nao-tem-seringas-para-vacinar-grupo-prioritario-estado-nega\/","title":{"rendered":"Minist\u00e9rio diz que Pernambuco n\u00e3o tem seringas para vacinar grupo priorit\u00e1rio; Estado nega"},"content":{"rendered":"<p>Em documento assinado pelo ministro Eduardo Pazuello e encaminhado ao Supremo Tribunal Federal (STF), o Minist\u00e9rio da Sa\u00fade informou que Pernambuco e outros seis estados n\u00e3o t\u00eam estoque suficiente de seringas e agulhas para o in\u00edcio da campanha de vacina\u00e7\u00e3o contra a Covid-19.<\/p>\n<p>O of\u00edcio foi protocolado nessa quarta-feira (13) e cita Acre, Bahia, Esp\u00edrito Santo, Mato Grosso do Sul, Para\u00edba e Santa Catarina, al\u00e9m de Pernambuco. A informa\u00e7\u00e3o de falta dos insumos dita pelo Governo Federal, no entanto, \u00e9 contestada pelo Governo de Pernambuco.<\/p>\n<p>Em nota enviada \u00e0 reportagem, a Secretaria Estadual de Sa\u00fade (SES-PE) alegou que o quantitativo de seringas e agulhas do Estado \u00e9 &#8220;mais do que suficiente para a imuniza\u00e7\u00e3o dos grupos priorit\u00e1rios&#8221; &#8211; trabalhadores da sa\u00fade, idosos e moradores de terras ind\u00edgenas.<\/p>\n<p>&#8220;Apesar de o fornecimento do imunizante e dos insumos para aplica\u00e7\u00e3o serem de responsabilidade do Governo Federal, o Governo de Pernambuco antecipou a compra de seringas e disp\u00f5e de 3,9 milh\u00f5es de unidades em estoque&#8221;, diz o texto do comunicado da SES-PE.<\/p>\n<p>O Estado ainda ressalta que vai receber mais 2,8 milh\u00f5es de seringas at\u00e9 o fim de janeiro e outras 7,5 milh\u00f5es j\u00e1 foram adquiridas e devem chegar at\u00e9 o fim de fevereiro, totalizando 14,2 milh\u00f5es de unidades.<\/p>\n<p>Pernambuco tem, atualmente, segundo o Governo do Estado, 1.537.126 seringas e agulhas aptas para vacinar os grupos priorit\u00e1rios na primeira fase da campanha, que deve come\u00e7ar na pr\u00f3xima semana. Os insumos come\u00e7aram a ser repassados pelo Programa Estadual de Imuniza\u00e7\u00e3o (PNI-PE) \u00e0s 12 Ger\u00eancias Regionais de Sa\u00fade (Geres) na ter\u00e7a-feira (12). A entrega deve ser finalizada nesta sexta-feira (15).<\/p>\n<p>De acordo com o documento do minist\u00e9rio, caso todas as vacinas adquiridas ficassem dispon\u00edveis at\u00e9 o fim de janeiro, os estados citados com estoques insuficientes poderiam ter dificuldades para efetivar a aplica\u00e7\u00e3o das doses nos grupos priorit\u00e1rios.<\/p>\n<p>O Minist\u00e9rio da Sa\u00fade diz que a responsabilidade pela compra dos insumos \u00e9 de cada estado e que n\u00e3o h\u00e1 estoque suficiente para a campanha de vacina\u00e7\u00e3o por parte da pasta.<\/p>\n<p>&#8220;Via de regra, as aquisi\u00e7\u00f5es [de seringas e agulhas] s\u00e3o realizadas pelos pr\u00f3prios entes federados, cabendo \u00e0 Uni\u00e3o o fornecimento dos imunobiol\u00f3gicos necess\u00e1rios para a imuniza\u00e7\u00e3o&#8221;, informou o Minist\u00e9rio da Sa\u00fade.<\/p>\n<p>O documento cita que Pernambuco informou ao minist\u00e9rio um total de 1.244.132 seringas e agulhas em estoque. A tabela divulgada pelo Minist\u00e9rio da Sa\u00fade mostra o total por p\u00fablico-alvo dos grupos priorit\u00e1rios iniciais da campanha, mas usa dados desatualizados, solicitados aos estados no fim de novembro.<\/p>\n<p>O minist\u00e9rio informou que h\u00e1 109 milh\u00f5es de pessoas nos grupos priorit\u00e1rios no Pa\u00eds. Uma vez que as vacinas necessitam de duas doses, seriam necess\u00e1rias 218 milh\u00f5es de seringas e agulhas para imunizar este grupo.<\/p>\n<p>&#8220;Estima-se que h\u00e1 nos estados mais de 52 milh\u00f5es de seringas e agulhas aptas para a realiza\u00e7\u00e3o da vacina\u00e7\u00e3o, enquanto a estrat\u00e9gia para os grupos listados estima quase 30 milh\u00f5es de doses para os esquema vacinal completo de duas doses&#8221;, informa o minist\u00e9rio.<\/p>\n<p>O Minist\u00e9rio acrescenta que S\u00e3o Paulo, que ter\u00e1 campanha de vacina\u00e7\u00e3o estadual pr\u00f3pria, n\u00e3o informou o estoque e n\u00e3o usa o sistema federal para os insumos.<\/p>\n<p>Na semana passada, o governador de Pernambuco, Paulo C\u00e2mara, anunciou que o Estado tinha seringas e agulhas em quantidade suficiente para aplicar a primeira dose nos p\u00fablicos priorit\u00e1rios nas duas primeiras fases de vacina\u00e7\u00e3o.<\/p>\n<p>\u201cT\u00e3o logo as vacinas cheguem, j\u00e1 estamos preparados, com cronogramas definidos de recebimento de novas seringas, para que, assim que haja disponibiliza\u00e7\u00e3o da vacina, n\u00e3o falte esse insumo fundamental. Vamos avan\u00e7ar e dar condi\u00e7\u00f5es a todas as pessoas em Pernambuco de serem imunizadas contra o novo coronav\u00edrus\u201d, afirmou Paulo C\u00e2mara na ocasi\u00e3o.<\/p>\n<p>Na primeira fase da campanha ser\u00e3o imunizados trabalhadores de sa\u00fade, popula\u00e7\u00e3o ind\u00edgena aldeada, idosos a partir dos 75 anos e idosos a partir de 60 anos internados em abrigos e institui\u00e7\u00f5es, totalizando mais de 627 mil pessoas em Pernambuco. J\u00e1 na segunda fase, com p\u00fablico superior a 910 mil, ser\u00e3o beneficiados os idosos entre 60 e 74 anos.<\/p>\n<p>O Minist\u00e9rio da Sa\u00fade ressalta que, como as vacinas chegar\u00e3o ao Pa\u00eds e aos estados de forma gradual dos diversos laborat\u00f3rios fornecedores, n\u00e3o haveria necessidade imediata da totalidade dos insumos. A campanha deve come\u00e7ar na pr\u00f3xima semana.<\/p>\n<p>&#8220;Com os recentes acordos realizados, estima-se receber 10,7 milh\u00f5es de doses em janeiro deste ano e 9,3 milh\u00f5es de doses em fevereiro&#8221;, diz o Minist\u00e9rio da Sa\u00fade.<\/p>\n<p>O minist\u00e9rio ainda destacou a\u00e7\u00f5es para a aquisi\u00e7\u00e3o de mais seringas, como 7 milh\u00f5es adquiridas em um preg\u00e3o, o aumento do quantitativo a ser adquirido pela Organiza\u00e7\u00e3o Pan-americana de Sa\u00fade (Opas) de 40 milh\u00f5es para 190 milh\u00f5es e a reedi\u00e7\u00e3o dos processos de licita\u00e7\u00e3o que ser\u00e1 publicado novamente com 290 milh\u00f5es de unidades.<\/p>\n<p>O STF, atrav\u00e9s do ministro Ricardo Lewandowski, havia pedido, na \u00faltima quinta-feira (7), para que Pazuello informasse sobre os insumos necess\u00e1rios para a vacina\u00e7\u00e3o contra a Covid-19. O prazo dado pela Corte \u00e0 pasta foi de cinco dias.<\/p>\n<p>O pedido do STF foi feito ap\u00f3s alega\u00e7\u00e3o da Rede Sustentabilidade que o Governo Federal estaria \u201clan\u00e7ando obst\u00e1culos ao adequado emprego das vacinas que devem ser adquiridas\u201d.<\/p>\n<p>Fonte: Folha de Pernambuco<\/p>\n","protected":false},"excerpt":{"rendered":"<p>Em documento assinado pelo ministro Eduardo Pazuello e encaminhado ao Supremo Tribunal Federal (STF), o Minist\u00e9rio da Sa\u00fade informou que Pernambuco e outros seis estados n\u00e3o t\u00eam estoque suficiente de seringas e agulhas para o in\u00edcio da campanha de vacina\u00e7\u00e3o contra a Covid-19. O of\u00edcio foi protocolado nessa quarta-feira (13) e cita Acre, Bahia, Esp\u00edrito [&hellip;]<\/p>\n","protected":false},"author":1,"featured_media":0,"comment_status":"open","ping_status":"open","sticky":false,"template":"","format":"standard","meta":{"ocean_post_layout":"","ocean_both_sidebars_style":"","ocean_both_sidebars_content_width":0,"ocean_both_sidebars_sidebars_width":0,"ocean_sidebar":"","ocean_second_sidebar":"","ocean_disable_margins":"enable","ocean_add_body_class":"","ocean_shortcode_before_top_bar":"","ocean_shortcode_after_top_bar":"","ocean_shortcode_before_header":"","ocean_shortcode_after_header":"","ocean_has_shortcode":"","ocean_shortcode_after_title":"","ocean_shortcode_before_footer_widgets":"","ocean_shortcode_after_footer_widgets":"","ocean_shortcode_before_footer_bottom":"","ocean_shortcode_after_footer_bottom":"","ocean_display_top_bar":"default","ocean_display_header":"default","ocean_header_style":"","ocean_center_header_left_menu":"","ocean_custom_header_template":"","ocean_custom_logo":0,"ocean_custom_retina_logo":0,"ocean_custom_logo_max_width":0,"ocean_custom_logo_tablet_max_width":0,"ocean_custom_logo_mobile_max_width":0,"ocean_custom_logo_max_height":0,"ocean_custom_logo_tablet_max_height":0,"ocean_custom_logo_mobile_max_height":0,"ocean_header_custom_menu":"","ocean_menu_typo_font_family":"","ocean_menu_typo_font_subset":"","ocean_menu_typo_font_size":0,"ocean_menu_typo_font_size_tablet":0,"ocean_menu_typo_font_size_mobile":0,"ocean_menu_typo_font_size_unit":"px","ocean_menu_typo_font_weight":"","ocean_menu_typo_font_weight_tablet":"","ocean_menu_typo_font_weight_mobile":"","ocean_menu_typo_transform":"","ocean_menu_typo_transform_tablet":"","ocean_menu_typo_transform_mobile":"","ocean_menu_typo_line_height":0,"ocean_menu_typo_line_height_tablet":0,"ocean_menu_typo_line_height_mobile":0,"ocean_menu_typo_line_height_unit":"","ocean_menu_typo_spacing":0,"ocean_menu_typo_spacing_tablet":0,"ocean_menu_typo_spacing_mobile":0,"ocean_menu_typo_spacing_unit":"","ocean_menu_link_color":"","ocean_menu_link_color_hover":"","ocean_menu_link_color_active":"","ocean_menu_link_background":"","ocean_menu_link_hover_background":"","ocean_menu_link_active_background":"","ocean_menu_social_links_bg":"","ocean_menu_social_hover_links_bg":"","ocean_menu_social_links_color":"","ocean_menu_social_hover_links_color":"","ocean_disable_title":"default","ocean_disable_heading":"default","ocean_post_title":"","ocean_post_subheading":"","ocean_post_title_style":"","ocean_post_title_background_color":"","ocean_post_title_background":0,"ocean_post_title_bg_image_position":"","ocean_post_title_bg_image_attachment":"","ocean_post_title_bg_image_repeat":"","ocean_post_title_bg_image_size":"","ocean_post_title_height":0,"ocean_post_title_bg_overlay":0.5,"ocean_post_title_bg_overlay_color":"","ocean_disable_breadcrumbs":"default","ocean_breadcrumbs_color":"","ocean_breadcrumbs_separator_color":"","ocean_breadcrumbs_links_color":"","ocean_breadcrumbs_links_hover_color":"","ocean_display_footer_widgets":"default","ocean_display_footer_bottom":"default","ocean_custom_footer_template":"","ocean_post_oembed":"","ocean_post_self_hosted_media":"","ocean_post_video_embed":"","ocean_link_format":"","ocean_link_format_target":"self","ocean_quote_format":"","ocean_quote_format_link":"post","ocean_gallery_link_images":"on","ocean_gallery_id":[]},"categories":[9],"tags":[1420,1490,82],"acf":[],"_links":{"self":[{"href":"https:\/\/www.simepe.com.br\/novo\/wp-json\/wp\/v2\/posts\/56935"}],"collection":[{"href":"https:\/\/www.simepe.com.br\/novo\/wp-json\/wp\/v2\/posts"}],"about":[{"href":"https:\/\/www.simepe.com.br\/novo\/wp-json\/wp\/v2\/types\/post"}],"author":[{"embeddable":true,"href":"https:\/\/www.simepe.com.br\/novo\/wp-json\/wp\/v2\/users\/1"}],"replies":[{"embeddable":true,"href":"https:\/\/www.simepe.com.br\/novo\/wp-json\/wp\/v2\/comments?post=56935"}],"version-history":[{"count":1,"href":"https:\/\/www.simepe.com.br\/novo\/wp-json\/wp\/v2\/posts\/56935\/revisions"}],"predecessor-version":[{"id":56938,"href":"https:\/\/www.simepe.com.br\/novo\/wp-json\/wp\/v2\/posts\/56935\/revisions\/56938"}],"wp:attachment":[{"href":"https:\/\/www.simepe.com.br\/novo\/wp-json\/wp\/v2\/media?parent=56935"}],"wp:term":[{"taxonomy":"category","embeddable":true,"href":"https:\/\/www.simepe.com.br\/novo\/wp-json\/wp\/v2\/categories?post=56935"},{"taxonomy":"post_tag","embeddable":true,"href":"https:\/\/www.simepe.com.br\/novo\/wp-json\/wp\/v2\/tags?post=56935"}],"curies":[{"name":"wp","href":"https:\/\/api.w.org\/{rel}","templated":true}]}}